{"id":888,"date":"2019-04-01T12:42:22","date_gmt":"2019-04-01T12:42:22","guid":{"rendered":"https:\/\/telepolice.be\/index.php\/2019\/04\/01\/2006-tele-police-veillera-sur-charleroi\/"},"modified":"2019-04-18T11:30:45","modified_gmt":"2019-04-18T09:30:45","slug":"2006-tele-police-veillera-sur-charleroi","status":"publish","type":"post","link":"https:\/\/telepolice.be\/index.php\/2019\/04\/01\/2006-tele-police-veillera-sur-charleroi\/","title":{"rendered":"2006 : T\u00e9l\u00e9 Police veillera sur Charleroi"},"content":{"rendered":"<p><strong>Le bourgmestre de Charleroi, a pr\u00e9sent\u00e9 vendredi un syst\u00e8me appel\u00e9 \u00ab\u00a0T\u00e9l\u00e9 Police\u00a0\u00bb destin\u00e9 \u00e0 renforcer la s\u00e9curit\u00e9 dans les petits commerces, particuli\u00e8rement vis\u00e9s par les attaques \u00e0 main arm\u00e9e ces derni\u00e8res<br \/>\nsemaines dans la r\u00e9gion.<\/strong><\/p>\n<p>En cas d&rsquo;agression, il permettra aux commer\u00e7ants d&rsquo;entrer directement en communication<br \/>\navec la police local, via une t\u00e9l\u00e9commande qui d\u00e9clenchera un appel au dispatching des<br \/>\nservices de police.<\/p>\n<p>Le commer\u00e7ant disposera d&rsquo;un \u00e9metteur principal reli\u00e9 \u00e0 une ligne<br \/>\nt\u00e9l\u00e9phonique. Cet \u00e9metteur est d\u00e9clench\u00e9 au moyen d&rsquo;un bouton poussoir. Du c\u00f4t\u00e9 de la<br \/>\npolice, une mini-centrale reli\u00e9e \u00e0 une ligne t\u00e9l\u00e9phonique sera sp\u00e9cialement destin\u00e9e \u00e0<br \/>\nrecevoir les appelles.<\/p>\n<p>Le syst\u00e8me ne devra \u00eatre utilis\u00e9 que dans une situation de danger, comme l&rsquo;est<br \/>\nhabituellement en pareil cas le num\u00e9ro de t\u00e9l\u00e9phone 101 de \u00ab\u00a0Police Secours\u00a0\u00bb. En cas de<br \/>\nvol avec violence, de racket ou de toute autre forme d&rsquo;agression, le commer\u00e7ant appuie sur<br \/>\nle bouton SOS de sa t\u00e9l\u00e9commande qui fonctionne dans un rayon de plus ou moins<br \/>\ncinquante m\u00e8tres de l&rsquo;\u00e9metteur pendant plus d&rsquo;une seconde, ou sur le bouton central de cet<br \/>\n\u00e9metteur fixe.<\/p>\n<p>Ce geste d\u00e9clenchera automatiquement l&rsquo;alarme sur le r\u00e9cepteur principal install\u00e9 dans le<br \/>\ndispatching des services de police. Le num\u00e9ro de l&rsquo;appareil du commer\u00e7ant s&rsquo;affichera<br \/>\nalors sur l&rsquo;\u00e9cran et les donn\u00e9es relatives \u00e0 ce commer\u00e7ant seront alors fournies \u00e0 la police<br \/>\nafin de lui permettre d&rsquo;intervenir aussit\u00f4t. Au centre de secours, une \u00e9coute silencieuse<br \/>\nsera ainsi faite durant cette demande de secours.<\/p>\n<p>Si l&rsquo;alarme se d\u00e9clenche pour toute autre raison technique, c&rsquo;est la soci\u00e9t\u00e9 installatrice qui<br \/>\nest alert\u00e9e. C&rsquo;est le cas si le syst\u00e8me de gestion d\u00e9tecte une coupure dans l&rsquo;alimentation<br \/>\n\u00e9lectrique, m\u00eame si, dans ce cas, le syst\u00e8me est encore fonctionnel pendant 24 heures.<\/p>\n<p>C&rsquo;est \u00e9galement le cas dans l&rsquo;hypoth\u00e8se ou la batterie du bouton poussoir doit \u00eatre<br \/>\nchang\u00e9e, Pour veiller au bon fonctionnement de l&rsquo;ensemble du syst\u00e8me chez le<br \/>\ncommer\u00e7ant, un test automatique sera r\u00e9alis\u00e9 sans intervention humaine tous les sept<br \/>\njours.<\/p>\n<p>Le co\u00fbt du syst\u00e8me, pour le commer\u00e7ant, comprendra une caution\u00a0 pour<br \/>\nl&rsquo;appareil et 75 euros de frais administratifs et de raccordement, qui ne devront \u00eatre pay\u00e9s<br \/>\nqu&rsquo;une seule fois, lors de l&rsquo;installation. Une redevance mensuelle de 29,90 euros sera<br \/>\n\u00e9galement r\u00e9clam\u00e9e mais, a pr\u00e9cis\u00e9 le bourgmestre, ces frais peuvent \u00eatre d\u00e9duits<br \/>\nfiscalement.<\/p>\n<p>Dans un premier temps, ce syst\u00e8me \u00ab\u00a0T\u00e9l\u00e9-Police\u00a0\u00bb sera propos\u00e9 \u00e0 tous les commer\u00e7ants et<br \/>\nstations essences, ce qui repr\u00e9sente pr\u00e8s de 2.500 b\u00e9n\u00e9ficiaires. Par la suite, il pourra \u00eatre<br \/>\n\u00e9tendu vers certaines professions lib\u00e9rales telles que les m\u00e9decins ou les pharmaciens.<\/p>\n<p>La soci\u00e9t\u00e9 aura install\u00e9 la mini-centrale de r\u00e9ception dans les services de police pour le 15<br \/>\nmars. Entre-temps, un courrier sera adress\u00e9 aux commer\u00e7ants et aux gestionnaires des<br \/>\nstations essences en leur proposant la possibilit\u00e9 du raccordement. Les premiers<br \/>\nraccordements seront donc r\u00e9alis\u00e9s pour la fin mars.<br \/>\n(avec Belga)<\/p>\n","protected":false},"excerpt":{"rendered":"<p>Le bourgmestre de Charleroi, a pr\u00e9sent\u00e9 vendredi un syst\u00e8me appel\u00e9 \u00ab\u00a0T\u00e9l\u00e9 Police\u00a0\u00bb destin\u00e9 \u00e0 renforcer la s\u00e9curit\u00e9 dans les petits commerces, particuli\u00e8rement vis\u00e9s par les attaques \u00e0 main arm\u00e9e ces derni\u00e8res semaines dans la r\u00e9gion. En cas d&rsquo;agression, il permettra aux commer\u00e7ants d&rsquo;entrer directement en communication avec la police local, via une t\u00e9l\u00e9commande qui d\u00e9clenchera&hellip; <br \/> <a class=\"read-more\" href=\"https:\/\/telepolice.be\/index.php\/2019\/04\/01\/2006-tele-police-veillera-sur-charleroi\/\">Lire la suite<\/a><\/p>\n","protected":false},"author":1,"featured_media":0,"comment_status":"open","ping_status":"closed","sticky":false,"template":"","format":"standard","meta":{"footnotes":""},"categories":[6],"tags":[],"class_list":["post-888","post","type-post","status-publish","format-standard","hentry","category-revue-de-presse"],"yoast_head":"<!-- This site is optimized with the Yoast SEO plugin v27.5 - https:\/\/yoast.com\/product\/yoast-seo-wordpress\/ -->\n<title>2006 : T\u00e9l\u00e9 Police veillera sur Charleroi - TELEPOLICE<\/title>\n<meta name=\"robots\" content=\"index, follow, max-snippet:-1, max-image-preview:large, max-video-preview:-1\" \/>\n<link rel=\"canonical\" href=\"https:\/\/telepolice.be\/index.php\/2019\/04\/01\/2006-tele-police-veillera-sur-charleroi\/\" \/>\n<meta property=\"og:locale\" content=\"fr_FR\" \/>\n<meta property=\"og:type\" content=\"article\" \/>\n<meta property=\"og:title\" content=\"2006 : T\u00e9l\u00e9 Police veillera sur Charleroi - TELEPOLICE\" \/>\n<meta property=\"og:description\" content=\"Le bourgmestre de Charleroi, a pr\u00e9sent\u00e9 vendredi un syst\u00e8me appel\u00e9 \u00ab\u00a0T\u00e9l\u00e9 Police\u00a0\u00bb destin\u00e9 \u00e0 renforcer la s\u00e9curit\u00e9 dans les petits commerces, particuli\u00e8rement vis\u00e9s par les attaques \u00e0 main arm\u00e9e ces derni\u00e8res semaines dans la r\u00e9gion. En cas d&rsquo;agression, il permettra aux commer\u00e7ants d&rsquo;entrer directement en communication avec la police local, via une t\u00e9l\u00e9commande qui d\u00e9clenchera&hellip; Lire la suite\" \/>\n<meta property=\"og:url\" content=\"https:\/\/telepolice.be\/index.php\/2019\/04\/01\/2006-tele-police-veillera-sur-charleroi\/\" \/>\n<meta property=\"og:site_name\" content=\"TELEPOLICE\" \/>\n<meta property=\"article:published_time\" content=\"2019-04-01T12:42:22+00:00\" \/>\n<meta property=\"article:modified_time\" content=\"2019-04-18T09:30:45+00:00\" \/>\n<meta name=\"author\" content=\"admin\" \/>\n<meta name=\"twitter:card\" content=\"summary_large_image\" \/>\n<meta name=\"twitter:label1\" content=\"\u00c9crit par\" \/>\n\t<meta name=\"twitter:data1\" content=\"admin\" \/>\n\t<meta name=\"twitter:label2\" content=\"Dur\u00e9e de lecture estim\u00e9e\" \/>\n\t<meta name=\"twitter:data2\" content=\"3 minutes\" \/>\n<script type=\"application\/ld+json\" class=\"yoast-schema-graph\">{\"@context\":\"https:\\\/\\\/schema.org\",\"@graph\":[{\"@type\":\"Article\",\"@id\":\"https:\\\/\\\/telepolice.be\\\/index.php\\\/2019\\\/04\\\/01\\\/2006-tele-police-veillera-sur-charleroi\\\/#article\",\"isPartOf\":{\"@id\":\"https:\\\/\\\/telepolice.be\\\/index.php\\\/2019\\\/04\\\/01\\\/2006-tele-police-veillera-sur-charleroi\\\/\"},\"author\":{\"name\":\"admin\",\"@id\":\"https:\\\/\\\/telepolice.be\\\/#\\\/schema\\\/person\\\/ca479b77454640f8f918dd017bd028bf\"},\"headline\":\"2006 : T\u00e9l\u00e9 Police veillera sur Charleroi\",\"datePublished\":\"2019-04-01T12:42:22+00:00\",\"dateModified\":\"2019-04-18T09:30:45+00:00\",\"mainEntityOfPage\":{\"@id\":\"https:\\\/\\\/telepolice.be\\\/index.php\\\/2019\\\/04\\\/01\\\/2006-tele-police-veillera-sur-charleroi\\\/\"},\"wordCount\":551,\"commentCount\":0,\"publisher\":{\"@id\":\"https:\\\/\\\/telepolice.be\\\/#organization\"},\"articleSection\":[\"Revue De Presse\"],\"inLanguage\":\"fr-FR\",\"potentialAction\":[{\"@type\":\"CommentAction\",\"name\":\"Comment\",\"target\":[\"https:\\\/\\\/telepolice.be\\\/index.php\\\/2019\\\/04\\\/01\\\/2006-tele-police-veillera-sur-charleroi\\\/#respond\"]}]},{\"@type\":\"WebPage\",\"@id\":\"https:\\\/\\\/telepolice.be\\\/index.php\\\/2019\\\/04\\\/01\\\/2006-tele-police-veillera-sur-charleroi\\\/\",\"url\":\"https:\\\/\\\/telepolice.be\\\/index.php\\\/2019\\\/04\\\/01\\\/2006-tele-police-veillera-sur-charleroi\\\/\",\"name\":\"2006 : T\u00e9l\u00e9 Police veillera sur Charleroi - TELEPOLICE\",\"isPartOf\":{\"@id\":\"https:\\\/\\\/telepolice.be\\\/#website\"},\"datePublished\":\"2019-04-01T12:42:22+00:00\",\"dateModified\":\"2019-04-18T09:30:45+00:00\",\"breadcrumb\":{\"@id\":\"https:\\\/\\\/telepolice.be\\\/index.php\\\/2019\\\/04\\\/01\\\/2006-tele-police-veillera-sur-charleroi\\\/#breadcrumb\"},\"inLanguage\":\"fr-FR\",\"potentialAction\":[{\"@type\":\"ReadAction\",\"target\":[\"https:\\\/\\\/telepolice.be\\\/index.php\\\/2019\\\/04\\\/01\\\/2006-tele-police-veillera-sur-charleroi\\\/\"]}]},{\"@type\":\"BreadcrumbList\",\"@id\":\"https:\\\/\\\/telepolice.be\\\/index.php\\\/2019\\\/04\\\/01\\\/2006-tele-police-veillera-sur-charleroi\\\/#breadcrumb\",\"itemListElement\":[{\"@type\":\"ListItem\",\"position\":1,\"name\":\"Accueil\",\"item\":\"https:\\\/\\\/telepolice.be\\\/\"},{\"@type\":\"ListItem\",\"position\":2,\"name\":\"2006 : T\u00e9l\u00e9 Police veillera sur Charleroi\"}]},{\"@type\":\"WebSite\",\"@id\":\"https:\\\/\\\/telepolice.be\\\/#website\",\"url\":\"https:\\\/\\\/telepolice.be\\\/\",\"name\":\"TELEPOLICE\",\"description\":\"Prot\u00e9gez votre entreprise\",\"publisher\":{\"@id\":\"https:\\\/\\\/telepolice.be\\\/#organization\"},\"potentialAction\":[{\"@type\":\"SearchAction\",\"target\":{\"@type\":\"EntryPoint\",\"urlTemplate\":\"https:\\\/\\\/telepolice.be\\\/?s={search_term_string}\"},\"query-input\":{\"@type\":\"PropertyValueSpecification\",\"valueRequired\":true,\"valueName\":\"search_term_string\"}}],\"inLanguage\":\"fr-FR\"},{\"@type\":\"Organization\",\"@id\":\"https:\\\/\\\/telepolice.be\\\/#organization\",\"name\":\"TELE POLICE\",\"url\":\"https:\\\/\\\/telepolice.be\\\/\",\"logo\":{\"@type\":\"ImageObject\",\"inLanguage\":\"fr-FR\",\"@id\":\"https:\\\/\\\/telepolice.be\\\/#\\\/schema\\\/logo\\\/image\\\/\",\"url\":\"https:\\\/\\\/telepolice.be\\\/wp-content\\\/uploads\\\/2019\\\/04\\\/cropped-logotelepolice-3.png\",\"contentUrl\":\"https:\\\/\\\/telepolice.be\\\/wp-content\\\/uploads\\\/2019\\\/04\\\/cropped-logotelepolice-3.png\",\"width\":408,\"height\":65,\"caption\":\"TELE POLICE\"},\"image\":{\"@id\":\"https:\\\/\\\/telepolice.be\\\/#\\\/schema\\\/logo\\\/image\\\/\"}},{\"@type\":\"Person\",\"@id\":\"https:\\\/\\\/telepolice.be\\\/#\\\/schema\\\/person\\\/ca479b77454640f8f918dd017bd028bf\",\"name\":\"admin\",\"image\":{\"@type\":\"ImageObject\",\"inLanguage\":\"fr-FR\",\"@id\":\"https:\\\/\\\/secure.gravatar.com\\\/avatar\\\/dd9167fd60efcd6c24559ffa4f391e918347b9cf398a5593e29d658b4ae5d443?s=96&d=mm&r=g\",\"url\":\"https:\\\/\\\/secure.gravatar.com\\\/avatar\\\/dd9167fd60efcd6c24559ffa4f391e918347b9cf398a5593e29d658b4ae5d443?s=96&d=mm&r=g\",\"contentUrl\":\"https:\\\/\\\/secure.gravatar.com\\\/avatar\\\/dd9167fd60efcd6c24559ffa4f391e918347b9cf398a5593e29d658b4ae5d443?s=96&d=mm&r=g\",\"caption\":\"admin\"},\"url\":\"https:\\\/\\\/telepolice.be\\\/index.php\\\/author\\\/web_telepolice\\\/\"}]}<\/script>\n<!-- \/ Yoast SEO plugin. -->","yoast_head_json":{"title":"2006 : T\u00e9l\u00e9 Police veillera sur Charleroi - TELEPOLICE","robots":{"index":"index","follow":"follow","max-snippet":"max-snippet:-1","max-image-preview":"max-image-preview:large","max-video-preview":"max-video-preview:-1"},"canonical":"https:\/\/telepolice.be\/index.php\/2019\/04\/01\/2006-tele-police-veillera-sur-charleroi\/","og_locale":"fr_FR","og_type":"article","og_title":"2006 : T\u00e9l\u00e9 Police veillera sur Charleroi - TELEPOLICE","og_description":"Le bourgmestre de Charleroi, a pr\u00e9sent\u00e9 vendredi un syst\u00e8me appel\u00e9 \u00ab\u00a0T\u00e9l\u00e9 Police\u00a0\u00bb destin\u00e9 \u00e0 renforcer la s\u00e9curit\u00e9 dans les petits commerces, particuli\u00e8rement vis\u00e9s par les attaques \u00e0 main arm\u00e9e ces derni\u00e8res semaines dans la r\u00e9gion. En cas d&rsquo;agression, il permettra aux commer\u00e7ants d&rsquo;entrer directement en communication avec la police local, via une t\u00e9l\u00e9commande qui d\u00e9clenchera&hellip; Lire la suite","og_url":"https:\/\/telepolice.be\/index.php\/2019\/04\/01\/2006-tele-police-veillera-sur-charleroi\/","og_site_name":"TELEPOLICE","article_published_time":"2019-04-01T12:42:22+00:00","article_modified_time":"2019-04-18T09:30:45+00:00","author":"admin","twitter_card":"summary_large_image","twitter_misc":{"\u00c9crit par":"admin","Dur\u00e9e de lecture estim\u00e9e":"3 minutes"},"schema":{"@context":"https:\/\/schema.org","@graph":[{"@type":"Article","@id":"https:\/\/telepolice.be\/index.php\/2019\/04\/01\/2006-tele-police-veillera-sur-charleroi\/#article","isPartOf":{"@id":"https:\/\/telepolice.be\/index.php\/2019\/04\/01\/2006-tele-police-veillera-sur-charleroi\/"},"author":{"name":"admin","@id":"https:\/\/telepolice.be\/#\/schema\/person\/ca479b77454640f8f918dd017bd028bf"},"headline":"2006 : T\u00e9l\u00e9 Police veillera sur Charleroi","datePublished":"2019-04-01T12:42:22+00:00","dateModified":"2019-04-18T09:30:45+00:00","mainEntityOfPage":{"@id":"https:\/\/telepolice.be\/index.php\/2019\/04\/01\/2006-tele-police-veillera-sur-charleroi\/"},"wordCount":551,"commentCount":0,"publisher":{"@id":"https:\/\/telepolice.be\/#organization"},"articleSection":["Revue De Presse"],"inLanguage":"fr-FR","potentialAction":[{"@type":"CommentAction","name":"Comment","target":["https:\/\/telepolice.be\/index.php\/2019\/04\/01\/2006-tele-police-veillera-sur-charleroi\/#respond"]}]},{"@type":"WebPage","@id":"https:\/\/telepolice.be\/index.php\/2019\/04\/01\/2006-tele-police-veillera-sur-charleroi\/","url":"https:\/\/telepolice.be\/index.php\/2019\/04\/01\/2006-tele-police-veillera-sur-charleroi\/","name":"2006 : T\u00e9l\u00e9 Police veillera sur Charleroi - TELEPOLICE","isPartOf":{"@id":"https:\/\/telepolice.be\/#website"},"datePublished":"2019-04-01T12:42:22+00:00","dateModified":"2019-04-18T09:30:45+00:00","breadcrumb":{"@id":"https:\/\/telepolice.be\/index.php\/2019\/04\/01\/2006-tele-police-veillera-sur-charleroi\/#breadcrumb"},"inLanguage":"fr-FR","potentialAction":[{"@type":"ReadAction","target":["https:\/\/telepolice.be\/index.php\/2019\/04\/01\/2006-tele-police-veillera-sur-charleroi\/"]}]},{"@type":"BreadcrumbList","@id":"https:\/\/telepolice.be\/index.php\/2019\/04\/01\/2006-tele-police-veillera-sur-charleroi\/#breadcrumb","itemListElement":[{"@type":"ListItem","position":1,"name":"Accueil","item":"https:\/\/telepolice.be\/"},{"@type":"ListItem","position":2,"name":"2006 : T\u00e9l\u00e9 Police veillera sur Charleroi"}]},{"@type":"WebSite","@id":"https:\/\/telepolice.be\/#website","url":"https:\/\/telepolice.be\/","name":"TELEPOLICE","description":"Prot\u00e9gez votre entreprise","publisher":{"@id":"https:\/\/telepolice.be\/#organization"},"potentialAction":[{"@type":"SearchAction","target":{"@type":"EntryPoint","urlTemplate":"https:\/\/telepolice.be\/?s={search_term_string}"},"query-input":{"@type":"PropertyValueSpecification","valueRequired":true,"valueName":"search_term_string"}}],"inLanguage":"fr-FR"},{"@type":"Organization","@id":"https:\/\/telepolice.be\/#organization","name":"TELE POLICE","url":"https:\/\/telepolice.be\/","logo":{"@type":"ImageObject","inLanguage":"fr-FR","@id":"https:\/\/telepolice.be\/#\/schema\/logo\/image\/","url":"https:\/\/telepolice.be\/wp-content\/uploads\/2019\/04\/cropped-logotelepolice-3.png","contentUrl":"https:\/\/telepolice.be\/wp-content\/uploads\/2019\/04\/cropped-logotelepolice-3.png","width":408,"height":65,"caption":"TELE POLICE"},"image":{"@id":"https:\/\/telepolice.be\/#\/schema\/logo\/image\/"}},{"@type":"Person","@id":"https:\/\/telepolice.be\/#\/schema\/person\/ca479b77454640f8f918dd017bd028bf","name":"admin","image":{"@type":"ImageObject","inLanguage":"fr-FR","@id":"https:\/\/secure.gravatar.com\/avatar\/dd9167fd60efcd6c24559ffa4f391e918347b9cf398a5593e29d658b4ae5d443?s=96&d=mm&r=g","url":"https:\/\/secure.gravatar.com\/avatar\/dd9167fd60efcd6c24559ffa4f391e918347b9cf398a5593e29d658b4ae5d443?s=96&d=mm&r=g","contentUrl":"https:\/\/secure.gravatar.com\/avatar\/dd9167fd60efcd6c24559ffa4f391e918347b9cf398a5593e29d658b4ae5d443?s=96&d=mm&r=g","caption":"admin"},"url":"https:\/\/telepolice.be\/index.php\/author\/web_telepolice\/"}]}},"_links":{"self":[{"href":"https:\/\/telepolice.be\/index.php\/wp-json\/wp\/v2\/posts\/888","targetHints":{"allow":["GET"]}}],"collection":[{"href":"https:\/\/telepolice.be\/index.php\/wp-json\/wp\/v2\/posts"}],"about":[{"href":"https:\/\/telepolice.be\/index.php\/wp-json\/wp\/v2\/types\/post"}],"author":[{"embeddable":true,"href":"https:\/\/telepolice.be\/index.php\/wp-json\/wp\/v2\/users\/1"}],"replies":[{"embeddable":true,"href":"https:\/\/telepolice.be\/index.php\/wp-json\/wp\/v2\/comments?post=888"}],"version-history":[{"count":4,"href":"https:\/\/telepolice.be\/index.php\/wp-json\/wp\/v2\/posts\/888\/revisions"}],"predecessor-version":[{"id":919,"href":"https:\/\/telepolice.be\/index.php\/wp-json\/wp\/v2\/posts\/888\/revisions\/919"}],"wp:attachment":[{"href":"https:\/\/telepolice.be\/index.php\/wp-json\/wp\/v2\/media?parent=888"}],"wp:term":[{"taxonomy":"category","embeddable":true,"href":"https:\/\/telepolice.be\/index.php\/wp-json\/wp\/v2\/categories?post=888"},{"taxonomy":"post_tag","embeddable":true,"href":"https:\/\/telepolice.be\/index.php\/wp-json\/wp\/v2\/tags?post=888"}],"curies":[{"name":"wp","href":"https:\/\/api.w.org\/{rel}","templated":true}]}}