{"id":886,"date":"2019-04-01T12:42:21","date_gmt":"2019-04-01T12:42:21","guid":{"rendered":"https:\/\/telepolice.be\/index.php\/2019\/04\/01\/la-cite-des-bernardins-sous-loeil-de-big-brother\/"},"modified":"2019-04-13T18:59:48","modified_gmt":"2019-04-13T16:59:48","slug":"la-cite-des-bernardins-sous-loeil-de-big-brother","status":"publish","type":"post","link":"https:\/\/telepolice.be\/index.php\/2019\/04\/01\/la-cite-des-bernardins-sous-loeil-de-big-brother\/","title":{"rendered":"La cit\u00e9 des Bernardins sous l\u2019\u0153il de Big Brother"},"content":{"rendered":"<h4><img loading=\"lazy\" decoding=\"async\" class=\"alignleft wp-image-923 size-medium\" src=\"https:\/\/telepolice.be\/wp-content\/uploads\/2019\/04\/AVT_Le-Soir_3099-300x53.jpeg\" alt=\"\" width=\"300\" height=\"53\" srcset=\"https:\/\/telepolice.be\/wp-content\/uploads\/2019\/04\/AVT_Le-Soir_3099-300x53.jpeg 300w, https:\/\/telepolice.be\/wp-content\/uploads\/2019\/04\/AVT_Le-Soir_3099-600x106.jpeg 600w, https:\/\/telepolice.be\/wp-content\/uploads\/2019\/04\/AVT_Le-Soir_3099-768x136.jpeg 768w, https:\/\/telepolice.be\/wp-content\/uploads\/2019\/04\/AVT_Le-Soir_3099.jpeg 929w\" sizes=\"auto, (max-width: 300px) 100vw, 300px\" \/><em><span lang=\"FR-BE\">Fleurus 72 cam\u00e9ras de surveillance prochainement install\u00e9es dans la ville<\/span><\/em><\/h4>\n<p>La s\u00e9curit\u00e9 \u00e9tait une de ses priorit\u00e9s et Fleurus va en voir l\u2019application concr\u00e8te dans les mois \u00e0 venir. Avant juin 2010, septante-deux cam\u00e9ras de surveillance seront install\u00e9es dans l\u2019entit\u00e9, dont 37 dans le seul centre-ville. De quoi renforcer la tranquillit\u00e9 de l\u2019habitant dans des endroits pr\u00e9alablement rep\u00e9r\u00e9s par des \u00e9tudes de police. Les quartiers consid\u00e9r\u00e9s comme \u00e9tant le plus \u00ab \u00e0 risque \u00bb vont ainsi b\u00e9n\u00e9ficier d\u2019une couverture nouvelle.<\/p>\n<p>Il a quelques ann\u00e9es, Fleurus avait innov\u00e9, dans un domaine touchant lui aussi \u00e0 la s\u00e9curit\u00e9, et qui visait \u00e0 garantir davantage celle des petits commerces : c\u2019\u00e9tait le syst\u00e8me \u00ab T\u00e9l\u00e9police \u00bb, qui permet un appel imm\u00e9diat aux services d\u2019intervention, de mani\u00e8re discr\u00e8te, en cas de vol avec violences. <em>\u00ab Depuis que <\/em><strong>T\u00e9l\u00e9police<\/strong><em> existe, nous avons constat\u00e9 une r\u00e9duction de ce type d\u2019attaques \u00bb<\/em>, rel\u00e8ve avec satisfaction le bourgmestre Jean-Luc Borremans (PS).<\/p>\n<p>Pour lui, l\u2019implantation annonc\u00e9e des septante-deux cam\u00e9ras constitue une avanc\u00e9e suppl\u00e9mentaire sur le plan de la s\u00e9curit\u00e9, tant dans le centre-ville que dans les communes qui forment l\u2019entit\u00e9. Ont ainsi \u00e9t\u00e9 s\u00e9lectionn\u00e9s les abords du poste de police, la chauss\u00e9e de Charleroi et la place Albert Ier, ainsi que la gare. Les endroits de rassemblement tels que les \u00e9coles b\u00e9n\u00e9ficieront eux aussi de cette surveillance par cam\u00e9ras.<\/p>\n<p>Outre le Vieux Campinaire, les autres communes ne seront pas oubli\u00e9es, qu\u2019il s\u2019agisse de Wanferc\u00e9e-Baulet, de Lambusart, d\u2019Heppignies, de Wangenies ou de Wagnel\u00e9e.<\/p>\n<p>Pour les responsables de la police, c\u2019est une autre mani\u00e8re d\u2019agir, compl\u00e9mentaire de la seule pr\u00e9sence polici\u00e8re des patrouilles ou des combis, et qui vise le m\u00eame objectif : rassurer le citoyen, sans qu\u2019il soit cependant g\u00ean\u00e9 par une incursion permanente qui franchirait les limites de sa vie priv\u00e9e.<\/p>\n<p>Une \u00e9ch\u00e9ance est fix\u00e9e, qui permettra de voir ce syst\u00e8me compl\u00e8tement mis en place avant fin juin 2010. Encore faut-il en d\u00e9terminer le co\u00fbt pr\u00e9cis. Le conseil communal doit en examiner le principe \u00e0 l\u2019occasion de sa prochaine r\u00e9union, avant que l\u2019auteur de projets lance les soumissions indispensables. On devrait en conna\u00eetre le montant en septembre, et le calcul n\u2019est pas \u00e0 n\u00e9gliger : c\u2019est en effet enti\u00e8rement sur fonds propres, sans intervention du minist\u00e8re de l\u2019Int\u00e9rieur, que Fleurus veut se doter de ce qui doit \u00eatre un \u00ab plus \u00bb.<\/p>\n<p><a href=\"https:\/\/www.lesoir.be\/\"><em>lesoir.be<\/em><\/a><\/p>\n<p>&nbsp;<\/p>\n","protected":false},"excerpt":{"rendered":"<p>Fleurus 72 cam\u00e9ras de surveillance prochainement install\u00e9es dans la ville La s\u00e9curit\u00e9 \u00e9tait une de ses priorit\u00e9s et Fleurus va en voir l\u2019application concr\u00e8te dans les mois \u00e0 venir. Avant juin 2010, septante-deux cam\u00e9ras de surveillance seront install\u00e9es dans l\u2019entit\u00e9, dont 37 dans le seul centre-ville. De quoi renforcer la tranquillit\u00e9 de l\u2019habitant dans des&hellip; <br \/> <a class=\"read-more\" href=\"https:\/\/telepolice.be\/index.php\/2019\/04\/01\/la-cite-des-bernardins-sous-loeil-de-big-brother\/\">Lire la suite<\/a><\/p>\n","protected":false},"author":1,"featured_media":0,"comment_status":"open","ping_status":"closed","sticky":false,"template":"","format":"standard","meta":{"footnotes":""},"categories":[6],"tags":[],"class_list":["post-886","post","type-post","status-publish","format-standard","hentry","category-revue-de-presse"],"yoast_head":"<!-- This site is optimized with the Yoast SEO plugin v27.5 - https:\/\/yoast.com\/product\/yoast-seo-wordpress\/ -->\n<title>La cit\u00e9 des Bernardins sous l\u2019\u0153il de Big Brother - TELEPOLICE<\/title>\n<meta name=\"robots\" content=\"index, follow, max-snippet:-1, max-image-preview:large, max-video-preview:-1\" \/>\n<link rel=\"canonical\" href=\"https:\/\/telepolice.be\/index.php\/2019\/04\/01\/la-cite-des-bernardins-sous-loeil-de-big-brother\/\" \/>\n<meta property=\"og:locale\" content=\"fr_FR\" \/>\n<meta property=\"og:type\" content=\"article\" \/>\n<meta property=\"og:title\" content=\"La cit\u00e9 des Bernardins sous l\u2019\u0153il de Big Brother - TELEPOLICE\" \/>\n<meta property=\"og:description\" content=\"Fleurus 72 cam\u00e9ras de surveillance prochainement install\u00e9es dans la ville La s\u00e9curit\u00e9 \u00e9tait une de ses priorit\u00e9s et Fleurus va en voir l\u2019application concr\u00e8te dans les mois \u00e0 venir. Avant juin 2010, septante-deux cam\u00e9ras de surveillance seront install\u00e9es dans l\u2019entit\u00e9, dont 37 dans le seul centre-ville. De quoi renforcer la tranquillit\u00e9 de l\u2019habitant dans des&hellip; Lire la suite\" \/>\n<meta property=\"og:url\" content=\"https:\/\/telepolice.be\/index.php\/2019\/04\/01\/la-cite-des-bernardins-sous-loeil-de-big-brother\/\" \/>\n<meta property=\"og:site_name\" content=\"TELEPOLICE\" \/>\n<meta property=\"article:published_time\" content=\"2019-04-01T12:42:21+00:00\" \/>\n<meta property=\"article:modified_time\" content=\"2019-04-13T16:59:48+00:00\" \/>\n<meta property=\"og:image\" content=\"https:\/\/telepolice.be\/wp-content\/uploads\/2019\/04\/AVT_Le-Soir_3099-300x53.jpeg\" \/>\n<meta name=\"author\" content=\"admin\" \/>\n<meta name=\"twitter:card\" content=\"summary_large_image\" \/>\n<meta name=\"twitter:label1\" content=\"\u00c9crit par\" \/>\n\t<meta name=\"twitter:data1\" content=\"admin\" \/>\n\t<meta name=\"twitter:label2\" content=\"Dur\u00e9e de lecture estim\u00e9e\" \/>\n\t<meta name=\"twitter:data2\" content=\"2 minutes\" \/>\n<script type=\"application\/ld+json\" class=\"yoast-schema-graph\">{\"@context\":\"https:\\\/\\\/schema.org\",\"@graph\":[{\"@type\":\"Article\",\"@id\":\"https:\\\/\\\/telepolice.be\\\/index.php\\\/2019\\\/04\\\/01\\\/la-cite-des-bernardins-sous-loeil-de-big-brother\\\/#article\",\"isPartOf\":{\"@id\":\"https:\\\/\\\/telepolice.be\\\/index.php\\\/2019\\\/04\\\/01\\\/la-cite-des-bernardins-sous-loeil-de-big-brother\\\/\"},\"author\":{\"name\":\"admin\",\"@id\":\"https:\\\/\\\/telepolice.be\\\/#\\\/schema\\\/person\\\/ca479b77454640f8f918dd017bd028bf\"},\"headline\":\"La cit\u00e9 des Bernardins sous l\u2019\u0153il de Big Brother\",\"datePublished\":\"2019-04-01T12:42:21+00:00\",\"dateModified\":\"2019-04-13T16:59:48+00:00\",\"mainEntityOfPage\":{\"@id\":\"https:\\\/\\\/telepolice.be\\\/index.php\\\/2019\\\/04\\\/01\\\/la-cite-des-bernardins-sous-loeil-de-big-brother\\\/\"},\"wordCount\":455,\"commentCount\":0,\"publisher\":{\"@id\":\"https:\\\/\\\/telepolice.be\\\/#organization\"},\"image\":{\"@id\":\"https:\\\/\\\/telepolice.be\\\/index.php\\\/2019\\\/04\\\/01\\\/la-cite-des-bernardins-sous-loeil-de-big-brother\\\/#primaryimage\"},\"thumbnailUrl\":\"https:\\\/\\\/telepolice.be\\\/wp-content\\\/uploads\\\/2019\\\/04\\\/AVT_Le-Soir_3099-300x53.jpeg\",\"articleSection\":[\"Revue De Presse\"],\"inLanguage\":\"fr-FR\",\"potentialAction\":[{\"@type\":\"CommentAction\",\"name\":\"Comment\",\"target\":[\"https:\\\/\\\/telepolice.be\\\/index.php\\\/2019\\\/04\\\/01\\\/la-cite-des-bernardins-sous-loeil-de-big-brother\\\/#respond\"]}]},{\"@type\":\"WebPage\",\"@id\":\"https:\\\/\\\/telepolice.be\\\/index.php\\\/2019\\\/04\\\/01\\\/la-cite-des-bernardins-sous-loeil-de-big-brother\\\/\",\"url\":\"https:\\\/\\\/telepolice.be\\\/index.php\\\/2019\\\/04\\\/01\\\/la-cite-des-bernardins-sous-loeil-de-big-brother\\\/\",\"name\":\"La cit\u00e9 des Bernardins sous l\u2019\u0153il de Big Brother - TELEPOLICE\",\"isPartOf\":{\"@id\":\"https:\\\/\\\/telepolice.be\\\/#website\"},\"primaryImageOfPage\":{\"@id\":\"https:\\\/\\\/telepolice.be\\\/index.php\\\/2019\\\/04\\\/01\\\/la-cite-des-bernardins-sous-loeil-de-big-brother\\\/#primaryimage\"},\"image\":{\"@id\":\"https:\\\/\\\/telepolice.be\\\/index.php\\\/2019\\\/04\\\/01\\\/la-cite-des-bernardins-sous-loeil-de-big-brother\\\/#primaryimage\"},\"thumbnailUrl\":\"https:\\\/\\\/telepolice.be\\\/wp-content\\\/uploads\\\/2019\\\/04\\\/AVT_Le-Soir_3099-300x53.jpeg\",\"datePublished\":\"2019-04-01T12:42:21+00:00\",\"dateModified\":\"2019-04-13T16:59:48+00:00\",\"breadcrumb\":{\"@id\":\"https:\\\/\\\/telepolice.be\\\/index.php\\\/2019\\\/04\\\/01\\\/la-cite-des-bernardins-sous-loeil-de-big-brother\\\/#breadcrumb\"},\"inLanguage\":\"fr-FR\",\"potentialAction\":[{\"@type\":\"ReadAction\",\"target\":[\"https:\\\/\\\/telepolice.be\\\/index.php\\\/2019\\\/04\\\/01\\\/la-cite-des-bernardins-sous-loeil-de-big-brother\\\/\"]}]},{\"@type\":\"ImageObject\",\"inLanguage\":\"fr-FR\",\"@id\":\"https:\\\/\\\/telepolice.be\\\/index.php\\\/2019\\\/04\\\/01\\\/la-cite-des-bernardins-sous-loeil-de-big-brother\\\/#primaryimage\",\"url\":\"https:\\\/\\\/telepolice.be\\\/wp-content\\\/uploads\\\/2019\\\/04\\\/AVT_Le-Soir_3099-300x53.jpeg\",\"contentUrl\":\"https:\\\/\\\/telepolice.be\\\/wp-content\\\/uploads\\\/2019\\\/04\\\/AVT_Le-Soir_3099-300x53.jpeg\"},{\"@type\":\"BreadcrumbList\",\"@id\":\"https:\\\/\\\/telepolice.be\\\/index.php\\\/2019\\\/04\\\/01\\\/la-cite-des-bernardins-sous-loeil-de-big-brother\\\/#breadcrumb\",\"itemListElement\":[{\"@type\":\"ListItem\",\"position\":1,\"name\":\"Accueil\",\"item\":\"https:\\\/\\\/telepolice.be\\\/\"},{\"@type\":\"ListItem\",\"position\":2,\"name\":\"La cit\u00e9 des Bernardins sous l\u2019\u0153il de Big Brother\"}]},{\"@type\":\"WebSite\",\"@id\":\"https:\\\/\\\/telepolice.be\\\/#website\",\"url\":\"https:\\\/\\\/telepolice.be\\\/\",\"name\":\"TELEPOLICE\",\"description\":\"Prot\u00e9gez votre entreprise\",\"publisher\":{\"@id\":\"https:\\\/\\\/telepolice.be\\\/#organization\"},\"potentialAction\":[{\"@type\":\"SearchAction\",\"target\":{\"@type\":\"EntryPoint\",\"urlTemplate\":\"https:\\\/\\\/telepolice.be\\\/?s={search_term_string}\"},\"query-input\":{\"@type\":\"PropertyValueSpecification\",\"valueRequired\":true,\"valueName\":\"search_term_string\"}}],\"inLanguage\":\"fr-FR\"},{\"@type\":\"Organization\",\"@id\":\"https:\\\/\\\/telepolice.be\\\/#organization\",\"name\":\"TELE POLICE\",\"url\":\"https:\\\/\\\/telepolice.be\\\/\",\"logo\":{\"@type\":\"ImageObject\",\"inLanguage\":\"fr-FR\",\"@id\":\"https:\\\/\\\/telepolice.be\\\/#\\\/schema\\\/logo\\\/image\\\/\",\"url\":\"https:\\\/\\\/telepolice.be\\\/wp-content\\\/uploads\\\/2019\\\/04\\\/cropped-logotelepolice-3.png\",\"contentUrl\":\"https:\\\/\\\/telepolice.be\\\/wp-content\\\/uploads\\\/2019\\\/04\\\/cropped-logotelepolice-3.png\",\"width\":408,\"height\":65,\"caption\":\"TELE POLICE\"},\"image\":{\"@id\":\"https:\\\/\\\/telepolice.be\\\/#\\\/schema\\\/logo\\\/image\\\/\"}},{\"@type\":\"Person\",\"@id\":\"https:\\\/\\\/telepolice.be\\\/#\\\/schema\\\/person\\\/ca479b77454640f8f918dd017bd028bf\",\"name\":\"admin\",\"image\":{\"@type\":\"ImageObject\",\"inLanguage\":\"fr-FR\",\"@id\":\"https:\\\/\\\/secure.gravatar.com\\\/avatar\\\/dd9167fd60efcd6c24559ffa4f391e918347b9cf398a5593e29d658b4ae5d443?s=96&d=mm&r=g\",\"url\":\"https:\\\/\\\/secure.gravatar.com\\\/avatar\\\/dd9167fd60efcd6c24559ffa4f391e918347b9cf398a5593e29d658b4ae5d443?s=96&d=mm&r=g\",\"contentUrl\":\"https:\\\/\\\/secure.gravatar.com\\\/avatar\\\/dd9167fd60efcd6c24559ffa4f391e918347b9cf398a5593e29d658b4ae5d443?s=96&d=mm&r=g\",\"caption\":\"admin\"},\"url\":\"https:\\\/\\\/telepolice.be\\\/index.php\\\/author\\\/web_telepolice\\\/\"}]}<\/script>\n<!-- \/ Yoast SEO plugin. -->","yoast_head_json":{"title":"La cit\u00e9 des Bernardins sous l\u2019\u0153il de Big Brother - TELEPOLICE","robots":{"index":"index","follow":"follow","max-snippet":"max-snippet:-1","max-image-preview":"max-image-preview:large","max-video-preview":"max-video-preview:-1"},"canonical":"https:\/\/telepolice.be\/index.php\/2019\/04\/01\/la-cite-des-bernardins-sous-loeil-de-big-brother\/","og_locale":"fr_FR","og_type":"article","og_title":"La cit\u00e9 des Bernardins sous l\u2019\u0153il de Big Brother - TELEPOLICE","og_description":"Fleurus 72 cam\u00e9ras de surveillance prochainement install\u00e9es dans la ville La s\u00e9curit\u00e9 \u00e9tait une de ses priorit\u00e9s et Fleurus va en voir l\u2019application concr\u00e8te dans les mois \u00e0 venir. Avant juin 2010, septante-deux cam\u00e9ras de surveillance seront install\u00e9es dans l\u2019entit\u00e9, dont 37 dans le seul centre-ville. De quoi renforcer la tranquillit\u00e9 de l\u2019habitant dans des&hellip; Lire la suite","og_url":"https:\/\/telepolice.be\/index.php\/2019\/04\/01\/la-cite-des-bernardins-sous-loeil-de-big-brother\/","og_site_name":"TELEPOLICE","article_published_time":"2019-04-01T12:42:21+00:00","article_modified_time":"2019-04-13T16:59:48+00:00","og_image":[{"url":"https:\/\/telepolice.be\/wp-content\/uploads\/2019\/04\/AVT_Le-Soir_3099-300x53.jpeg","type":"","width":"","height":""}],"author":"admin","twitter_card":"summary_large_image","twitter_misc":{"\u00c9crit par":"admin","Dur\u00e9e de lecture estim\u00e9e":"2 minutes"},"schema":{"@context":"https:\/\/schema.org","@graph":[{"@type":"Article","@id":"https:\/\/telepolice.be\/index.php\/2019\/04\/01\/la-cite-des-bernardins-sous-loeil-de-big-brother\/#article","isPartOf":{"@id":"https:\/\/telepolice.be\/index.php\/2019\/04\/01\/la-cite-des-bernardins-sous-loeil-de-big-brother\/"},"author":{"name":"admin","@id":"https:\/\/telepolice.be\/#\/schema\/person\/ca479b77454640f8f918dd017bd028bf"},"headline":"La cit\u00e9 des Bernardins sous l\u2019\u0153il de Big Brother","datePublished":"2019-04-01T12:42:21+00:00","dateModified":"2019-04-13T16:59:48+00:00","mainEntityOfPage":{"@id":"https:\/\/telepolice.be\/index.php\/2019\/04\/01\/la-cite-des-bernardins-sous-loeil-de-big-brother\/"},"wordCount":455,"commentCount":0,"publisher":{"@id":"https:\/\/telepolice.be\/#organization"},"image":{"@id":"https:\/\/telepolice.be\/index.php\/2019\/04\/01\/la-cite-des-bernardins-sous-loeil-de-big-brother\/#primaryimage"},"thumbnailUrl":"https:\/\/telepolice.be\/wp-content\/uploads\/2019\/04\/AVT_Le-Soir_3099-300x53.jpeg","articleSection":["Revue De Presse"],"inLanguage":"fr-FR","potentialAction":[{"@type":"CommentAction","name":"Comment","target":["https:\/\/telepolice.be\/index.php\/2019\/04\/01\/la-cite-des-bernardins-sous-loeil-de-big-brother\/#respond"]}]},{"@type":"WebPage","@id":"https:\/\/telepolice.be\/index.php\/2019\/04\/01\/la-cite-des-bernardins-sous-loeil-de-big-brother\/","url":"https:\/\/telepolice.be\/index.php\/2019\/04\/01\/la-cite-des-bernardins-sous-loeil-de-big-brother\/","name":"La cit\u00e9 des Bernardins sous l\u2019\u0153il de Big Brother - TELEPOLICE","isPartOf":{"@id":"https:\/\/telepolice.be\/#website"},"primaryImageOfPage":{"@id":"https:\/\/telepolice.be\/index.php\/2019\/04\/01\/la-cite-des-bernardins-sous-loeil-de-big-brother\/#primaryimage"},"image":{"@id":"https:\/\/telepolice.be\/index.php\/2019\/04\/01\/la-cite-des-bernardins-sous-loeil-de-big-brother\/#primaryimage"},"thumbnailUrl":"https:\/\/telepolice.be\/wp-content\/uploads\/2019\/04\/AVT_Le-Soir_3099-300x53.jpeg","datePublished":"2019-04-01T12:42:21+00:00","dateModified":"2019-04-13T16:59:48+00:00","breadcrumb":{"@id":"https:\/\/telepolice.be\/index.php\/2019\/04\/01\/la-cite-des-bernardins-sous-loeil-de-big-brother\/#breadcrumb"},"inLanguage":"fr-FR","potentialAction":[{"@type":"ReadAction","target":["https:\/\/telepolice.be\/index.php\/2019\/04\/01\/la-cite-des-bernardins-sous-loeil-de-big-brother\/"]}]},{"@type":"ImageObject","inLanguage":"fr-FR","@id":"https:\/\/telepolice.be\/index.php\/2019\/04\/01\/la-cite-des-bernardins-sous-loeil-de-big-brother\/#primaryimage","url":"https:\/\/telepolice.be\/wp-content\/uploads\/2019\/04\/AVT_Le-Soir_3099-300x53.jpeg","contentUrl":"https:\/\/telepolice.be\/wp-content\/uploads\/2019\/04\/AVT_Le-Soir_3099-300x53.jpeg"},{"@type":"BreadcrumbList","@id":"https:\/\/telepolice.be\/index.php\/2019\/04\/01\/la-cite-des-bernardins-sous-loeil-de-big-brother\/#breadcrumb","itemListElement":[{"@type":"ListItem","position":1,"name":"Accueil","item":"https:\/\/telepolice.be\/"},{"@type":"ListItem","position":2,"name":"La cit\u00e9 des Bernardins sous l\u2019\u0153il de Big Brother"}]},{"@type":"WebSite","@id":"https:\/\/telepolice.be\/#website","url":"https:\/\/telepolice.be\/","name":"TELEPOLICE","description":"Prot\u00e9gez votre entreprise","publisher":{"@id":"https:\/\/telepolice.be\/#organization"},"potentialAction":[{"@type":"SearchAction","target":{"@type":"EntryPoint","urlTemplate":"https:\/\/telepolice.be\/?s={search_term_string}"},"query-input":{"@type":"PropertyValueSpecification","valueRequired":true,"valueName":"search_term_string"}}],"inLanguage":"fr-FR"},{"@type":"Organization","@id":"https:\/\/telepolice.be\/#organization","name":"TELE POLICE","url":"https:\/\/telepolice.be\/","logo":{"@type":"ImageObject","inLanguage":"fr-FR","@id":"https:\/\/telepolice.be\/#\/schema\/logo\/image\/","url":"https:\/\/telepolice.be\/wp-content\/uploads\/2019\/04\/cropped-logotelepolice-3.png","contentUrl":"https:\/\/telepolice.be\/wp-content\/uploads\/2019\/04\/cropped-logotelepolice-3.png","width":408,"height":65,"caption":"TELE POLICE"},"image":{"@id":"https:\/\/telepolice.be\/#\/schema\/logo\/image\/"}},{"@type":"Person","@id":"https:\/\/telepolice.be\/#\/schema\/person\/ca479b77454640f8f918dd017bd028bf","name":"admin","image":{"@type":"ImageObject","inLanguage":"fr-FR","@id":"https:\/\/secure.gravatar.com\/avatar\/dd9167fd60efcd6c24559ffa4f391e918347b9cf398a5593e29d658b4ae5d443?s=96&d=mm&r=g","url":"https:\/\/secure.gravatar.com\/avatar\/dd9167fd60efcd6c24559ffa4f391e918347b9cf398a5593e29d658b4ae5d443?s=96&d=mm&r=g","contentUrl":"https:\/\/secure.gravatar.com\/avatar\/dd9167fd60efcd6c24559ffa4f391e918347b9cf398a5593e29d658b4ae5d443?s=96&d=mm&r=g","caption":"admin"},"url":"https:\/\/telepolice.be\/index.php\/author\/web_telepolice\/"}]}},"_links":{"self":[{"href":"https:\/\/telepolice.be\/index.php\/wp-json\/wp\/v2\/posts\/886","targetHints":{"allow":["GET"]}}],"collection":[{"href":"https:\/\/telepolice.be\/index.php\/wp-json\/wp\/v2\/posts"}],"about":[{"href":"https:\/\/telepolice.be\/index.php\/wp-json\/wp\/v2\/types\/post"}],"author":[{"embeddable":true,"href":"https:\/\/telepolice.be\/index.php\/wp-json\/wp\/v2\/users\/1"}],"replies":[{"embeddable":true,"href":"https:\/\/telepolice.be\/index.php\/wp-json\/wp\/v2\/comments?post=886"}],"version-history":[{"count":10,"href":"https:\/\/telepolice.be\/index.php\/wp-json\/wp\/v2\/posts\/886\/revisions"}],"predecessor-version":[{"id":932,"href":"https:\/\/telepolice.be\/index.php\/wp-json\/wp\/v2\/posts\/886\/revisions\/932"}],"wp:attachment":[{"href":"https:\/\/telepolice.be\/index.php\/wp-json\/wp\/v2\/media?parent=886"}],"wp:term":[{"taxonomy":"category","embeddable":true,"href":"https:\/\/telepolice.be\/index.php\/wp-json\/wp\/v2\/categories?post=886"},{"taxonomy":"post_tag","embeddable":true,"href":"https:\/\/telepolice.be\/index.php\/wp-json\/wp\/v2\/tags?post=886"}],"curies":[{"name":"wp","href":"https:\/\/api.w.org\/{rel}","templated":true}]}}