{"id":885,"date":"2019-04-01T12:42:20","date_gmt":"2019-04-01T12:42:20","guid":{"rendered":"https:\/\/telepolice.be\/index.php\/2019\/04\/01\/2010-un-commerce-sur-5-attaque\/"},"modified":"2019-04-18T14:24:59","modified_gmt":"2019-04-18T12:24:59","slug":"2010-un-commerce-sur-5-attaque","status":"publish","type":"post","link":"https:\/\/telepolice.be\/index.php\/2019\/04\/01\/2010-un-commerce-sur-5-attaque\/","title":{"rendered":"2010 : Un commerce sur 5 attaqu\u00e9"},"content":{"rendered":"<h4><img loading=\"lazy\" decoding=\"async\" class=\"size-medium wp-image-935 alignright\" src=\"https:\/\/telepolice.be\/wp-content\/uploads\/2019\/04\/LOGO-DH-300x102.png\" alt=\"\" width=\"300\" height=\"102\" srcset=\"https:\/\/telepolice.be\/wp-content\/uploads\/2019\/04\/LOGO-DH-300x102.png 300w, https:\/\/telepolice.be\/wp-content\/uploads\/2019\/04\/LOGO-DH.png 308w\" sizes=\"auto, (max-width: 300px) 100vw, 300px\" \/><\/h4>\n<h4 class=\"contentpane\"><strong><span lang=\"FR-BE\">En 2009, ann\u00e9e catastrophique pour les commer\u00e7ants, cibles des voleurs en janvier aussi <\/span><\/strong><strong><span lang=\"FR-BE\">BRUXELLES<\/span><\/strong><\/h4>\n<p class=\"contentpane\"><span lang=\"FR-BE\">Les attaques violentes dans les magasins augmentent consid\u00e9rablement. La Fedis avait d\u00e9j\u00e0 d\u00e9nonc\u00e9 le ph\u00e9nom\u00e8ne en novembre dernier. C\u2019est \u00e0 pr\u00e9sent \u00e0 l\u2019UCM, l\u2019Union des classes moyennes, de protester contre ce fl\u00e9au particuli\u00e8rement important en cette p\u00e9riode de l\u2019ann\u00e9e o\u00f9 achats de No\u00ebl et soldes se succ\u00e8dent et o\u00f9 les vols, principalement ceux \u00e0 l\u2019\u00e9talage, se multiplient.<\/span><\/p>\n<p class=\"contentpane\"><span lang=\"FR-BE\">\u00a0L\u2019ann\u00e9e 2009 est qualifi\u00e9e de catastrophique par l\u2019Union des classes moyennes\u00a0: \u201cCons\u00e9quence de la crise, un commerce sur cinq a d\u00e9j\u00e0, dans le courant 2010, \u00e9t\u00e9 la cible d\u2019un voleur\u201d, pr\u00e9cise dans son communiqu\u00e9 Jean-Fran\u00e7ois Krenc, conseiller au mouvement patronal \u00e0 l\u2019UCM.<\/span><\/p>\n<p class=\"contentpane\"><span lang=\"FR-BE\">Le service d\u2019\u00e9tudes sur la probl\u00e9matique du vol \u00e0 l\u2019UCM vient de r\u00e9diger une note dans laquelle il dresse plusieurs constats. \u00c0 commencer par celui qui place le commer\u00e7ant belge au-dessus de la moyenne europ\u00e9enne en mati\u00e8re de d\u00e9marque inconnue (trou d\u2019inventaire). \u201cEn Belgique et au Luxembourg, les d\u00e9taillants ont perdu 860\u00a0millions d\u2019euros, soit 1,33\u00a0% de leur chiffre d\u2019affaires total, alors que la moyenne europ\u00e9enne s\u2019\u00e9l\u00e8ve \u00e0 1,26\u00a0%. Le montant des vols constat\u00e9s a en outre augment\u00e9 de 29\u00a0% en 2009\u201d, d\u00e9plore-t-on encore \u00e0 l\u2019UCM.<\/span><\/p>\n<p class=\"contentpane\"><span lang=\"FR-BE\">\u00a0Autant de pertes principalement engendr\u00e9es par les vols commis par les clients qui repr\u00e9sentent \u00e0 eux seuls 52,8\u00a0% des pertes contre une moyenne de 42\u00a0% dans le monde.<\/span><\/p>\n<p class=\"contentpane\"><span lang=\"FR-BE\">\u00a0Tout comme la Fedis l\u2019avait d\u00e9j\u00e0 soulign\u00e9, l\u2019UCM confirme de son c\u00f4t\u00e9 \u00e9galement l\u2019augmentation du nombre d\u2019attaques \u00e0 main arm\u00e9e dont sont victimes les commer\u00e7ants et ajoute qu\u2019un voleur sur cinq (21\u00a0%) est \u00e2g\u00e9 entre 30 et 39 ans.<\/span><\/p>\n<p class=\"contentpane\"><span lang=\"FR-BE\">\u00a0La deuxi\u00e8me cat\u00e9gorie de voleurs dont sont victimes les petits magasins est, elle, compos\u00e9e de jeunes de 15 \u00e0 19 ans. L\u2019UCM constate ici une forte augmentation des vols commis par cette deuxi\u00e8me cat\u00e9gorie.<\/span><\/p>\n<p class=\"contentpane\"><span lang=\"FR-BE\">\u00a0Et les commer\u00e7ants du pays ne sont pas tous touch\u00e9s de la m\u00eame mani\u00e8re suivant la r\u00e9gion o\u00f9 ils sont install\u00e9s. \u201cLes vols sont perp\u00e9tr\u00e9s pour 30\u00a0% \u00e0 Bruxelles, contre 27\u00a0% en Flandre et 43\u00a0% en Wallonie. Le Hainaut est la province la plus touch\u00e9e\u201d, pr\u00e9cise encore l\u2019UCM, soulignant que, l\u2019an dernier, en moyenne plus de 37 vols \u00e0 l\u2019\u00e9talage ont \u00e9t\u00e9 commis par jour, 49 en Wallonie et 31 en Flandre.<\/span><\/p>\n<p class=\"contentpane\"><span lang=\"FR-BE\">\u00a0L\u2019UCM dresse enfin la liste des produits les plus d\u00e9rob\u00e9s (voir ci-contre) et constate une hausse du vol de denr\u00e9es alimentaires, avant d\u2019appeler \u00e0 son tour la police et la justice \u00e0 agir plus efficacement.<\/span><\/p>\n<p><strong><em>Source :<\/em><\/strong> <em>La Derni\u00e8re Heure 2010.<\/em><\/p>\n","protected":false},"excerpt":{"rendered":"<p>En 2009, ann\u00e9e catastrophique pour les commer\u00e7ants, cibles des voleurs en janvier aussi BRUXELLES Les attaques violentes dans les magasins augmentent consid\u00e9rablement. La Fedis avait d\u00e9j\u00e0 d\u00e9nonc\u00e9 le ph\u00e9nom\u00e8ne en novembre dernier. C\u2019est \u00e0 pr\u00e9sent \u00e0 l\u2019UCM, l\u2019Union des classes moyennes, de protester contre ce fl\u00e9au particuli\u00e8rement important en cette p\u00e9riode de l\u2019ann\u00e9e o\u00f9 achats&hellip; <br \/> <a class=\"read-more\" href=\"https:\/\/telepolice.be\/index.php\/2019\/04\/01\/2010-un-commerce-sur-5-attaque\/\">Lire la suite<\/a><\/p>\n","protected":false},"author":1,"featured_media":0,"comment_status":"open","ping_status":"closed","sticky":false,"template":"","format":"standard","meta":{"footnotes":""},"categories":[6],"tags":[],"class_list":["post-885","post","type-post","status-publish","format-standard","hentry","category-revue-de-presse"],"yoast_head":"<!-- This site is optimized with the Yoast SEO plugin v27.5 - https:\/\/yoast.com\/product\/yoast-seo-wordpress\/ -->\n<title>2010 : Un commerce sur 5 attaqu\u00e9 - TELEPOLICE<\/title>\n<meta name=\"robots\" content=\"index, follow, max-snippet:-1, max-image-preview:large, max-video-preview:-1\" \/>\n<link rel=\"canonical\" href=\"https:\/\/telepolice.be\/index.php\/2019\/04\/01\/2010-un-commerce-sur-5-attaque\/\" \/>\n<meta property=\"og:locale\" content=\"fr_FR\" \/>\n<meta property=\"og:type\" content=\"article\" \/>\n<meta property=\"og:title\" content=\"2010 : Un commerce sur 5 attaqu\u00e9 - TELEPOLICE\" \/>\n<meta property=\"og:description\" content=\"En 2009, ann\u00e9e catastrophique pour les commer\u00e7ants, cibles des voleurs en janvier aussi BRUXELLES Les attaques violentes dans les magasins augmentent consid\u00e9rablement. La Fedis avait d\u00e9j\u00e0 d\u00e9nonc\u00e9 le ph\u00e9nom\u00e8ne en novembre dernier. C\u2019est \u00e0 pr\u00e9sent \u00e0 l\u2019UCM, l\u2019Union des classes moyennes, de protester contre ce fl\u00e9au particuli\u00e8rement important en cette p\u00e9riode de l\u2019ann\u00e9e o\u00f9 achats&hellip; Lire la suite\" \/>\n<meta property=\"og:url\" content=\"https:\/\/telepolice.be\/index.php\/2019\/04\/01\/2010-un-commerce-sur-5-attaque\/\" \/>\n<meta property=\"og:site_name\" content=\"TELEPOLICE\" \/>\n<meta property=\"article:published_time\" content=\"2019-04-01T12:42:20+00:00\" \/>\n<meta property=\"article:modified_time\" content=\"2019-04-18T12:24:59+00:00\" \/>\n<meta property=\"og:image\" content=\"https:\/\/telepolice.be\/wp-content\/uploads\/2019\/04\/LOGO-DH-300x102.png\" \/>\n<meta name=\"author\" content=\"admin\" \/>\n<meta name=\"twitter:card\" content=\"summary_large_image\" \/>\n<meta name=\"twitter:label1\" content=\"\u00c9crit par\" \/>\n\t<meta name=\"twitter:data1\" content=\"admin\" \/>\n\t<meta name=\"twitter:label2\" content=\"Dur\u00e9e de lecture estim\u00e9e\" \/>\n\t<meta name=\"twitter:data2\" content=\"2 minutes\" \/>\n<script type=\"application\/ld+json\" class=\"yoast-schema-graph\">{\"@context\":\"https:\\\/\\\/schema.org\",\"@graph\":[{\"@type\":\"Article\",\"@id\":\"https:\\\/\\\/telepolice.be\\\/index.php\\\/2019\\\/04\\\/01\\\/2010-un-commerce-sur-5-attaque\\\/#article\",\"isPartOf\":{\"@id\":\"https:\\\/\\\/telepolice.be\\\/index.php\\\/2019\\\/04\\\/01\\\/2010-un-commerce-sur-5-attaque\\\/\"},\"author\":{\"name\":\"admin\",\"@id\":\"https:\\\/\\\/telepolice.be\\\/#\\\/schema\\\/person\\\/ca479b77454640f8f918dd017bd028bf\"},\"headline\":\"2010 : Un commerce sur 5 attaqu\u00e9\",\"datePublished\":\"2019-04-01T12:42:20+00:00\",\"dateModified\":\"2019-04-18T12:24:59+00:00\",\"mainEntityOfPage\":{\"@id\":\"https:\\\/\\\/telepolice.be\\\/index.php\\\/2019\\\/04\\\/01\\\/2010-un-commerce-sur-5-attaque\\\/\"},\"wordCount\":462,\"commentCount\":0,\"publisher\":{\"@id\":\"https:\\\/\\\/telepolice.be\\\/#organization\"},\"image\":{\"@id\":\"https:\\\/\\\/telepolice.be\\\/index.php\\\/2019\\\/04\\\/01\\\/2010-un-commerce-sur-5-attaque\\\/#primaryimage\"},\"thumbnailUrl\":\"https:\\\/\\\/telepolice.be\\\/wp-content\\\/uploads\\\/2019\\\/04\\\/LOGO-DH-300x102.png\",\"articleSection\":[\"Revue De Presse\"],\"inLanguage\":\"fr-FR\",\"potentialAction\":[{\"@type\":\"CommentAction\",\"name\":\"Comment\",\"target\":[\"https:\\\/\\\/telepolice.be\\\/index.php\\\/2019\\\/04\\\/01\\\/2010-un-commerce-sur-5-attaque\\\/#respond\"]}]},{\"@type\":\"WebPage\",\"@id\":\"https:\\\/\\\/telepolice.be\\\/index.php\\\/2019\\\/04\\\/01\\\/2010-un-commerce-sur-5-attaque\\\/\",\"url\":\"https:\\\/\\\/telepolice.be\\\/index.php\\\/2019\\\/04\\\/01\\\/2010-un-commerce-sur-5-attaque\\\/\",\"name\":\"2010 : Un commerce sur 5 attaqu\u00e9 - TELEPOLICE\",\"isPartOf\":{\"@id\":\"https:\\\/\\\/telepolice.be\\\/#website\"},\"primaryImageOfPage\":{\"@id\":\"https:\\\/\\\/telepolice.be\\\/index.php\\\/2019\\\/04\\\/01\\\/2010-un-commerce-sur-5-attaque\\\/#primaryimage\"},\"image\":{\"@id\":\"https:\\\/\\\/telepolice.be\\\/index.php\\\/2019\\\/04\\\/01\\\/2010-un-commerce-sur-5-attaque\\\/#primaryimage\"},\"thumbnailUrl\":\"https:\\\/\\\/telepolice.be\\\/wp-content\\\/uploads\\\/2019\\\/04\\\/LOGO-DH-300x102.png\",\"datePublished\":\"2019-04-01T12:42:20+00:00\",\"dateModified\":\"2019-04-18T12:24:59+00:00\",\"breadcrumb\":{\"@id\":\"https:\\\/\\\/telepolice.be\\\/index.php\\\/2019\\\/04\\\/01\\\/2010-un-commerce-sur-5-attaque\\\/#breadcrumb\"},\"inLanguage\":\"fr-FR\",\"potentialAction\":[{\"@type\":\"ReadAction\",\"target\":[\"https:\\\/\\\/telepolice.be\\\/index.php\\\/2019\\\/04\\\/01\\\/2010-un-commerce-sur-5-attaque\\\/\"]}]},{\"@type\":\"ImageObject\",\"inLanguage\":\"fr-FR\",\"@id\":\"https:\\\/\\\/telepolice.be\\\/index.php\\\/2019\\\/04\\\/01\\\/2010-un-commerce-sur-5-attaque\\\/#primaryimage\",\"url\":\"https:\\\/\\\/telepolice.be\\\/wp-content\\\/uploads\\\/2019\\\/04\\\/LOGO-DH.png\",\"contentUrl\":\"https:\\\/\\\/telepolice.be\\\/wp-content\\\/uploads\\\/2019\\\/04\\\/LOGO-DH.png\",\"width\":308,\"height\":105},{\"@type\":\"BreadcrumbList\",\"@id\":\"https:\\\/\\\/telepolice.be\\\/index.php\\\/2019\\\/04\\\/01\\\/2010-un-commerce-sur-5-attaque\\\/#breadcrumb\",\"itemListElement\":[{\"@type\":\"ListItem\",\"position\":1,\"name\":\"Accueil\",\"item\":\"https:\\\/\\\/telepolice.be\\\/\"},{\"@type\":\"ListItem\",\"position\":2,\"name\":\"2010 : Un commerce sur 5 attaqu\u00e9\"}]},{\"@type\":\"WebSite\",\"@id\":\"https:\\\/\\\/telepolice.be\\\/#website\",\"url\":\"https:\\\/\\\/telepolice.be\\\/\",\"name\":\"TELEPOLICE\",\"description\":\"Prot\u00e9gez votre entreprise\",\"publisher\":{\"@id\":\"https:\\\/\\\/telepolice.be\\\/#organization\"},\"potentialAction\":[{\"@type\":\"SearchAction\",\"target\":{\"@type\":\"EntryPoint\",\"urlTemplate\":\"https:\\\/\\\/telepolice.be\\\/?s={search_term_string}\"},\"query-input\":{\"@type\":\"PropertyValueSpecification\",\"valueRequired\":true,\"valueName\":\"search_term_string\"}}],\"inLanguage\":\"fr-FR\"},{\"@type\":\"Organization\",\"@id\":\"https:\\\/\\\/telepolice.be\\\/#organization\",\"name\":\"TELE POLICE\",\"url\":\"https:\\\/\\\/telepolice.be\\\/\",\"logo\":{\"@type\":\"ImageObject\",\"inLanguage\":\"fr-FR\",\"@id\":\"https:\\\/\\\/telepolice.be\\\/#\\\/schema\\\/logo\\\/image\\\/\",\"url\":\"https:\\\/\\\/telepolice.be\\\/wp-content\\\/uploads\\\/2019\\\/04\\\/cropped-logotelepolice-3.png\",\"contentUrl\":\"https:\\\/\\\/telepolice.be\\\/wp-content\\\/uploads\\\/2019\\\/04\\\/cropped-logotelepolice-3.png\",\"width\":408,\"height\":65,\"caption\":\"TELE POLICE\"},\"image\":{\"@id\":\"https:\\\/\\\/telepolice.be\\\/#\\\/schema\\\/logo\\\/image\\\/\"}},{\"@type\":\"Person\",\"@id\":\"https:\\\/\\\/telepolice.be\\\/#\\\/schema\\\/person\\\/ca479b77454640f8f918dd017bd028bf\",\"name\":\"admin\",\"image\":{\"@type\":\"ImageObject\",\"inLanguage\":\"fr-FR\",\"@id\":\"https:\\\/\\\/secure.gravatar.com\\\/avatar\\\/dd9167fd60efcd6c24559ffa4f391e918347b9cf398a5593e29d658b4ae5d443?s=96&d=mm&r=g\",\"url\":\"https:\\\/\\\/secure.gravatar.com\\\/avatar\\\/dd9167fd60efcd6c24559ffa4f391e918347b9cf398a5593e29d658b4ae5d443?s=96&d=mm&r=g\",\"contentUrl\":\"https:\\\/\\\/secure.gravatar.com\\\/avatar\\\/dd9167fd60efcd6c24559ffa4f391e918347b9cf398a5593e29d658b4ae5d443?s=96&d=mm&r=g\",\"caption\":\"admin\"},\"url\":\"https:\\\/\\\/telepolice.be\\\/index.php\\\/author\\\/web_telepolice\\\/\"}]}<\/script>\n<!-- \/ Yoast SEO plugin. -->","yoast_head_json":{"title":"2010 : Un commerce sur 5 attaqu\u00e9 - TELEPOLICE","robots":{"index":"index","follow":"follow","max-snippet":"max-snippet:-1","max-image-preview":"max-image-preview:large","max-video-preview":"max-video-preview:-1"},"canonical":"https:\/\/telepolice.be\/index.php\/2019\/04\/01\/2010-un-commerce-sur-5-attaque\/","og_locale":"fr_FR","og_type":"article","og_title":"2010 : Un commerce sur 5 attaqu\u00e9 - TELEPOLICE","og_description":"En 2009, ann\u00e9e catastrophique pour les commer\u00e7ants, cibles des voleurs en janvier aussi BRUXELLES Les attaques violentes dans les magasins augmentent consid\u00e9rablement. La Fedis avait d\u00e9j\u00e0 d\u00e9nonc\u00e9 le ph\u00e9nom\u00e8ne en novembre dernier. C\u2019est \u00e0 pr\u00e9sent \u00e0 l\u2019UCM, l\u2019Union des classes moyennes, de protester contre ce fl\u00e9au particuli\u00e8rement important en cette p\u00e9riode de l\u2019ann\u00e9e o\u00f9 achats&hellip; Lire la suite","og_url":"https:\/\/telepolice.be\/index.php\/2019\/04\/01\/2010-un-commerce-sur-5-attaque\/","og_site_name":"TELEPOLICE","article_published_time":"2019-04-01T12:42:20+00:00","article_modified_time":"2019-04-18T12:24:59+00:00","og_image":[{"url":"https:\/\/telepolice.be\/wp-content\/uploads\/2019\/04\/LOGO-DH-300x102.png","type":"","width":"","height":""}],"author":"admin","twitter_card":"summary_large_image","twitter_misc":{"\u00c9crit par":"admin","Dur\u00e9e de lecture estim\u00e9e":"2 minutes"},"schema":{"@context":"https:\/\/schema.org","@graph":[{"@type":"Article","@id":"https:\/\/telepolice.be\/index.php\/2019\/04\/01\/2010-un-commerce-sur-5-attaque\/#article","isPartOf":{"@id":"https:\/\/telepolice.be\/index.php\/2019\/04\/01\/2010-un-commerce-sur-5-attaque\/"},"author":{"name":"admin","@id":"https:\/\/telepolice.be\/#\/schema\/person\/ca479b77454640f8f918dd017bd028bf"},"headline":"2010 : Un commerce sur 5 attaqu\u00e9","datePublished":"2019-04-01T12:42:20+00:00","dateModified":"2019-04-18T12:24:59+00:00","mainEntityOfPage":{"@id":"https:\/\/telepolice.be\/index.php\/2019\/04\/01\/2010-un-commerce-sur-5-attaque\/"},"wordCount":462,"commentCount":0,"publisher":{"@id":"https:\/\/telepolice.be\/#organization"},"image":{"@id":"https:\/\/telepolice.be\/index.php\/2019\/04\/01\/2010-un-commerce-sur-5-attaque\/#primaryimage"},"thumbnailUrl":"https:\/\/telepolice.be\/wp-content\/uploads\/2019\/04\/LOGO-DH-300x102.png","articleSection":["Revue De Presse"],"inLanguage":"fr-FR","potentialAction":[{"@type":"CommentAction","name":"Comment","target":["https:\/\/telepolice.be\/index.php\/2019\/04\/01\/2010-un-commerce-sur-5-attaque\/#respond"]}]},{"@type":"WebPage","@id":"https:\/\/telepolice.be\/index.php\/2019\/04\/01\/2010-un-commerce-sur-5-attaque\/","url":"https:\/\/telepolice.be\/index.php\/2019\/04\/01\/2010-un-commerce-sur-5-attaque\/","name":"2010 : Un commerce sur 5 attaqu\u00e9 - TELEPOLICE","isPartOf":{"@id":"https:\/\/telepolice.be\/#website"},"primaryImageOfPage":{"@id":"https:\/\/telepolice.be\/index.php\/2019\/04\/01\/2010-un-commerce-sur-5-attaque\/#primaryimage"},"image":{"@id":"https:\/\/telepolice.be\/index.php\/2019\/04\/01\/2010-un-commerce-sur-5-attaque\/#primaryimage"},"thumbnailUrl":"https:\/\/telepolice.be\/wp-content\/uploads\/2019\/04\/LOGO-DH-300x102.png","datePublished":"2019-04-01T12:42:20+00:00","dateModified":"2019-04-18T12:24:59+00:00","breadcrumb":{"@id":"https:\/\/telepolice.be\/index.php\/2019\/04\/01\/2010-un-commerce-sur-5-attaque\/#breadcrumb"},"inLanguage":"fr-FR","potentialAction":[{"@type":"ReadAction","target":["https:\/\/telepolice.be\/index.php\/2019\/04\/01\/2010-un-commerce-sur-5-attaque\/"]}]},{"@type":"ImageObject","inLanguage":"fr-FR","@id":"https:\/\/telepolice.be\/index.php\/2019\/04\/01\/2010-un-commerce-sur-5-attaque\/#primaryimage","url":"https:\/\/telepolice.be\/wp-content\/uploads\/2019\/04\/LOGO-DH.png","contentUrl":"https:\/\/telepolice.be\/wp-content\/uploads\/2019\/04\/LOGO-DH.png","width":308,"height":105},{"@type":"BreadcrumbList","@id":"https:\/\/telepolice.be\/index.php\/2019\/04\/01\/2010-un-commerce-sur-5-attaque\/#breadcrumb","itemListElement":[{"@type":"ListItem","position":1,"name":"Accueil","item":"https:\/\/telepolice.be\/"},{"@type":"ListItem","position":2,"name":"2010 : Un commerce sur 5 attaqu\u00e9"}]},{"@type":"WebSite","@id":"https:\/\/telepolice.be\/#website","url":"https:\/\/telepolice.be\/","name":"TELEPOLICE","description":"Prot\u00e9gez votre entreprise","publisher":{"@id":"https:\/\/telepolice.be\/#organization"},"potentialAction":[{"@type":"SearchAction","target":{"@type":"EntryPoint","urlTemplate":"https:\/\/telepolice.be\/?s={search_term_string}"},"query-input":{"@type":"PropertyValueSpecification","valueRequired":true,"valueName":"search_term_string"}}],"inLanguage":"fr-FR"},{"@type":"Organization","@id":"https:\/\/telepolice.be\/#organization","name":"TELE POLICE","url":"https:\/\/telepolice.be\/","logo":{"@type":"ImageObject","inLanguage":"fr-FR","@id":"https:\/\/telepolice.be\/#\/schema\/logo\/image\/","url":"https:\/\/telepolice.be\/wp-content\/uploads\/2019\/04\/cropped-logotelepolice-3.png","contentUrl":"https:\/\/telepolice.be\/wp-content\/uploads\/2019\/04\/cropped-logotelepolice-3.png","width":408,"height":65,"caption":"TELE POLICE"},"image":{"@id":"https:\/\/telepolice.be\/#\/schema\/logo\/image\/"}},{"@type":"Person","@id":"https:\/\/telepolice.be\/#\/schema\/person\/ca479b77454640f8f918dd017bd028bf","name":"admin","image":{"@type":"ImageObject","inLanguage":"fr-FR","@id":"https:\/\/secure.gravatar.com\/avatar\/dd9167fd60efcd6c24559ffa4f391e918347b9cf398a5593e29d658b4ae5d443?s=96&d=mm&r=g","url":"https:\/\/secure.gravatar.com\/avatar\/dd9167fd60efcd6c24559ffa4f391e918347b9cf398a5593e29d658b4ae5d443?s=96&d=mm&r=g","contentUrl":"https:\/\/secure.gravatar.com\/avatar\/dd9167fd60efcd6c24559ffa4f391e918347b9cf398a5593e29d658b4ae5d443?s=96&d=mm&r=g","caption":"admin"},"url":"https:\/\/telepolice.be\/index.php\/author\/web_telepolice\/"}]}},"_links":{"self":[{"href":"https:\/\/telepolice.be\/index.php\/wp-json\/wp\/v2\/posts\/885","targetHints":{"allow":["GET"]}}],"collection":[{"href":"https:\/\/telepolice.be\/index.php\/wp-json\/wp\/v2\/posts"}],"about":[{"href":"https:\/\/telepolice.be\/index.php\/wp-json\/wp\/v2\/types\/post"}],"author":[{"embeddable":true,"href":"https:\/\/telepolice.be\/index.php\/wp-json\/wp\/v2\/users\/1"}],"replies":[{"embeddable":true,"href":"https:\/\/telepolice.be\/index.php\/wp-json\/wp\/v2\/comments?post=885"}],"version-history":[{"count":5,"href":"https:\/\/telepolice.be\/index.php\/wp-json\/wp\/v2\/posts\/885\/revisions"}],"predecessor-version":[{"id":2124,"href":"https:\/\/telepolice.be\/index.php\/wp-json\/wp\/v2\/posts\/885\/revisions\/2124"}],"wp:attachment":[{"href":"https:\/\/telepolice.be\/index.php\/wp-json\/wp\/v2\/media?parent=885"}],"wp:term":[{"taxonomy":"category","embeddable":true,"href":"https:\/\/telepolice.be\/index.php\/wp-json\/wp\/v2\/categories?post=885"},{"taxonomy":"post_tag","embeddable":true,"href":"https:\/\/telepolice.be\/index.php\/wp-json\/wp\/v2\/tags?post=885"}],"curies":[{"name":"wp","href":"https:\/\/api.w.org\/{rel}","templated":true}]}}