{"id":884,"date":"2019-04-01T12:42:20","date_gmt":"2019-04-01T12:42:20","guid":{"rendered":"https:\/\/telepolice.be\/index.php\/2019\/04\/01\/2009-fleurus-renfort-des-patrouilles-de-police\/"},"modified":"2019-04-18T14:31:25","modified_gmt":"2019-04-18T12:31:25","slug":"2009-fleurus-renfort-des-patrouilles-de-police","status":"publish","type":"post","link":"https:\/\/telepolice.be\/index.php\/2019\/04\/01\/2009-fleurus-renfort-des-patrouilles-de-police\/","title":{"rendered":"2009 : Fleurus: renfort des patrouilles de police"},"content":{"rendered":"<p><em>Avec l\u2019arriv\u00e9e des f\u00eates de fin d\u2019ann\u00e9e, les vols dans les commerces ont tendance \u00e0 s\u2019accro\u00eetre. \u00c0 Fleurus, la police a d\u00e9cid\u00e9 d\u2019enrayer ce fl\u00e9au. Toute la zone Brunau est concern\u00e9e. La pr\u00e9sence polici\u00e8re sur le terrain va \u00eatre renforc\u00e9e pour traquer les d\u00e9linquants.<\/em><\/p>\n<blockquote><p><em style=\"color: #9daab9; background-color: transparent;\">Nous avons d\u00e9cid\u00e9 de mettre en place des patrouilles suppl\u00e9mentaires sur le terrain \u201d, nous confie Monique Devodder, chef de zone. \u201c Une pr\u00e9sence polici\u00e8re est b\u00e9n\u00e9fique pour tout le monde. Cela d\u00e9courage les voleurs et cela rassure les riverains.<\/em><\/p><\/blockquote>\n<p>Le message est clair : ne sous-estimez surtout pas l\u2019audace des voleurs. \u201c <em>Il faut prendre ses pr\u00e9cautions et ne jamais s\u2019imaginer que le voleur n\u2019osera pas&#8230;<\/em> \u201d<\/p>\n<p>\u00c0 Fleurus, une \u00e9quipe est aujourd\u2019hui sp\u00e9cialement form\u00e9e pour enrayer la d\u00e9linquance. Six hommes et un responsable composent cette \u00e9quipe. \u201c <em>Elle est op\u00e9rationnelle depuis le 1er avril et nous ressentons d\u00e9j\u00e0 les premiers effets b\u00e9n\u00e9fiques<\/em> \u201d, ajoute la commissaire Devodder. \u201c <em>L\u2019\u00e9quipe entre principalement en action les soirs et les week-ends<\/em> \u201d.<\/p>\n<p>La police conna\u00eet \u00e9galement les zones sensibles. Objectif: ramener la tranquillit\u00e9 et la s\u00e9curit\u00e9 dans ces quartiers difficiles.<\/p>\n<p>Les commer\u00e7ants, eux, prennent des mesures suppl\u00e9mentaires: \u201c <em>Certains ont engag\u00e9 des gardiens, parfois avec des chiens. D\u2019autres ont opt\u00e9 pour le service T\u00e9l\u00e9police<\/em> \u201d.<\/p>\n<p>Gr\u00e2ce \u00e0 ce service, le commerce est reli\u00e9 automatiquement au dispatching de la police. \u201c <em>Tous les commer\u00e7ants de la zone peuvent b\u00e9n\u00e9ficier de ce service<\/em> \u201d.<\/p>\n<p>Et puis les agressions. Les vols avec violence. Les premi\u00e8res victimes sont les personnes \u00e2g\u00e9es. Des conseils sont donn\u00e9s pour \u00e9viter les agressions, comme par exemple ne plus emporter de sac \u00e0 main lorsque l\u2019on circule sur la voirie. \u201c <em>C\u2019est bien dommage d\u2019en arriver \u00e0 ce stade mais si cela peut vous permettre d\u2019\u00e9viter une agression<\/em> \u201d, explique Mme Devodder. \u201c<em> Parall\u00e8lement \u00e0 cela, les patrouilles de police sont plus nombreuses en rue et cela tend \u00e0 limiter les agressions. L\u2019objectif est de d\u00e9courager les voleurs<\/em> \u201d.<\/p>\n<p>La zone Brunau est en contact permanent avec les autres zones de police. Notamment pour les faits de drogue.<\/p>\n<p><a href=\"https:\/\/www.laprovince.be\" target=\"_blank\" rel=\"noopener noreferrer\"><em>Source.<\/em><\/a><\/p>\n","protected":false},"excerpt":{"rendered":"<p>Avec l\u2019arriv\u00e9e des f\u00eates de fin d\u2019ann\u00e9e, les vols dans les commerces ont tendance \u00e0 s\u2019accro\u00eetre. \u00c0 Fleurus, la police a d\u00e9cid\u00e9 d\u2019enrayer ce fl\u00e9au. Toute la zone Brunau est concern\u00e9e. La pr\u00e9sence polici\u00e8re sur le terrain va \u00eatre renforc\u00e9e pour traquer les d\u00e9linquants. Nous avons d\u00e9cid\u00e9 de mettre en place des patrouilles suppl\u00e9mentaires sur&hellip; <br \/> <a class=\"read-more\" href=\"https:\/\/telepolice.be\/index.php\/2019\/04\/01\/2009-fleurus-renfort-des-patrouilles-de-police\/\">Lire la suite<\/a><\/p>\n","protected":false},"author":1,"featured_media":939,"comment_status":"open","ping_status":"closed","sticky":false,"template":"","format":"standard","meta":{"footnotes":""},"categories":[6],"tags":[],"class_list":["post-884","post","type-post","status-publish","format-standard","has-post-thumbnail","hentry","category-revue-de-presse"],"yoast_head":"<!-- This site is optimized with the Yoast SEO plugin v27.5 - https:\/\/yoast.com\/product\/yoast-seo-wordpress\/ -->\n<title>2009 : Fleurus: renfort des patrouilles de police - TELEPOLICE<\/title>\n<meta name=\"robots\" content=\"index, follow, max-snippet:-1, max-image-preview:large, max-video-preview:-1\" \/>\n<link rel=\"canonical\" href=\"https:\/\/telepolice.be\/index.php\/2019\/04\/01\/2009-fleurus-renfort-des-patrouilles-de-police\/\" \/>\n<meta property=\"og:locale\" content=\"fr_FR\" \/>\n<meta property=\"og:type\" content=\"article\" \/>\n<meta property=\"og:title\" content=\"2009 : Fleurus: renfort des patrouilles de police - TELEPOLICE\" \/>\n<meta property=\"og:description\" content=\"Avec l\u2019arriv\u00e9e des f\u00eates de fin d\u2019ann\u00e9e, les vols dans les commerces ont tendance \u00e0 s\u2019accro\u00eetre. \u00c0 Fleurus, la police a d\u00e9cid\u00e9 d\u2019enrayer ce fl\u00e9au. Toute la zone Brunau est concern\u00e9e. La pr\u00e9sence polici\u00e8re sur le terrain va \u00eatre renforc\u00e9e pour traquer les d\u00e9linquants. Nous avons d\u00e9cid\u00e9 de mettre en place des patrouilles suppl\u00e9mentaires sur&hellip; Lire la suite\" \/>\n<meta property=\"og:url\" content=\"https:\/\/telepolice.be\/index.php\/2019\/04\/01\/2009-fleurus-renfort-des-patrouilles-de-police\/\" \/>\n<meta property=\"og:site_name\" content=\"TELEPOLICE\" \/>\n<meta property=\"article:published_time\" content=\"2019-04-01T12:42:20+00:00\" \/>\n<meta property=\"article:modified_time\" content=\"2019-04-18T12:31:25+00:00\" \/>\n<meta property=\"og:image\" content=\"https:\/\/telepolice.be\/wp-content\/uploads\/2019\/04\/Police.jpg\" \/>\n\t<meta property=\"og:image:width\" content=\"940\" \/>\n\t<meta property=\"og:image:height\" content=\"470\" \/>\n\t<meta property=\"og:image:type\" content=\"image\/jpeg\" \/>\n<meta name=\"author\" content=\"admin\" \/>\n<meta name=\"twitter:card\" content=\"summary_large_image\" \/>\n<meta name=\"twitter:label1\" content=\"\u00c9crit par\" \/>\n\t<meta name=\"twitter:data1\" content=\"admin\" \/>\n\t<meta name=\"twitter:label2\" content=\"Dur\u00e9e de lecture estim\u00e9e\" \/>\n\t<meta name=\"twitter:data2\" content=\"2 minutes\" \/>\n<script type=\"application\/ld+json\" class=\"yoast-schema-graph\">{\"@context\":\"https:\\\/\\\/schema.org\",\"@graph\":[{\"@type\":\"Article\",\"@id\":\"https:\\\/\\\/telepolice.be\\\/index.php\\\/2019\\\/04\\\/01\\\/2009-fleurus-renfort-des-patrouilles-de-police\\\/#article\",\"isPartOf\":{\"@id\":\"https:\\\/\\\/telepolice.be\\\/index.php\\\/2019\\\/04\\\/01\\\/2009-fleurus-renfort-des-patrouilles-de-police\\\/\"},\"author\":{\"name\":\"admin\",\"@id\":\"https:\\\/\\\/telepolice.be\\\/#\\\/schema\\\/person\\\/ca479b77454640f8f918dd017bd028bf\"},\"headline\":\"2009 : Fleurus: renfort des patrouilles de police\",\"datePublished\":\"2019-04-01T12:42:20+00:00\",\"dateModified\":\"2019-04-18T12:31:25+00:00\",\"mainEntityOfPage\":{\"@id\":\"https:\\\/\\\/telepolice.be\\\/index.php\\\/2019\\\/04\\\/01\\\/2009-fleurus-renfort-des-patrouilles-de-police\\\/\"},\"wordCount\":380,\"commentCount\":0,\"publisher\":{\"@id\":\"https:\\\/\\\/telepolice.be\\\/#organization\"},\"image\":{\"@id\":\"https:\\\/\\\/telepolice.be\\\/index.php\\\/2019\\\/04\\\/01\\\/2009-fleurus-renfort-des-patrouilles-de-police\\\/#primaryimage\"},\"thumbnailUrl\":\"https:\\\/\\\/telepolice.be\\\/wp-content\\\/uploads\\\/2019\\\/04\\\/Police.jpg\",\"articleSection\":[\"Revue De Presse\"],\"inLanguage\":\"fr-FR\",\"potentialAction\":[{\"@type\":\"CommentAction\",\"name\":\"Comment\",\"target\":[\"https:\\\/\\\/telepolice.be\\\/index.php\\\/2019\\\/04\\\/01\\\/2009-fleurus-renfort-des-patrouilles-de-police\\\/#respond\"]}]},{\"@type\":\"WebPage\",\"@id\":\"https:\\\/\\\/telepolice.be\\\/index.php\\\/2019\\\/04\\\/01\\\/2009-fleurus-renfort-des-patrouilles-de-police\\\/\",\"url\":\"https:\\\/\\\/telepolice.be\\\/index.php\\\/2019\\\/04\\\/01\\\/2009-fleurus-renfort-des-patrouilles-de-police\\\/\",\"name\":\"2009 : Fleurus: renfort des patrouilles de police - TELEPOLICE\",\"isPartOf\":{\"@id\":\"https:\\\/\\\/telepolice.be\\\/#website\"},\"primaryImageOfPage\":{\"@id\":\"https:\\\/\\\/telepolice.be\\\/index.php\\\/2019\\\/04\\\/01\\\/2009-fleurus-renfort-des-patrouilles-de-police\\\/#primaryimage\"},\"image\":{\"@id\":\"https:\\\/\\\/telepolice.be\\\/index.php\\\/2019\\\/04\\\/01\\\/2009-fleurus-renfort-des-patrouilles-de-police\\\/#primaryimage\"},\"thumbnailUrl\":\"https:\\\/\\\/telepolice.be\\\/wp-content\\\/uploads\\\/2019\\\/04\\\/Police.jpg\",\"datePublished\":\"2019-04-01T12:42:20+00:00\",\"dateModified\":\"2019-04-18T12:31:25+00:00\",\"breadcrumb\":{\"@id\":\"https:\\\/\\\/telepolice.be\\\/index.php\\\/2019\\\/04\\\/01\\\/2009-fleurus-renfort-des-patrouilles-de-police\\\/#breadcrumb\"},\"inLanguage\":\"fr-FR\",\"potentialAction\":[{\"@type\":\"ReadAction\",\"target\":[\"https:\\\/\\\/telepolice.be\\\/index.php\\\/2019\\\/04\\\/01\\\/2009-fleurus-renfort-des-patrouilles-de-police\\\/\"]}]},{\"@type\":\"ImageObject\",\"inLanguage\":\"fr-FR\",\"@id\":\"https:\\\/\\\/telepolice.be\\\/index.php\\\/2019\\\/04\\\/01\\\/2009-fleurus-renfort-des-patrouilles-de-police\\\/#primaryimage\",\"url\":\"https:\\\/\\\/telepolice.be\\\/wp-content\\\/uploads\\\/2019\\\/04\\\/Police.jpg\",\"contentUrl\":\"https:\\\/\\\/telepolice.be\\\/wp-content\\\/uploads\\\/2019\\\/04\\\/Police.jpg\",\"width\":940,\"height\":470},{\"@type\":\"BreadcrumbList\",\"@id\":\"https:\\\/\\\/telepolice.be\\\/index.php\\\/2019\\\/04\\\/01\\\/2009-fleurus-renfort-des-patrouilles-de-police\\\/#breadcrumb\",\"itemListElement\":[{\"@type\":\"ListItem\",\"position\":1,\"name\":\"Accueil\",\"item\":\"https:\\\/\\\/telepolice.be\\\/\"},{\"@type\":\"ListItem\",\"position\":2,\"name\":\"2009 : Fleurus: renfort des patrouilles de police\"}]},{\"@type\":\"WebSite\",\"@id\":\"https:\\\/\\\/telepolice.be\\\/#website\",\"url\":\"https:\\\/\\\/telepolice.be\\\/\",\"name\":\"TELEPOLICE\",\"description\":\"Prot\u00e9gez votre entreprise\",\"publisher\":{\"@id\":\"https:\\\/\\\/telepolice.be\\\/#organization\"},\"potentialAction\":[{\"@type\":\"SearchAction\",\"target\":{\"@type\":\"EntryPoint\",\"urlTemplate\":\"https:\\\/\\\/telepolice.be\\\/?s={search_term_string}\"},\"query-input\":{\"@type\":\"PropertyValueSpecification\",\"valueRequired\":true,\"valueName\":\"search_term_string\"}}],\"inLanguage\":\"fr-FR\"},{\"@type\":\"Organization\",\"@id\":\"https:\\\/\\\/telepolice.be\\\/#organization\",\"name\":\"TELE POLICE\",\"url\":\"https:\\\/\\\/telepolice.be\\\/\",\"logo\":{\"@type\":\"ImageObject\",\"inLanguage\":\"fr-FR\",\"@id\":\"https:\\\/\\\/telepolice.be\\\/#\\\/schema\\\/logo\\\/image\\\/\",\"url\":\"https:\\\/\\\/telepolice.be\\\/wp-content\\\/uploads\\\/2019\\\/04\\\/cropped-logotelepolice-3.png\",\"contentUrl\":\"https:\\\/\\\/telepolice.be\\\/wp-content\\\/uploads\\\/2019\\\/04\\\/cropped-logotelepolice-3.png\",\"width\":408,\"height\":65,\"caption\":\"TELE POLICE\"},\"image\":{\"@id\":\"https:\\\/\\\/telepolice.be\\\/#\\\/schema\\\/logo\\\/image\\\/\"}},{\"@type\":\"Person\",\"@id\":\"https:\\\/\\\/telepolice.be\\\/#\\\/schema\\\/person\\\/ca479b77454640f8f918dd017bd028bf\",\"name\":\"admin\",\"image\":{\"@type\":\"ImageObject\",\"inLanguage\":\"fr-FR\",\"@id\":\"https:\\\/\\\/secure.gravatar.com\\\/avatar\\\/dd9167fd60efcd6c24559ffa4f391e918347b9cf398a5593e29d658b4ae5d443?s=96&d=mm&r=g\",\"url\":\"https:\\\/\\\/secure.gravatar.com\\\/avatar\\\/dd9167fd60efcd6c24559ffa4f391e918347b9cf398a5593e29d658b4ae5d443?s=96&d=mm&r=g\",\"contentUrl\":\"https:\\\/\\\/secure.gravatar.com\\\/avatar\\\/dd9167fd60efcd6c24559ffa4f391e918347b9cf398a5593e29d658b4ae5d443?s=96&d=mm&r=g\",\"caption\":\"admin\"},\"url\":\"https:\\\/\\\/telepolice.be\\\/index.php\\\/author\\\/web_telepolice\\\/\"}]}<\/script>\n<!-- \/ Yoast SEO plugin. -->","yoast_head_json":{"title":"2009 : Fleurus: renfort des patrouilles de police - TELEPOLICE","robots":{"index":"index","follow":"follow","max-snippet":"max-snippet:-1","max-image-preview":"max-image-preview:large","max-video-preview":"max-video-preview:-1"},"canonical":"https:\/\/telepolice.be\/index.php\/2019\/04\/01\/2009-fleurus-renfort-des-patrouilles-de-police\/","og_locale":"fr_FR","og_type":"article","og_title":"2009 : Fleurus: renfort des patrouilles de police - TELEPOLICE","og_description":"Avec l\u2019arriv\u00e9e des f\u00eates de fin d\u2019ann\u00e9e, les vols dans les commerces ont tendance \u00e0 s\u2019accro\u00eetre. \u00c0 Fleurus, la police a d\u00e9cid\u00e9 d\u2019enrayer ce fl\u00e9au. Toute la zone Brunau est concern\u00e9e. La pr\u00e9sence polici\u00e8re sur le terrain va \u00eatre renforc\u00e9e pour traquer les d\u00e9linquants. Nous avons d\u00e9cid\u00e9 de mettre en place des patrouilles suppl\u00e9mentaires sur&hellip; Lire la suite","og_url":"https:\/\/telepolice.be\/index.php\/2019\/04\/01\/2009-fleurus-renfort-des-patrouilles-de-police\/","og_site_name":"TELEPOLICE","article_published_time":"2019-04-01T12:42:20+00:00","article_modified_time":"2019-04-18T12:31:25+00:00","og_image":[{"width":940,"height":470,"url":"https:\/\/telepolice.be\/wp-content\/uploads\/2019\/04\/Police.jpg","type":"image\/jpeg"}],"author":"admin","twitter_card":"summary_large_image","twitter_misc":{"\u00c9crit par":"admin","Dur\u00e9e de lecture estim\u00e9e":"2 minutes"},"schema":{"@context":"https:\/\/schema.org","@graph":[{"@type":"Article","@id":"https:\/\/telepolice.be\/index.php\/2019\/04\/01\/2009-fleurus-renfort-des-patrouilles-de-police\/#article","isPartOf":{"@id":"https:\/\/telepolice.be\/index.php\/2019\/04\/01\/2009-fleurus-renfort-des-patrouilles-de-police\/"},"author":{"name":"admin","@id":"https:\/\/telepolice.be\/#\/schema\/person\/ca479b77454640f8f918dd017bd028bf"},"headline":"2009 : Fleurus: renfort des patrouilles de police","datePublished":"2019-04-01T12:42:20+00:00","dateModified":"2019-04-18T12:31:25+00:00","mainEntityOfPage":{"@id":"https:\/\/telepolice.be\/index.php\/2019\/04\/01\/2009-fleurus-renfort-des-patrouilles-de-police\/"},"wordCount":380,"commentCount":0,"publisher":{"@id":"https:\/\/telepolice.be\/#organization"},"image":{"@id":"https:\/\/telepolice.be\/index.php\/2019\/04\/01\/2009-fleurus-renfort-des-patrouilles-de-police\/#primaryimage"},"thumbnailUrl":"https:\/\/telepolice.be\/wp-content\/uploads\/2019\/04\/Police.jpg","articleSection":["Revue De Presse"],"inLanguage":"fr-FR","potentialAction":[{"@type":"CommentAction","name":"Comment","target":["https:\/\/telepolice.be\/index.php\/2019\/04\/01\/2009-fleurus-renfort-des-patrouilles-de-police\/#respond"]}]},{"@type":"WebPage","@id":"https:\/\/telepolice.be\/index.php\/2019\/04\/01\/2009-fleurus-renfort-des-patrouilles-de-police\/","url":"https:\/\/telepolice.be\/index.php\/2019\/04\/01\/2009-fleurus-renfort-des-patrouilles-de-police\/","name":"2009 : Fleurus: renfort des patrouilles de police - TELEPOLICE","isPartOf":{"@id":"https:\/\/telepolice.be\/#website"},"primaryImageOfPage":{"@id":"https:\/\/telepolice.be\/index.php\/2019\/04\/01\/2009-fleurus-renfort-des-patrouilles-de-police\/#primaryimage"},"image":{"@id":"https:\/\/telepolice.be\/index.php\/2019\/04\/01\/2009-fleurus-renfort-des-patrouilles-de-police\/#primaryimage"},"thumbnailUrl":"https:\/\/telepolice.be\/wp-content\/uploads\/2019\/04\/Police.jpg","datePublished":"2019-04-01T12:42:20+00:00","dateModified":"2019-04-18T12:31:25+00:00","breadcrumb":{"@id":"https:\/\/telepolice.be\/index.php\/2019\/04\/01\/2009-fleurus-renfort-des-patrouilles-de-police\/#breadcrumb"},"inLanguage":"fr-FR","potentialAction":[{"@type":"ReadAction","target":["https:\/\/telepolice.be\/index.php\/2019\/04\/01\/2009-fleurus-renfort-des-patrouilles-de-police\/"]}]},{"@type":"ImageObject","inLanguage":"fr-FR","@id":"https:\/\/telepolice.be\/index.php\/2019\/04\/01\/2009-fleurus-renfort-des-patrouilles-de-police\/#primaryimage","url":"https:\/\/telepolice.be\/wp-content\/uploads\/2019\/04\/Police.jpg","contentUrl":"https:\/\/telepolice.be\/wp-content\/uploads\/2019\/04\/Police.jpg","width":940,"height":470},{"@type":"BreadcrumbList","@id":"https:\/\/telepolice.be\/index.php\/2019\/04\/01\/2009-fleurus-renfort-des-patrouilles-de-police\/#breadcrumb","itemListElement":[{"@type":"ListItem","position":1,"name":"Accueil","item":"https:\/\/telepolice.be\/"},{"@type":"ListItem","position":2,"name":"2009 : Fleurus: renfort des patrouilles de police"}]},{"@type":"WebSite","@id":"https:\/\/telepolice.be\/#website","url":"https:\/\/telepolice.be\/","name":"TELEPOLICE","description":"Prot\u00e9gez votre entreprise","publisher":{"@id":"https:\/\/telepolice.be\/#organization"},"potentialAction":[{"@type":"SearchAction","target":{"@type":"EntryPoint","urlTemplate":"https:\/\/telepolice.be\/?s={search_term_string}"},"query-input":{"@type":"PropertyValueSpecification","valueRequired":true,"valueName":"search_term_string"}}],"inLanguage":"fr-FR"},{"@type":"Organization","@id":"https:\/\/telepolice.be\/#organization","name":"TELE POLICE","url":"https:\/\/telepolice.be\/","logo":{"@type":"ImageObject","inLanguage":"fr-FR","@id":"https:\/\/telepolice.be\/#\/schema\/logo\/image\/","url":"https:\/\/telepolice.be\/wp-content\/uploads\/2019\/04\/cropped-logotelepolice-3.png","contentUrl":"https:\/\/telepolice.be\/wp-content\/uploads\/2019\/04\/cropped-logotelepolice-3.png","width":408,"height":65,"caption":"TELE POLICE"},"image":{"@id":"https:\/\/telepolice.be\/#\/schema\/logo\/image\/"}},{"@type":"Person","@id":"https:\/\/telepolice.be\/#\/schema\/person\/ca479b77454640f8f918dd017bd028bf","name":"admin","image":{"@type":"ImageObject","inLanguage":"fr-FR","@id":"https:\/\/secure.gravatar.com\/avatar\/dd9167fd60efcd6c24559ffa4f391e918347b9cf398a5593e29d658b4ae5d443?s=96&d=mm&r=g","url":"https:\/\/secure.gravatar.com\/avatar\/dd9167fd60efcd6c24559ffa4f391e918347b9cf398a5593e29d658b4ae5d443?s=96&d=mm&r=g","contentUrl":"https:\/\/secure.gravatar.com\/avatar\/dd9167fd60efcd6c24559ffa4f391e918347b9cf398a5593e29d658b4ae5d443?s=96&d=mm&r=g","caption":"admin"},"url":"https:\/\/telepolice.be\/index.php\/author\/web_telepolice\/"}]}},"_links":{"self":[{"href":"https:\/\/telepolice.be\/index.php\/wp-json\/wp\/v2\/posts\/884","targetHints":{"allow":["GET"]}}],"collection":[{"href":"https:\/\/telepolice.be\/index.php\/wp-json\/wp\/v2\/posts"}],"about":[{"href":"https:\/\/telepolice.be\/index.php\/wp-json\/wp\/v2\/types\/post"}],"author":[{"embeddable":true,"href":"https:\/\/telepolice.be\/index.php\/wp-json\/wp\/v2\/users\/1"}],"replies":[{"embeddable":true,"href":"https:\/\/telepolice.be\/index.php\/wp-json\/wp\/v2\/comments?post=884"}],"version-history":[{"count":6,"href":"https:\/\/telepolice.be\/index.php\/wp-json\/wp\/v2\/posts\/884\/revisions"}],"predecessor-version":[{"id":2130,"href":"https:\/\/telepolice.be\/index.php\/wp-json\/wp\/v2\/posts\/884\/revisions\/2130"}],"wp:featuredmedia":[{"embeddable":true,"href":"https:\/\/telepolice.be\/index.php\/wp-json\/wp\/v2\/media\/939"}],"wp:attachment":[{"href":"https:\/\/telepolice.be\/index.php\/wp-json\/wp\/v2\/media?parent=884"}],"wp:term":[{"taxonomy":"category","embeddable":true,"href":"https:\/\/telepolice.be\/index.php\/wp-json\/wp\/v2\/categories?post=884"},{"taxonomy":"post_tag","embeddable":true,"href":"https:\/\/telepolice.be\/index.php\/wp-json\/wp\/v2\/tags?post=884"}],"curies":[{"name":"wp","href":"https:\/\/api.w.org\/{rel}","templated":true}]}}