{"id":793,"date":"2019-04-01T11:19:48","date_gmt":"2019-04-01T11:19:48","guid":{"rendered":"https:\/\/telepolice.be\/index.php\/2019\/04\/01\/2009-schaerbeek-des-cameras-dans-les-commerces\/"},"modified":"2019-04-18T16:54:10","modified_gmt":"2019-04-18T14:54:10","slug":"2009-schaerbeek-des-cameras-dans-les-commerces","status":"publish","type":"post","link":"https:\/\/telepolice.be\/index.php\/2019\/04\/01\/2009-schaerbeek-des-cameras-dans-les-commerces\/","title":{"rendered":"2009 : Schaerbeek: des cam\u00e9ras dans les commerces"},"content":{"rendered":"<p><em class=\"credit\">Un syst\u00e8me t\u00e9l\u00e9-police plus \u00e9labor\u00e9.<\/em><\/p>\n<blockquote class=\"chapeau\"><p>Le projet sera soumis au plus t\u00f4t \u00e0 l\u2019ent\u00e9rinement du conseil de police. Il pr\u00e9voit, dans un premier temps, l\u2019installation dans 500\u00a0commerces de cam\u00e9ras directement reli\u00e9es \u00e0 la centrale de la police<\/p><\/blockquote>\n<p class=\"st_first_p with_img\">Jusqu\u2019ici, T\u00e9l\u00e9-police portait bien mal son nom! Le syst\u00e8me se limitait \u00e0 un \u00e9metteur permettant de retransmettre les sons.<\/p>\n<p class=\"st_first_p with_img\">En actionnant le bouton-poussoir, les bijoutiers et pharmaciens entrent directement (et silencieusement) en contact avec les policiers. Ceux-ci peuvent ainsi entendre ce qui se passe dans la boutique et \u00e9valuer au mieux la situation. Mais la zone Nord (Schaerbeek, Evere et Saint-Josse) veut aller plus loin en int\u00e9grant la dimension visuelle.<\/p>\n<p>\u201c L\u2019ancien T\u00e9l\u00e9-police \u00e9tait une bonne exp\u00e9rience. Son fonctionnement n\u2019\u00e9tait pas optimal, c\u2019est certain, mais nous obtenions de bons r\u00e9sultats. Mais aujourd\u2019hui, ce syst\u00e8me a montr\u00e9 ses limites et devrait \u00eatre \u00e9tendu aux autres commerces cibl\u00e9s \u201d, explique le commissaire Franck Dauchy, chef du dispatching et charg\u00e9 de d\u00e9velopper le projet T\u00e9l\u00e9-police.<\/p>\n<p>\u201cDans un futur proche, nous aimerions ajouter les images au son. Cela nous permettrait de mieux g\u00e9rer l\u2019information et d\u2019intervenir plus efficacement. Nous y voyons un instrument utile qui augmenterait la s\u00e9curit\u00e9 des commer\u00e7ants \u201d.<\/p>\n<p>Le mode d\u2019utilisation reste inchang\u00e9: le commer\u00e7ant qui se sent menac\u00e9 actionne l\u2019alarme qui envoie directement un signal \u00e0 la centrale de police. Il suffit aux policiers de faire appara\u00eetre les images retransmises par la cam\u00e9ra install\u00e9e dans le commerce. En un coup d\u2019\u0153il, la situation peut ainsi \u00eatre \u00e9valu\u00e9e: nombre de suspects, pr\u00e9sence d\u2019armes \u00e0 feu, identit\u00e9s&#8230;<\/p>\n<p>Et si la zone Nord est actuellement la seule \u00e0 plancher sur cette version plus \u00e9volu\u00e9e de T\u00e9l\u00e9-police, in fine, toutes les zones de police bruxelloises devraient lui embo\u00eeter le pas.<\/p>\n<p>Dans un premier temps, la nouvelle mouture de T\u00e9l\u00e9-police serait mise en place \u00e0 la demande dans 500 commerces maximum. Au terme d\u2019une premi\u00e8re phase de test, la formule pourrait \u00eatre modul\u00e9e et adapt\u00e9e. \u201c Il faut \u00eatre certains que les commer\u00e7ants en fassent bon usage. Car s\u2019ils abusent de ce service, nous patrouillent mettront de plus en plus de temps \u00e0 intervenir \u201d.<\/p>\n<p>&nbsp;<\/p>\n","protected":false},"excerpt":{"rendered":"<p>Un syst\u00e8me t\u00e9l\u00e9-police plus \u00e9labor\u00e9. Le projet sera soumis au plus t\u00f4t \u00e0 l\u2019ent\u00e9rinement du conseil de police. Il pr\u00e9voit, dans un premier temps, l\u2019installation dans 500\u00a0commerces de cam\u00e9ras directement reli\u00e9es \u00e0 la centrale de la police Jusqu\u2019ici, T\u00e9l\u00e9-police portait bien mal son nom! Le syst\u00e8me se limitait \u00e0 un \u00e9metteur permettant de retransmettre les&hellip; <br \/> <a class=\"read-more\" href=\"https:\/\/telepolice.be\/index.php\/2019\/04\/01\/2009-schaerbeek-des-cameras-dans-les-commerces\/\">Lire la suite<\/a><\/p>\n","protected":false},"author":1,"featured_media":0,"comment_status":"open","ping_status":"closed","sticky":false,"template":"","format":"standard","meta":{"footnotes":""},"categories":[6],"tags":[],"class_list":["post-793","post","type-post","status-publish","format-standard","hentry","category-revue-de-presse"],"yoast_head":"<!-- This site is optimized with the Yoast SEO plugin v27.5 - https:\/\/yoast.com\/product\/yoast-seo-wordpress\/ -->\n<title>2009 : Schaerbeek: des cam\u00e9ras dans les commerces - TELEPOLICE<\/title>\n<meta name=\"robots\" content=\"index, follow, max-snippet:-1, max-image-preview:large, max-video-preview:-1\" \/>\n<link rel=\"canonical\" href=\"https:\/\/telepolice.be\/index.php\/2019\/04\/01\/2009-schaerbeek-des-cameras-dans-les-commerces\/\" \/>\n<meta property=\"og:locale\" content=\"fr_FR\" \/>\n<meta property=\"og:type\" content=\"article\" \/>\n<meta property=\"og:title\" content=\"2009 : Schaerbeek: des cam\u00e9ras dans les commerces - TELEPOLICE\" \/>\n<meta property=\"og:description\" content=\"Un syst\u00e8me t\u00e9l\u00e9-police plus \u00e9labor\u00e9. Le projet sera soumis au plus t\u00f4t \u00e0 l\u2019ent\u00e9rinement du conseil de police. Il pr\u00e9voit, dans un premier temps, l\u2019installation dans 500\u00a0commerces de cam\u00e9ras directement reli\u00e9es \u00e0 la centrale de la police Jusqu\u2019ici, T\u00e9l\u00e9-police portait bien mal son nom! Le syst\u00e8me se limitait \u00e0 un \u00e9metteur permettant de retransmettre les&hellip; Lire la suite\" \/>\n<meta property=\"og:url\" content=\"https:\/\/telepolice.be\/index.php\/2019\/04\/01\/2009-schaerbeek-des-cameras-dans-les-commerces\/\" \/>\n<meta property=\"og:site_name\" content=\"TELEPOLICE\" \/>\n<meta property=\"article:published_time\" content=\"2019-04-01T11:19:48+00:00\" \/>\n<meta property=\"article:modified_time\" content=\"2019-04-18T14:54:10+00:00\" \/>\n<meta name=\"author\" content=\"admin\" \/>\n<meta name=\"twitter:card\" content=\"summary_large_image\" \/>\n<meta name=\"twitter:label1\" content=\"\u00c9crit par\" \/>\n\t<meta name=\"twitter:data1\" content=\"admin\" \/>\n\t<meta name=\"twitter:label2\" content=\"Dur\u00e9e de lecture estim\u00e9e\" \/>\n\t<meta name=\"twitter:data2\" content=\"2 minutes\" \/>\n<script type=\"application\/ld+json\" class=\"yoast-schema-graph\">{\"@context\":\"https:\\\/\\\/schema.org\",\"@graph\":[{\"@type\":\"Article\",\"@id\":\"https:\\\/\\\/telepolice.be\\\/index.php\\\/2019\\\/04\\\/01\\\/2009-schaerbeek-des-cameras-dans-les-commerces\\\/#article\",\"isPartOf\":{\"@id\":\"https:\\\/\\\/telepolice.be\\\/index.php\\\/2019\\\/04\\\/01\\\/2009-schaerbeek-des-cameras-dans-les-commerces\\\/\"},\"author\":{\"name\":\"admin\",\"@id\":\"https:\\\/\\\/telepolice.be\\\/#\\\/schema\\\/person\\\/ca479b77454640f8f918dd017bd028bf\"},\"headline\":\"2009 : Schaerbeek: des cam\u00e9ras dans les commerces\",\"datePublished\":\"2019-04-01T11:19:48+00:00\",\"dateModified\":\"2019-04-18T14:54:10+00:00\",\"mainEntityOfPage\":{\"@id\":\"https:\\\/\\\/telepolice.be\\\/index.php\\\/2019\\\/04\\\/01\\\/2009-schaerbeek-des-cameras-dans-les-commerces\\\/\"},\"wordCount\":397,\"commentCount\":0,\"publisher\":{\"@id\":\"https:\\\/\\\/telepolice.be\\\/#organization\"},\"articleSection\":[\"Revue De Presse\"],\"inLanguage\":\"fr-FR\",\"potentialAction\":[{\"@type\":\"CommentAction\",\"name\":\"Comment\",\"target\":[\"https:\\\/\\\/telepolice.be\\\/index.php\\\/2019\\\/04\\\/01\\\/2009-schaerbeek-des-cameras-dans-les-commerces\\\/#respond\"]}]},{\"@type\":\"WebPage\",\"@id\":\"https:\\\/\\\/telepolice.be\\\/index.php\\\/2019\\\/04\\\/01\\\/2009-schaerbeek-des-cameras-dans-les-commerces\\\/\",\"url\":\"https:\\\/\\\/telepolice.be\\\/index.php\\\/2019\\\/04\\\/01\\\/2009-schaerbeek-des-cameras-dans-les-commerces\\\/\",\"name\":\"2009 : Schaerbeek: des cam\u00e9ras dans les commerces - TELEPOLICE\",\"isPartOf\":{\"@id\":\"https:\\\/\\\/telepolice.be\\\/#website\"},\"datePublished\":\"2019-04-01T11:19:48+00:00\",\"dateModified\":\"2019-04-18T14:54:10+00:00\",\"breadcrumb\":{\"@id\":\"https:\\\/\\\/telepolice.be\\\/index.php\\\/2019\\\/04\\\/01\\\/2009-schaerbeek-des-cameras-dans-les-commerces\\\/#breadcrumb\"},\"inLanguage\":\"fr-FR\",\"potentialAction\":[{\"@type\":\"ReadAction\",\"target\":[\"https:\\\/\\\/telepolice.be\\\/index.php\\\/2019\\\/04\\\/01\\\/2009-schaerbeek-des-cameras-dans-les-commerces\\\/\"]}]},{\"@type\":\"BreadcrumbList\",\"@id\":\"https:\\\/\\\/telepolice.be\\\/index.php\\\/2019\\\/04\\\/01\\\/2009-schaerbeek-des-cameras-dans-les-commerces\\\/#breadcrumb\",\"itemListElement\":[{\"@type\":\"ListItem\",\"position\":1,\"name\":\"Accueil\",\"item\":\"https:\\\/\\\/telepolice.be\\\/\"},{\"@type\":\"ListItem\",\"position\":2,\"name\":\"2009 : Schaerbeek: des cam\u00e9ras dans les commerces\"}]},{\"@type\":\"WebSite\",\"@id\":\"https:\\\/\\\/telepolice.be\\\/#website\",\"url\":\"https:\\\/\\\/telepolice.be\\\/\",\"name\":\"TELEPOLICE\",\"description\":\"Prot\u00e9gez votre entreprise\",\"publisher\":{\"@id\":\"https:\\\/\\\/telepolice.be\\\/#organization\"},\"potentialAction\":[{\"@type\":\"SearchAction\",\"target\":{\"@type\":\"EntryPoint\",\"urlTemplate\":\"https:\\\/\\\/telepolice.be\\\/?s={search_term_string}\"},\"query-input\":{\"@type\":\"PropertyValueSpecification\",\"valueRequired\":true,\"valueName\":\"search_term_string\"}}],\"inLanguage\":\"fr-FR\"},{\"@type\":\"Organization\",\"@id\":\"https:\\\/\\\/telepolice.be\\\/#organization\",\"name\":\"TELE POLICE\",\"url\":\"https:\\\/\\\/telepolice.be\\\/\",\"logo\":{\"@type\":\"ImageObject\",\"inLanguage\":\"fr-FR\",\"@id\":\"https:\\\/\\\/telepolice.be\\\/#\\\/schema\\\/logo\\\/image\\\/\",\"url\":\"https:\\\/\\\/telepolice.be\\\/wp-content\\\/uploads\\\/2019\\\/04\\\/cropped-logotelepolice-3.png\",\"contentUrl\":\"https:\\\/\\\/telepolice.be\\\/wp-content\\\/uploads\\\/2019\\\/04\\\/cropped-logotelepolice-3.png\",\"width\":408,\"height\":65,\"caption\":\"TELE POLICE\"},\"image\":{\"@id\":\"https:\\\/\\\/telepolice.be\\\/#\\\/schema\\\/logo\\\/image\\\/\"}},{\"@type\":\"Person\",\"@id\":\"https:\\\/\\\/telepolice.be\\\/#\\\/schema\\\/person\\\/ca479b77454640f8f918dd017bd028bf\",\"name\":\"admin\",\"image\":{\"@type\":\"ImageObject\",\"inLanguage\":\"fr-FR\",\"@id\":\"https:\\\/\\\/secure.gravatar.com\\\/avatar\\\/dd9167fd60efcd6c24559ffa4f391e918347b9cf398a5593e29d658b4ae5d443?s=96&d=mm&r=g\",\"url\":\"https:\\\/\\\/secure.gravatar.com\\\/avatar\\\/dd9167fd60efcd6c24559ffa4f391e918347b9cf398a5593e29d658b4ae5d443?s=96&d=mm&r=g\",\"contentUrl\":\"https:\\\/\\\/secure.gravatar.com\\\/avatar\\\/dd9167fd60efcd6c24559ffa4f391e918347b9cf398a5593e29d658b4ae5d443?s=96&d=mm&r=g\",\"caption\":\"admin\"},\"url\":\"https:\\\/\\\/telepolice.be\\\/index.php\\\/author\\\/web_telepolice\\\/\"}]}<\/script>\n<!-- \/ Yoast SEO plugin. -->","yoast_head_json":{"title":"2009 : Schaerbeek: des cam\u00e9ras dans les commerces - TELEPOLICE","robots":{"index":"index","follow":"follow","max-snippet":"max-snippet:-1","max-image-preview":"max-image-preview:large","max-video-preview":"max-video-preview:-1"},"canonical":"https:\/\/telepolice.be\/index.php\/2019\/04\/01\/2009-schaerbeek-des-cameras-dans-les-commerces\/","og_locale":"fr_FR","og_type":"article","og_title":"2009 : Schaerbeek: des cam\u00e9ras dans les commerces - TELEPOLICE","og_description":"Un syst\u00e8me t\u00e9l\u00e9-police plus \u00e9labor\u00e9. Le projet sera soumis au plus t\u00f4t \u00e0 l\u2019ent\u00e9rinement du conseil de police. Il pr\u00e9voit, dans un premier temps, l\u2019installation dans 500\u00a0commerces de cam\u00e9ras directement reli\u00e9es \u00e0 la centrale de la police Jusqu\u2019ici, T\u00e9l\u00e9-police portait bien mal son nom! Le syst\u00e8me se limitait \u00e0 un \u00e9metteur permettant de retransmettre les&hellip; Lire la suite","og_url":"https:\/\/telepolice.be\/index.php\/2019\/04\/01\/2009-schaerbeek-des-cameras-dans-les-commerces\/","og_site_name":"TELEPOLICE","article_published_time":"2019-04-01T11:19:48+00:00","article_modified_time":"2019-04-18T14:54:10+00:00","author":"admin","twitter_card":"summary_large_image","twitter_misc":{"\u00c9crit par":"admin","Dur\u00e9e de lecture estim\u00e9e":"2 minutes"},"schema":{"@context":"https:\/\/schema.org","@graph":[{"@type":"Article","@id":"https:\/\/telepolice.be\/index.php\/2019\/04\/01\/2009-schaerbeek-des-cameras-dans-les-commerces\/#article","isPartOf":{"@id":"https:\/\/telepolice.be\/index.php\/2019\/04\/01\/2009-schaerbeek-des-cameras-dans-les-commerces\/"},"author":{"name":"admin","@id":"https:\/\/telepolice.be\/#\/schema\/person\/ca479b77454640f8f918dd017bd028bf"},"headline":"2009 : Schaerbeek: des cam\u00e9ras dans les commerces","datePublished":"2019-04-01T11:19:48+00:00","dateModified":"2019-04-18T14:54:10+00:00","mainEntityOfPage":{"@id":"https:\/\/telepolice.be\/index.php\/2019\/04\/01\/2009-schaerbeek-des-cameras-dans-les-commerces\/"},"wordCount":397,"commentCount":0,"publisher":{"@id":"https:\/\/telepolice.be\/#organization"},"articleSection":["Revue De Presse"],"inLanguage":"fr-FR","potentialAction":[{"@type":"CommentAction","name":"Comment","target":["https:\/\/telepolice.be\/index.php\/2019\/04\/01\/2009-schaerbeek-des-cameras-dans-les-commerces\/#respond"]}]},{"@type":"WebPage","@id":"https:\/\/telepolice.be\/index.php\/2019\/04\/01\/2009-schaerbeek-des-cameras-dans-les-commerces\/","url":"https:\/\/telepolice.be\/index.php\/2019\/04\/01\/2009-schaerbeek-des-cameras-dans-les-commerces\/","name":"2009 : Schaerbeek: des cam\u00e9ras dans les commerces - TELEPOLICE","isPartOf":{"@id":"https:\/\/telepolice.be\/#website"},"datePublished":"2019-04-01T11:19:48+00:00","dateModified":"2019-04-18T14:54:10+00:00","breadcrumb":{"@id":"https:\/\/telepolice.be\/index.php\/2019\/04\/01\/2009-schaerbeek-des-cameras-dans-les-commerces\/#breadcrumb"},"inLanguage":"fr-FR","potentialAction":[{"@type":"ReadAction","target":["https:\/\/telepolice.be\/index.php\/2019\/04\/01\/2009-schaerbeek-des-cameras-dans-les-commerces\/"]}]},{"@type":"BreadcrumbList","@id":"https:\/\/telepolice.be\/index.php\/2019\/04\/01\/2009-schaerbeek-des-cameras-dans-les-commerces\/#breadcrumb","itemListElement":[{"@type":"ListItem","position":1,"name":"Accueil","item":"https:\/\/telepolice.be\/"},{"@type":"ListItem","position":2,"name":"2009 : Schaerbeek: des cam\u00e9ras dans les commerces"}]},{"@type":"WebSite","@id":"https:\/\/telepolice.be\/#website","url":"https:\/\/telepolice.be\/","name":"TELEPOLICE","description":"Prot\u00e9gez votre entreprise","publisher":{"@id":"https:\/\/telepolice.be\/#organization"},"potentialAction":[{"@type":"SearchAction","target":{"@type":"EntryPoint","urlTemplate":"https:\/\/telepolice.be\/?s={search_term_string}"},"query-input":{"@type":"PropertyValueSpecification","valueRequired":true,"valueName":"search_term_string"}}],"inLanguage":"fr-FR"},{"@type":"Organization","@id":"https:\/\/telepolice.be\/#organization","name":"TELE POLICE","url":"https:\/\/telepolice.be\/","logo":{"@type":"ImageObject","inLanguage":"fr-FR","@id":"https:\/\/telepolice.be\/#\/schema\/logo\/image\/","url":"https:\/\/telepolice.be\/wp-content\/uploads\/2019\/04\/cropped-logotelepolice-3.png","contentUrl":"https:\/\/telepolice.be\/wp-content\/uploads\/2019\/04\/cropped-logotelepolice-3.png","width":408,"height":65,"caption":"TELE POLICE"},"image":{"@id":"https:\/\/telepolice.be\/#\/schema\/logo\/image\/"}},{"@type":"Person","@id":"https:\/\/telepolice.be\/#\/schema\/person\/ca479b77454640f8f918dd017bd028bf","name":"admin","image":{"@type":"ImageObject","inLanguage":"fr-FR","@id":"https:\/\/secure.gravatar.com\/avatar\/dd9167fd60efcd6c24559ffa4f391e918347b9cf398a5593e29d658b4ae5d443?s=96&d=mm&r=g","url":"https:\/\/secure.gravatar.com\/avatar\/dd9167fd60efcd6c24559ffa4f391e918347b9cf398a5593e29d658b4ae5d443?s=96&d=mm&r=g","contentUrl":"https:\/\/secure.gravatar.com\/avatar\/dd9167fd60efcd6c24559ffa4f391e918347b9cf398a5593e29d658b4ae5d443?s=96&d=mm&r=g","caption":"admin"},"url":"https:\/\/telepolice.be\/index.php\/author\/web_telepolice\/"}]}},"_links":{"self":[{"href":"https:\/\/telepolice.be\/index.php\/wp-json\/wp\/v2\/posts\/793","targetHints":{"allow":["GET"]}}],"collection":[{"href":"https:\/\/telepolice.be\/index.php\/wp-json\/wp\/v2\/posts"}],"about":[{"href":"https:\/\/telepolice.be\/index.php\/wp-json\/wp\/v2\/types\/post"}],"author":[{"embeddable":true,"href":"https:\/\/telepolice.be\/index.php\/wp-json\/wp\/v2\/users\/1"}],"replies":[{"embeddable":true,"href":"https:\/\/telepolice.be\/index.php\/wp-json\/wp\/v2\/comments?post=793"}],"version-history":[{"count":2,"href":"https:\/\/telepolice.be\/index.php\/wp-json\/wp\/v2\/posts\/793\/revisions"}],"predecessor-version":[{"id":2187,"href":"https:\/\/telepolice.be\/index.php\/wp-json\/wp\/v2\/posts\/793\/revisions\/2187"}],"wp:attachment":[{"href":"https:\/\/telepolice.be\/index.php\/wp-json\/wp\/v2\/media?parent=793"}],"wp:term":[{"taxonomy":"category","embeddable":true,"href":"https:\/\/telepolice.be\/index.php\/wp-json\/wp\/v2\/categories?post=793"},{"taxonomy":"post_tag","embeddable":true,"href":"https:\/\/telepolice.be\/index.php\/wp-json\/wp\/v2\/tags?post=793"}],"curies":[{"name":"wp","href":"https:\/\/api.w.org\/{rel}","templated":true}]}}