{"id":792,"date":"2019-04-01T11:19:47","date_gmt":"2019-04-01T11:19:47","guid":{"rendered":"https:\/\/telepolice.be\/index.php\/2019\/04\/01\/2007-note-de-politique-generale-de-molenbeek\/"},"modified":"2019-05-09T08:50:36","modified_gmt":"2019-05-09T06:50:36","slug":"2007-note-de-politique-generale-de-molenbeek","status":"publish","type":"post","link":"https:\/\/telepolice.be\/index.php\/2019\/04\/01\/2007-note-de-politique-generale-de-molenbeek\/","title":{"rendered":"2007 : Note de politique g\u00e9n\u00e9rale de Molenbeek"},"content":{"rendered":"<h4>Note de politique g\u00e9n\u00e9rale de Molenbeek<\/h4>\n<p><strong>Programme d&rsquo;actions 2007 &#8211; 2012<\/strong><\/p>\n<ul>\n<li><a href=\"http:\/\/www.molenbeek.be\/fr\/note_politique_generalefr.htm#a\">Un cadre de vie embelli et s\u00e9curisant pour tous<\/a><\/li>\n<li><a href=\"http:\/\/www.molenbeek.be\/fr\/note_politique_generalefr.htm#b\">Intensifier les m\u00e9canismes de solidarit\u00e9 sociale et \u00e9conomique sur le territoire communal<\/a><\/li>\n<li><a href=\"http:\/\/www.molenbeek.be\/fr\/note_politique_generalefr.htm#c\">D\u00e9velopper les actions d\u00e9j\u00e0 en cours pour apprendre, se divertir, vivre les cultures \u00e0 Molenbeek<\/a><\/li>\n<\/ul>\n<p align=\"justify\">La d\u00e9claration g\u00e9n\u00e9rale de l\u00e9gislature, texte fondamental pour tous les Molenbeekois, d\u00e9termine les priorit\u00e9s de travail qui ont \u00e9t\u00e9 choisies par le nouveau Coll\u00e8ge pour rencontrer son objectif g\u00e9n\u00e9ral\u00a0: l\u2019am\u00e9lioration notable du bien \u00eatre des habitants de Molenbeek-Saint-Jean dans tous les quartiers de la commune.<\/p>\n<p lang=\"fr-BE\" align=\"justify\">Je souhaite mettre en \u00e9vidence le souci de tous les mandataires formant notre nouvelle et large alliance d\u2019\u0153uvrer ensemble, dans un esprit de coh\u00e9rence, dans le but unique et commun de favoriser le bien-\u00eatre et les int\u00e9r\u00eats de tous les Molenbeekois.<\/p>\n<p lang=\"fr-BE\" align=\"justify\">En effet, m\u00eame si un changement de majorit\u00e9 implique des aspects nouveaux, les grandes pr\u00e9occupations des nouveaux mandataires demeurent n\u00e9anmoins tourn\u00e9es vers des domaines pour lesquels des efforts importants ont d\u00e9j\u00e0 \u00e9t\u00e9 fournis au cours des derni\u00e8res ann\u00e9es.<\/p>\n<p align=\"justify\"><span lang=\"fr-BE\">Ces domaines sont li\u00e9s \u00e0 l\u2019embellissement de l\u2019espace public, \u00e0 la s\u00e9curit\u00e9, \u00e0 la modernisation des infrastructures, au droit au logement pour tous, \u00e0 l\u2019\u00e9conomie locale, \u00e0 l\u2019emploi, \u00e0 la s\u00e9curit\u00e9, \u00e0 la propret\u00e9, soit autant de th\u00e8mes entrant dans le cadre de la bonne gestion d\u2019une commune,\u2026 autant de th\u00e8mes qui seront abord\u00e9s dans cette d\u00e9claration et d\u00e9clin\u00e9s sous forme d\u2019actions concr\u00e8tes dans le Plan de D\u00e9veloppement Communal.<\/span><\/p>\n<p align=\"justify\">Les priorit\u00e9s de la nouvelle majorit\u00e9 constituent donc les piliers fondateurs de la politique qui sera mise<span lang=\"fr-BE\">\u00a0en \u0153uvre pour les six prochaines ann\u00e9es<\/span>.<\/p>\n<p align=\"justify\">Ces piliers sont au nombre de trois. Il s\u2019agit\u00a0:<\/p>\n<p align=\"justify\">&#8211; premi\u00e8rement, de poursuivre et de renforcer les actions de d\u00e9veloppement pour un\u00a0<strong>cadre de vie embelli et s\u00e9curisant pour tous<\/strong>, par la r\u00e9habilitation d\u00e9j\u00e0 bien entam\u00e9e au cours des ann\u00e9es pr\u00e9c\u00e9dentes de l\u2019ensemble du tissu urbain et \u00e9conomique de la commune, en accentuant les efforts entrepris en mati\u00e8re d\u2019environnement, de propret\u00e9 des espaces publics, d\u2019am\u00e9lioration de la mobilit\u00e9\u00a0 sur le territoire communal, en faisant appel notamment aux aides r\u00e9gionales, f\u00e9d\u00e9rales et europ\u00e9ennes. Il s\u2019agit \u00e9galement d\u2019accentuer les r\u00e9sultats obtenus en mati\u00e8re de s\u00e9curit\u00e9 de tous en renfor\u00e7ant la lutte contre la d\u00e9linquance men\u00e9e tant par les services de s\u00e9curit\u00e9 que par les services de pr\u00e9vention\u00a0;<\/p>\n<p align=\"justify\">&#8211; deuxi\u00e8mement, d\u2019intensifier les\u00a0<strong>m\u00e9canismes de solidarit\u00e9 sociale et \u00e9conomique<\/strong>\u00a0sur le territoire communal\u00a0en menant une politique d\u2019ouverture et d\u2019accessibilit\u00e9 dans les domaines du logement, de la formation, de l\u2019insertion socio-professionnelle, de l\u2019emploi, du commerce\u00a0et du d\u00e9veloppement des petites et moyennes entreprises;<\/p>\n<p align=\"justify\">&#8211; troisi\u00e8mement, de d\u00e9velopper les actions d\u00e9j\u00e0 en cours pour\u00a0<strong>apprendre, se divertir, vivre les cultures \u00e0 Molenbeek<\/strong>\u00a0et favoriser ainsi le mieux \u00eatre, le mieux vivre des habitants au sein de tous les quartiers de la commune.<\/p>\n<p align=\"justify\">Ces trois piliers seront repris sous forme op\u00e9rationnelle dans le Plan Communal de D\u00e9veloppement et formeront la base de l\u2019action communale au cours des six ann\u00e9es \u00e0 venir m\u00eame si, comme vous le savez, ils restent soumis \u00e0 de fortes contraintes socio-\u00e9conomiques qu\u2019une commune n\u2019a pas toujours la possibilit\u00e9 de ma\u00eetriser.<\/p>\n<p align=\"justify\">De plus, ces choix politiques ne sont aucunement immuables ou rigides. Ils constituent plut\u00f4t des lignes directrices dont la mise \u00e0 ex\u00e9cution devra s\u2019adapter aux circonstances nouvelles qui ne manqueront pas de surgir dans le courant de la l\u00e9gislature.<\/p>\n<h4 align=\"justify\"><strong>I. UN CADRE DE VIE EMBELLI ET SECURISANT POUR TOUS\u00a0<\/strong><\/h4>\n<p align=\"justify\">\n<map name=\"MapMap4Map4\"><\/map>\n<\/p>\n<p align=\"justify\">La commune, autant par ses propres moyens, qu\u2019en parfaite entente avec l\u2019Etat f\u00e9d\u00e9ral, la R\u00e9gion de Bruxelles-Capitale et en collaboration avec le secteur priv\u00e9, a mis un point d\u2019honneur \u00e0 am\u00e9liorer consid\u00e9rablement le visage de l\u2019espace public et, par l\u00e0 m\u00eame, l\u2019image de certains quartiers.<\/p>\n<p lang=\"fr-BE\" align=\"justify\">Si la gare de l\u2019Ouest reste le dernier grand territoire (plus de 12 hectares) \u00e0 am\u00e9nager, un combat de 15 ans est d\u00e9sormais gagn\u00e9\u00a0: l\u2019ancienne perc\u00e9e du m\u00e9tro qui allait du canal aux Etangs Noirs est enfin combl\u00e9e. Le logement et l\u2019activit\u00e9 \u00e9conomique ont pu y reprendre leurs droits. Le quartier Heyvaert n\u2019est plus une jungle de carcasses de voitures. Le quartier Maritime voit s\u2019implanter d\u2019importantes infrastructures communales et r\u00e9gionales alors que la zone de Tours &amp; Taxis verra son am\u00e9nagement modifi\u00e9 dans les prochaines ann\u00e9es.<\/p>\n<p lang=\"fr-BE\" align=\"justify\">Un nombre tr\u00e8s important de logements ont aussi \u00e9t\u00e9 construits dans le haut de la commune. Les travaux publics ont r\u00e9pondu et continueront \u00e0 r\u00e9pondre \u00e0 l\u2019objectif principal d\u2019une r\u00e9partition \u00e9quilibr\u00e9e des interventions entre tous les quartiers.<\/p>\n<p align=\"justify\">Aujourd\u2019hui, malgr\u00e9 les incontestables r\u00e9sultats obtenus, les d\u00e9fis qui restent \u00e0 relever sont encore nombreux. C\u2019est pourquoi, la majorit\u00e9 en place \u00e0 Molenbeek-Saint-Jean d\u00e9veloppera une politique autour de plusieurs axes.<\/p>\n<p align=\"justify\"><strong>Le premier axe<\/strong>\u00a0de cette politique concerne les programmes d\u2019envergure men\u00e9s principalement par les op\u00e9rateurs publics. Les instances communales souhaitent poursuivre la\u00a0<strong>restructuration et la r\u00e9novation<\/strong>\u00a0globale des quartiers du Molenbeek historique au profit des habitants par l\u2019accentuation des importants programmes de revitalisation que constituent les Contrats de Quartier.<\/p>\n<p align=\"justify\">Les Contrats de Quartier permettent en effet de redessiner enti\u00e8rement certains espaces publics de mani\u00e8re \u00e0 am\u00e9liorer leur fonctionnement et de r\u00e9nover ou de reconstruire des immeubles afin d\u2019\u00e9liminer des chancres tout en restructurant valablement le b\u00e2ti.<\/p>\n<p align=\"justify\">Si au cours de cette nouvelle l\u00e9gislature les op\u00e9rations pr\u00e9vues dans les Contrats de Quartier Heyvaert, Escaut-Meuse, Fonderie-Pierron, Maritime, Ateliers-Mommaerts entreront dans leur phase de mise en \u0153uvre pour certains ou seront totalement concr\u00e9tis\u00e9s pour les autres, les instances communales continueront de chercher \u00e0 obtenir de nouveaux financements compl\u00e9mentaires afin de poursuivre cette revitalisation g\u00e9n\u00e9rale, que cela soit au sein des quartiers concern\u00e9s ou sur d\u2019autres p\u00e9rim\u00e8tres prioritaires d\u00e9termin\u00e9s en collaboration avec les autorit\u00e9s r\u00e9gionales, f\u00e9d\u00e9rales ou europ\u00e9ennes.<\/p>\n<p align=\"justify\">La majorit\u00e9 souhaite toutefois que ces nouveaux financements soient prioritairement destin\u00e9s \u00e0 l\u2019am\u00e9lioration des quartiers Gare de l\u2019Ouest\/Saint-Lazare, Vandepeereboom\/\u2026 avec, et c\u2019est une premi\u00e8re, un \u00e9largissement du p\u00e9rim\u00e8tre au-del\u00e0 du chemin de fer. C\u2019est ainsi qu\u2019une partie du nouveau Molenbeek qui pr\u00e9sente des signes de fragilit\u00e9, se verra embellie et r\u00e9habilit\u00e9e tout autour du site de la gare de L\u2019Ouest.<\/p>\n<p align=\"justify\"><span lang=\"fr-BE\">La commune mettra en place\u00a0<strong>des projets sp\u00e9cifiques<\/strong>, permettant la cr\u00e9ation de r\u00e9els p\u00f4les de quartiers qui seront mis en place sur la base de ce qui se fait dans le quartier Maritime avec le Centre Communautaire Maritime. Parmi ceux-ci citons\u00a0:<\/span><\/p>\n<p align=\"justify\"><span lang=\"fr-BE\"><strong>La gare de l\u2019Ouest<\/strong>\u00a0: consid\u00e9r\u00e9e aujourd\u2019hui comme une coupure dans le tissu urbain, elle doit devenir une charni\u00e8re entre deux parties de la commune. Sur base des qualit\u00e9s sp\u00e9cifiques du site, dont le fait d\u2019\u00eatre bient\u00f4t un p\u00f4le multimodal parmi les plus d\u00e9velopp\u00e9s de la R\u00e9gion, il faudra permettre, par le biais d\u2019un sch\u00e9ma directeur, la mise en place de plusieurs fonctions s\u2019\u00e9quilibrant entre les secteurs \u00e9conomique (centre commercial, PME qui dynamiseront l\u2019emploi local), enseignement et formation, culturel, r\u00e9cr\u00e9atif et logement (logements sociaux et logements priv\u00e9s, de qualit\u00e9), espaces verts selon les r\u00e9els besoins du quartier et de la commune. La caract\u00e9ristique de mixit\u00e9 des quartiers voisins (habitat et entreprises) ainsi que le degr\u00e9 de densit\u00e9 moyenne de construction et d\u2019occupation du sol seront notamment des crit\u00e8res d\u00e9terminants dans les futurs am\u00e9nagements.<\/span><\/p>\n<p lang=\"fr-BE\" align=\"justify\">D\u2019autre part, le concept devra \u00eatre pens\u00e9 dans une optique de mobilit\u00e9 \u2013 notamment en fonction du futur RER- mais \u00e9galement de service aux citoyens.<\/p>\n<p lang=\"fr-BE\" align=\"justify\">La coh\u00e9sion dans et entre les quartiers est une des principales priorit\u00e9s de la nouvelle Majorit\u00e9 et le site de la gare de l\u2019Ouest en est le symbole.<\/p>\n<p align=\"justify\"><span lang=\"fr-BE\"><strong>Tours &amp; Taxis<\/strong>\u00a0: bien que situ\u00e9 sur le territoire de Bruxelles-Ville, ce site conna\u00eetra des d\u00e9veloppements qui auront une influence directe sur la vie du quartier Maritime. La commune, au travers de toutes les consultations organis\u00e9es \u00e0 l\u2019occasion des proc\u00e9dures de permis, d\u00e9fendra les initiatives pr\u00e9sentant le plus de garanties d\u2019ouverture et d\u2019accessibilit\u00e9 du site \u00e0 nos quartiers.<\/span><\/p>\n<p align=\"justify\"><span lang=\"fr-BE\"><strong>La porte de Ninove<\/strong>\u00a0: ce point de contact avec les deux communes voisines deviendra, d\u2019ici peu, la porte d\u2019entr\u00e9e la plus verte du Pentagone. La cr\u00e9ation d\u2019un nouveau parc de plus d\u2019un hectare en est la garantie. Les futures constructions de logements (tant communaux que du secteur priv\u00e9) et d\u2019\u00e9quipements de quartier constitueront autant d\u2019\u00e9l\u00e9ments du renouveau du quartier, de son ouverture et de son attrait. La pr\u00e9sence et la mise en valeur de l\u2019\u00e9cluse participeront \u00e0 l\u2019image sp\u00e9cifique du site.<\/span><\/p>\n<p align=\"justify\"><span lang=\"fr-BE\"><strong>Le site \u00ab\u00a0Lavoisier\u00a0\u00bb anciennement d\u00e9nomm\u00e9 B.A.T.<\/strong>\u00a0pr\u00e9sente un important potentiel de d\u00e9veloppement d\u2019activit\u00e9s \u00e9conomiques et de logements. Les projets guid\u00e9s par la compatibilit\u00e9 entre ces deux fonctions assureront, gr\u00e2ce aux qualit\u00e9s des b\u00e2timents existants, une ouverture nouvelle au quartier ainsi qu\u2019une opportunit\u00e9 de localisation de nouvelles entreprises.<\/span><\/p>\n<p align=\"justify\">En mati\u00e8re de voiries, nombreuses sont celles qui ont d\u00e9j\u00e0 fait l\u2019objet de r\u00e9novation, souvent profondes. La commune continuera cependant cette politique de r\u00e9novation de mani\u00e8re intensive.<\/p>\n<p align=\"justify\">Le programme de modernisation de l\u2019\u00e9clairage de l\u2019ensemble de la commune sera poursuivi \u00e0 travers les contrats de quartier, les plans triennaux financ\u00e9s par la R\u00e9gion et les travaux sur fonds propres.<\/p>\n<p align=\"justify\">En mati\u00e8re de cr\u00e9ation de logements, toujours dans le cadre des programmes de revitalisation, les instances communales seront attentives \u00e0 r\u00e9pondre \u00e0 la question du logement des familles nombreuses et \u00e0 celui des personnes aux revenus modestes. C\u2019est ainsi que lors de r\u00e9novations ou de constructions d\u2019immeubles dans le cadre d\u2019une op\u00e9ration impliquant les pouvoirs publics, elles veilleront \u00e0 pr\u00e9voir des appartements comptant 3, 4 voire 5 chambres. De m\u00eame, une attention particuli\u00e8re sera port\u00e9e \u00e0 l\u2019accessibilit\u00e9 au logement pour les Personnes \u00e0 Mobilit\u00e9 R\u00e9duite par une adaptation sp\u00e9cifique des lieux. Un effort similaire sera fait en faveur des seniors.<\/p>\n<p align=\"justify\">Les op\u00e9rations urbanistiques li\u00e9es aux Contrats de Quartier s\u2019attachant plus particuli\u00e8rement \u00e0 l\u2019am\u00e9lioration du logement et des espaces publics dans le cadre de l\u2019op\u00e9ration europ\u00e9enne \u201cObjectif 2\u201d, les instances communales ont favoris\u00e9 les op\u00e9rations permettant d\u2019une part de r\u00e9pondre aux demandes des habitants de disposer de nouveaux lieux publics sp\u00e9cialis\u00e9s et d\u2019autre part de compl\u00e9ter la politique g\u00e9n\u00e9rale de revitalisation urbanistique entam\u00e9e par l\u2019interm\u00e9diaire des Contrats de Quartier.<\/p>\n<p align=\"justify\">C\u2019est pourquoi, dans le cadre de l\u2019op\u00e9ration Objectif 2 qui se termine, de nouveaux lieux publics ont \u00e9t\u00e9 cr\u00e9\u00e9s\u00a0en intervenant en priorit\u00e9 sur des b\u00e2timents existants dont la valeur architecturale a \u00e9t\u00e9 reconnue mais qui ont n\u00e9cessit\u00e9, avant toute r\u00e9habilitation, une r\u00e9novation importante. Ainsi, la l\u00e9gislature pr\u00e9c\u00e9dente a vu na\u00eetre la Maison des Cultures et de la Coh\u00e9sion sociale mais aussi une Maison de l\u2019Emploi dans l\u2019immeuble de la Paraphane, un nouveau Centre d\u2019entreprises sur la toute nouvelle place de la Minoterie ainsi qu\u2019une maison d\u2019accueil de la petite enfance, OLINA, rues de Berchem et Taziaux . La nouvelle l\u00e9gislature verra l\u2019ouverture du nouveau site AJJA compl\u00e8tement r\u00e9nov\u00e9 et du Centre Communautaire Maritime (d\u00e9j\u00e0 en chantier).<\/p>\n<p align=\"justify\">La commune s\u2019engage \u00e0 continuer \u00e0 r\u00e9pondre \u00e0 la demande de lieux publics chaque fois que cela sera possible avec l\u2019aide des instances sup\u00e9rieures, tout en \u00e9tudiant tr\u00e8s s\u00e9rieusement les possibilit\u00e9s de p\u00e9rennisation gr\u00e2ce \u00e0 une autonomisation des diff\u00e9rents projets au terme des p\u00e9riodes de subsidiation.<\/p>\n<p align=\"justify\">De m\u00eame, elle participera tr\u00e8s activement \u00e0 la mise en place de l\u2019 \u00ab\u00a0apr\u00e8s Objectif II\u00a0\u00bb qui devrait susciter en priorit\u00e9 l\u2019\u00e9mergence de projets de r\u00e9habilitation du tissu urbain \u00e0 caract\u00e8re \u00e9conomique. Mais fid\u00e8le \u00e0 elle-m\u00eame, la commune d\u00e9fendra encore et toujours le caract\u00e8re social des actions \u00e0 entreprendre sur son territoire.<\/p>\n<p align=\"justify\"><strong>Le second axe<\/strong>\u00a0de cette politique d\u2019am\u00e9lioration du cadre de vie des Molenbeekois s\u2019adresse aux habitants eux-m\u00eames et leur permettra de continuer \u00e0 renforcer les op\u00e9rations d\u2019envergure port\u00e9es par le pouvoir public.\u00a0<span lang=\"fr-BE\">La commune consultera et coop\u00e9rera avec les comit\u00e9s de quartiers\u00a0chaque fois que cela sera possible et les dossiers d\u2019urbanisme feront l\u2019objet de consultations avec les populations concern\u00e9es. La commune veillera \u00e0 l\u2019application des r\u00e8gles urbanistiques dans l\u2019ensemble de la commune et \u00e0 leur bonne compr\u00e9hension par les habitants. De m\u00eame,<\/span>\u00a0la commune\u00a0<span lang=\"fr-BE\">d\u00e9veloppera des outils de\u00a0<strong>participation active des habitants<\/strong>\u00a0dans l\u2019\u00e9laboration des projets de r\u00e9habilitation et de revitalisation de leur quartier :<\/span><\/p>\n<ul>\n<li>\n<p align=\"justify\"><span lang=\"fr-BE\">un plan pluriannuel de r\u00e9novation et d\u2019entretien des voiries, des espaces publics, des espaces verts, de l\u2019\u00e9clairage et de l\u2019ensemble des r\u00e9alisations\u00a0sera instaur\u00e9 sur base des donn\u00e9es existantes qui seront constamment actualis\u00e9es. Il sera pr\u00e9sent\u00e9 \u00e0 la population avant d\u2019\u00eatre d\u00e9finitivement adopt\u00e9 ;<\/span><\/p>\n<\/li>\n<\/ul>\n<ul>\n<li>\n<p align=\"justify\">les services communaux veilleront \u00e0 pr\u00e9venir, et au besoin \u00e0 pallier les nuisances induites par les travaux publics \u00e0 l\u2019\u00e9gard des riverains. La commune avancera dans la modernisation de son r\u00e9seau d\u2019\u00e9gouttage (la construction d&rsquo;un bassin d&rsquo;orage avenue des Myrtes \u00e0 la fronti\u00e8re de Berchem-Sainte-Agathe, dans le parc jouxtant les avenues du Ch\u00e2teau et Benes, dans le parc Marie-Jos\u00e9 seront \u00e9tudi\u00e9es) afin de pr\u00e9venir les risques d\u2019inondations et assurer son entretien r\u00e9gulier.<\/p>\n<\/li>\n<\/ul>\n<p align=\"justify\">Outre l\u2019accompagnement des Molenbeekois dans leurs demandes d\u2019aides r\u00e9gionales (primes \u00e0 la r\u00e9novation, \u00e0 l\u2019acquisition, aux mesures fiscales, etc.), des points \u00ab\u00a0conseils en urbanisme\u00a0\u00bb ou \u00ab\u00a0cellules d\u2019Urbanisme\u00a0\u00bb cr\u00e9\u00e9s au sein des quartiers, renforceront et\/ou mettront en place pour les Molenbeekois et en collaboration avec divers partenaires associatifs, des m\u00e9canismes originaux et compl\u00e9mentaires comme, par exemple, un service de pr\u00eat de mat\u00e9riel de r\u00e9novation et un service habilit\u00e9 \u00e0 \u00e9valuer la qualit\u00e9 des travaux \u00e0 effectuer en priorit\u00e9. Les r\u00e9gies de quartier mises en place pr\u00e9c\u00e9demment seront renforc\u00e9es<span lang=\"fr-BE\">\u00a0en tant qu\u2019outils de formation professionnelle en mati\u00e8re de s\u00e9curit\u00e9, d\u2019hygi\u00e8ne et de confort de l\u2019habitat.<\/span><\/p>\n<p align=\"justify\"><span lang=\"fr-BE\">Ceci nous am\u00e8ne au\u00a0<strong>troisi\u00e8me axe<\/strong>\u00a0de notre politique de r\u00e9habilitation urbanistique qui concerne\u00a0<strong>la mobilit\u00e9<\/strong>. L\u2019un des gros d\u00e9fis de cette l\u00e9gislature sera sans conteste la mise en place du Plan Communal de Mobilit\u00e9 et, par cons\u00e9quent, la gestion du stationnement.<\/span><\/p>\n<p align=\"justify\">La politique de mobilit\u00e9 visera \u00e0 pr\u00e9server et \u00e0 am\u00e9liorer la qualit\u00e9 de vie et d&rsquo;habitat dans tous les quartiers, \u00e0 tenir compte des fonctions r\u00e9gionales de certains grands axes et des p\u00f4les de d\u00e9veloppement situ\u00e9s \u00e0 Molenbeek-Saint-Jean, \u00e0 promouvoir de fa\u00e7on volontariste les modes de d\u00e9placements alternatifs \u00e0 l&rsquo;automobile, et ce, dans une perspective de d\u00e9veloppement durable.<\/p>\n<p align=\"justify\">Le Plan Communal de Mobilit\u00e9, tel qu\u2019il a \u00e9t\u00e9 approuv\u00e9, sera traduit en mesures concr\u00e8tes, pr\u00e9cises, r\u00e9alistes, accessibles et \u00e9valuables. Ainsi, afin de dissuader le trafic de transit et d\u2019augmenter la qualit\u00e9 de vie, mais en tenant toujours compte des imp\u00e9ratifs li\u00e9s aux activit\u00e9s locales, la commune poursuivra la cr\u00e9ation et l\u2019extension des zones 30 ainsi que la r\u00e9organisation des sens de circulation dans tous les quartiers. A cet effet, il s\u2019agira de suivre de pr\u00e8s tous les projets r\u00e9gionaux de mobilit\u00e9 pr\u00e9vus sur le territoire ou ayant un effet sur celui-ci.<\/p>\n<p align=\"justify\">Les changements seront notoires et les autorit\u00e9s s\u2019engagent \u00e0 assurer \u00e0 la population en temps utile, une communication claire et ad\u00e9quate sur toutes les mesures de mise en \u0153uvre du Plan Communal de Mobilit\u00e9\u00a0: changements d\u2019infrastructures, changements en mati\u00e8re de circulation routi\u00e8re, de conditions de stationnement des riverains (sens unique dans telle rue, mise en place d\u2019un carrefour, etc.)<\/p>\n<p align=\"justify\">En mati\u00e8re de stationnement, la commune entend appliquer une politique coh\u00e9rente en faveur des riverains et des commer\u00e7ants. Ainsi, un syst\u00e8me de stationnement payant r\u00e8glement\u00e9 sur les voiries de la commune sera mis en place et les tron\u00e7ons de voiries \u00e0 stationnement payant seront contr\u00f4l\u00e9s par un service propre \u00e0 la commune.<\/p>\n<p align=\"justify\">Des cartes de riverains seront octroy\u00e9es selon des r\u00e8gles clairement d\u00e9finies.<\/p>\n<p align=\"justify\">Les b\u00e9n\u00e9fices financiers \u00e9ventuels g\u00e9n\u00e9r\u00e9s par la mise en place du syst\u00e8me de stationnement payant seront affect\u00e9s prioritairement \u00e0 une meilleure mobilit\u00e9 dans la commune de m\u00eame qu&rsquo;aux r\u00e9am\u00e9nagements de l&rsquo;espace public urbain: r\u00e9am\u00e9nagement de rues, constructions de parkings souterrains, r\u00e9am\u00e9nagement des places publiques, &#8230;<\/p>\n<p align=\"justify\">Les possibilit\u00e9s de construire un parking public souterrain sous la Place Communale, le Parvis Saint-Jean Baptiste ou un autre endroit dans le centre historique seront \u00e9tudi\u00e9es, \u00e9ventuellement \u00e0 travers un Partenariat Public Priv\u00e9, afin de pouvoir lib\u00e9rer la place Communale tout en pr\u00e9servant les possibilit\u00e9s de stationnement pour les riverains et pour les visiteurs des commerces.<\/p>\n<p align=\"justify\">De m\u00eame, une meilleure utilisation des autres parkings de la commune (par ex. Brunfaut, Taziaux) sera examin\u00e9e. Ainsi, les mesures seront prises afin que la commune assume son r\u00f4le de gestionnaire des places de parking.<\/p>\n<p align=\"justify\">Le tout nouveau comit\u00e9 de pilotage de mise en \u0153uvre du plan communal de Mobilit\u00e9 et ses services administratifs renforc\u00e9s derni\u00e8rement, seront charg\u00e9s de trouver et d\u2019appliquer des solutions pratiques au stationnement en zones commer\u00e7antes, aux probl\u00e8mes li\u00e9s aux livraisons en voirie et au stationnement de longue dur\u00e9e des poids lourds, notamment dans les quartiers r\u00e9sidentiels.<\/p>\n<p align=\"justify\">En mati\u00e8re de transports en commun, la commune restera vigilante et \u00e0 l\u2019\u00e9coute des plans de restructuration des transports en commun. Elle suivra de pr\u00e8s les d\u00e9veloppements des r\u00e9seaux et leurs probl\u00e9matiques \u00e9ventuelles, sp\u00e9cialement pour les grands projets tels que la gare de l&rsquo;ouest et Tour et Taxis. De m\u00eame, elle gardera un contact \u00e9troit avec les soci\u00e9t\u00e9s de transports en commun pour sugg\u00e9rer des am\u00e9liorations et am\u00e9nagements en faveur des Molenbeekois.<\/p>\n<p align=\"justify\">Les v\u00e9los ont aussi leur place \u00e0 Molenbeek. Ainsi, la nouvelle Majorit\u00e9 veillera \u00e0 les int\u00e9grer dans les projets d\u2019am\u00e9nagement des voiries, \u00e0 multiplier la signalisation v\u00e9lo afin de s\u00e9curiser au maximum les cyclistes de tous \u00e2ges, \u00e0 soutenir et \u00e0 promouvoir la r\u00e9alisation rapide des Itin\u00e9raires Cyclistes R\u00e9gionaux, \u00e0 mener une politique pouss\u00e9e et coordonn\u00e9e en mati\u00e8re de stationnement pour deux roues et \u00e0 \u00e9quiper de places de stationnement v\u00e9lo tout endroit d&rsquo;int\u00e9r\u00eat commercial, culturel, administratif, ou autre fr\u00e9quent\u00e9 par le public.<\/p>\n<p align=\"justify\">La commune veillera \u00e9galement au confort et \u00e0 une plus grande s\u00e9curit\u00e9 pour les Personnes \u00e0 Mobilit\u00e9 R\u00e9duite. Des am\u00e9nagements concrets seront r\u00e9alis\u00e9s et l\u2019acc\u00e8s aux trottoirs facilit\u00e9, particuli\u00e8rement dans les zones commer\u00e7antes.<\/p>\n<p align=\"justify\">Une r\u00e9glementation et des mesures infrastructurelles ne suffisent pas pour \u00e9laborer une politique coh\u00e9rente et efficace sur le territoire de la commune. Il est essentiel d\u2019assurer \u00e9galement un contr\u00f4le-sanction effectif et une concertation avec la police sera donc entam\u00e9e pour accro\u00eetre et rendre plus efficaces ces dispositifs, sp\u00e9cialement en mati\u00e8re de stationnement illicite. D\u2019un point de vue pr\u00e9ventif, l&rsquo;\u00e9ducation \u00e0 la s\u00e9curit\u00e9 routi\u00e8re notamment par un soutien actif des \u00e9coles qui mettent en place un plan de d\u00e9placement scolaire, constituera une priorit\u00e9.<\/p>\n<p align=\"justify\">Enfin, conform\u00e9ment \u00e0 l&rsquo;obligation r\u00e9gionale, un plan de d\u00e9placement \u00ab\u00a0entreprises\u00a0\u00bb favorisant les alternatives \u00e0 la voiture au sein du personnel communal sera mis en place.<\/p>\n<p align=\"justify\"><span lang=\"fr-BE\">Le\u00a0<strong>quatri\u00e8me axe<\/strong>\u00a0de notre politique d\u2019embellissement du cadre de vie concerne plus sp\u00e9cifiquement le\u00a0<strong>maintien ou le renforcement du caract\u00e8re \u00e0 nouveau attractif de la commune<\/strong>. Proche du Centre-ville, bien desservie par les transports en commun, b\u00e9n\u00e9ficiant d\u2019un b\u00e2ti r\u00e9cent dans le Nouveau Molenbeek ou ayant fait l\u2019objet de r\u00e9novations profondes dans le centre historique, le long du canal, dans le Maritime ou bient\u00f4t pr\u00e8s de la gare de l\u2019Ouest, tous les quartiers font d\u00e9sormais l\u2019objet de l\u2019attention des investisseurs en manque de surfaces de logement dans la R\u00e9gion de Bruxelles-Capitale. L\u2019heure n\u2019est plus aux surfaces de bureaux mais aux logements.<\/span><\/p>\n<p align=\"justify\">Soucieuse de conserver \u00e0 tous les Molenbeekois une qualit\u00e9 de vie ainsi qu\u2019un cadre de vie agr\u00e9able, la nouvelle majorit\u00e9 veillera \u00e0 conserver les fonctions r\u00e9sidentielles des quartiers ayant cette vocation, \u00e0 les entretenir et les embellir \u00e0 cette fin et \u00e0 maintenir un \u00e9quilibre raisonnable entre la fonction habitat et toute fonction \u00e9conomique.<\/p>\n<p align=\"justify\">Dans le m\u00eame esprit, la commune encouragera, autant que possible, la construction d\u2019habitations \u00e0 taille humaine qui participent \u00e0 la convivialit\u00e9 de ces quartiers.<\/p>\n<p align=\"justify\">Par ailleurs, pour accentuer la qualit\u00e9 r\u00e9sidentielle de toute la commune, la majorit\u00e9 en place multipliera, en concertation avec les habitants, les initiatives visant \u00e0 embellir les espaces publics de tous les quartiers comme la plantation d\u2019arbres le long des voiries, l\u2019installation de bacs \u00e0 fleurs, etc.<\/p>\n<p align=\"justify\">D\u00e8s que cela sera possible, nous veillerons \u00e0 l\u2019accroissement des espaces publics, ainsi qu\u2019\u00e0 la cr\u00e9ation de petits espaces verts. De m\u00eame, une attention particuli\u00e8re sera port\u00e9e sur les petits potagers.<\/p>\n<p align=\"justify\">Le mobilier urbain sera dans la mesure du possible harmonis\u00e9 et un dialogue sera instaur\u00e9 avec les entreprises responsables pour un meilleur entretien de ce mobilier urbain\u00a0et des abribus.<\/p>\n<p lang=\"fr-BE\" align=\"justify\">Une strat\u00e9gie d\u2019am\u00e9lioration, d\u2019embellissement et de protection des int\u00e9rieurs d\u2019\u00eelots sera d\u00e9velopp\u00e9e en ce compris dans les zones de forte mixit\u00e9.<\/p>\n<p align=\"justify\">Cette politique g\u00e9n\u00e9rale n\u00e9cessitera \u00e9galement de renforcer, en parall\u00e8le, la lutte contre les versages clandestins et les actions de sensibilisation de la population \u00e0 la propret\u00e9 publique et au maintien des espaces publics en bon \u00e9tat. A cet effet,\u00a0<span lang=\"fr-BE\">le \u00ab\u00a0D\u00e9pannage Urgent de Quartier\u00a0\u00bb\u00a0 s\u2019\u00e9tendra sur l\u2019ensemble du territoire et un num\u00e9ro d\u2019appel gratuit sera cr\u00e9\u00e9, permettant de solliciter une intervention rapide des services communaux sur les espaces publics.<\/span><\/p>\n<p align=\"justify\">Pour la nouvelle Majorit\u00e9, la propret\u00e9 constituera un important d\u00e9fi dans une commune aussi grande que Molenbeek-Saint-Jean. Pour accentuer le mieux-\u00eatre des habitants au sein de leurs quartiers, les instances communales souhaitent cibler leurs efforts sur l\u2019am\u00e9lioration de la propret\u00e9 dans les espaces publics\u00a0et le renforcement de la protection de l\u2019environnement<\/p>\n<p align=\"justify\">La commune mettra \u00e0 la disposition des Molenbeekois des infrastructures et des services visant \u00e0 assurer le nettoyage des espaces publics de mani\u00e8re quotidienne et efficace, \u00e0 augmenter la fr\u00e9quence des ramassages des d\u00e9chets en concertation avec la R\u00e9gion, \u00e0 accentuer les possibilit\u00e9s offertes par le ramassage communal r\u00e9gulier et gratuit des encombrants, \u00e0 encourager l\u2019utilisation de poubelles collectives dans les immeubles \u00e0 appartements multiples et \u00e0 prendre des mesures de coordination du nettoyage avec les autres communes frontali\u00e8res. Un num\u00e9ro vert ou le site internet communal permettront aux citoyens de signaler rapidement tout probl\u00e8me de malpropret\u00e9.<\/p>\n<p align=\"justify\">Une coordination efficace des services communaux permettra la mise en place d\u2019un syst\u00e8me proactif de gestion des d\u00e9p\u00f4ts clandestins et l\u2019intervention rapide de l\u2019\u00e9quipe de ramassage, y compris le week-end.<\/p>\n<p align=\"justify\">Davantage de canisites seront am\u00e9nag\u00e9s et entretenus r\u00e9guli\u00e8rement tandis que des sacs de ramassage seront distribu\u00e9s aux propri\u00e9taires de chiens.<\/p>\n<p>Les arbres seront \u00e9lagu\u00e9s r\u00e9guli\u00e8rement, notamment lorsque ceux-ci jouxtent l\u2019\u00e9clairage public.<\/p>\n<p align=\"justify\">En ce qui concerne l\u2019am\u00e9lioration de la propret\u00e9 dans les espaces publics, la commune souhaite \u00e0 la fois, renforcer ses activit\u00e9s de pr\u00e9vention et intensifier sa politique de r\u00e9pression contre les pollueurs et les inciviques, notamment en augmentant le nombre d\u2019agents asserment\u00e9s pour la r\u00e9pression des actes d\u2019incivilit\u00e9s, en les responsabilisant et en am\u00e9liorant leur formation.<\/p>\n<p align=\"justify\">Enfin, les instances communales renforceront \u00e9galement ces initiatives de pr\u00e9vention par la sensibilisation, l\u2019information, l\u2019\u00e9ducation des habitants et des jeunes sur les probl\u00e8mes de propret\u00e9 publique afin d\u2019aider tous ces citoyens \u00e0 participer activement \u00e0 une meilleure gestion de leur environnement. Des campagnes d\u2019information seront envisag\u00e9es avec les diff\u00e9rents d\u00e9partements concern\u00e9s et une collaboration \u00e9troite avec l\u2019instruction publique permettra de sensibiliser les jeunes de nos \u00e9coles \u00e0 la propret\u00e9 et au respect de l\u2019environnement.<\/p>\n<p align=\"justify\">En mati\u00e8re d\u2019Environnement, il s\u2019agira de continuer la verdurisation pour cr\u00e9er un maillage vert dans la commune en reliant les diff\u00e9rents espaces verts et d\u2019assurer l\u2019entretien et la r\u00e9novation des parcs tout en pr\u00e9servant leur vocation d\u2019agr\u00e9ment et de loisirs.<\/p>\n<p align=\"justify\">Les espaces verts devront avant tout r\u00e9pondre \u00e0 la fois aux objectifs de promenade, de rencontre, de simple passage ou de jeu et \u00e0 cet effet, de nouvelles parcelles sp\u00e9cifiques pour les enfants seront am\u00e9nag\u00e9es.<\/p>\n<p align=\"justify\">Concernant la pollution de l\u2019air, la commune prendra une part active dans la concertation du plan r\u00e9gional d\u2019urgence \u00ab\u00a0Bruxelles Air\u00a0\u00bb.<\/p>\n<p align=\"justify\">Enfin, l\u2019eau figurera aussi au centre de nos pr\u00e9occupations. Le syst\u00e8me d\u2019\u00e9gouttage communal sera \u00e9tudi\u00e9, r\u00e9nov\u00e9, modernis\u00e9 si n\u00e9cessaire. Le placement de citernes d\u2019eau de pluie sera encourag\u00e9 dans toute nouvelle construction et au sein des espaces verts, des \u00e9tangs et des pi\u00e8ces d\u2019eau seront am\u00e9nag\u00e9s, l\u2019ensemble de ces mesures permettant de limiter naturellement les risques d\u2019inondation en cas d\u2019orage.<\/p>\n<p align=\"justify\">De mani\u00e8re g\u00e9n\u00e9rale, la commune poursuivra ses efforts en mati\u00e8re de gestion \u00e9cologique de ses espaces verts. Par l\u2019interm\u00e9diaire de son service Eco-Conseil, elle renforcera aussi ses initiatives de sensibilisation et d\u2019accompagnement des habitants dans leur d\u00e9marche de meilleure gestion des probl\u00e8mes d\u2019environnement et d\u2019\u00e9nergie. La Maison de la Nature situ\u00e9e \u00e0 proximit\u00e9 du site du Scheutbos d\u00e9veloppera ses actions d\u2019apprentissage scientifique et de sensibilisation \u00e0 la protection de la nature.<\/p>\n<p align=\"justify\">La prolif\u00e9ration des graffitis sera combattue notamment par la mise sur pied d\u2019une brigade anti-tags susceptible d\u2019intervenir rapidement sur tout le territoire de la commune.<\/p>\n<p align=\"justify\">La commune donnera l\u2019exemple en adoptant un programme de gestion environnementale pour ses services. Il touchera des domaines tels l&rsquo;\u00e9conomie d&rsquo;\u00e9nergie dans les b\u00e2timents, l\u2019\u00e9co-r\u00e9novation, l\u2019\u00e9co-construction et l\u2019\u00e9co-consommation.<\/p>\n<p align=\"center\">* * *<\/p>\n<p align=\"justify\">Toutes les mesures que je viens de vous pr\u00e9senter, que ce soit en mati\u00e8re d\u2019urbanisme, de mobilit\u00e9, d\u2019environnement de propret\u00e9, ne pourront que rendre Molenbeek encore plus agr\u00e9able \u00e0 vivre, plus attractive.<\/p>\n<p align=\"justify\">Et ce cadre de vie embelli continuera \u00e0 faire l\u2019objet de nos attentions constantes et le but premier de la Nouvelle Majorit\u00e9 restera l\u2019appropriation conviviale de cet espace public par les habitants, dans le respect mutuel. Car la vie en soci\u00e9t\u00e9 est faite de droits et de devoirs.\u00a0<span lang=\"fr-BE\">Si la commune comporte des morceaux de quartiers parfois plus difficiles \u00e0 g\u00e9rer, il ne peut y avoir des zones de non-droit \u00e0 Molenbeek.<\/span><\/p>\n<p align=\"justify\"><span lang=\"fr-BE\">La commune doit veiller sur son territoire \u00e0 la\u00a0<strong>s\u00e9curit\u00e9 publique<\/strong>\u00a0: elle le fait d\u00e9sormais avec les 4 autres communes qui forment la zone de police de Bruxelles-Ouest et m\u00e8ne des actions sp\u00e9cifiques en termes de pr\u00e9vention et de sanction des incivilit\u00e9s. Elle veille au maintien de la tranquillit\u00e9 sur la voie publique, des relations de bon voisinage et de la propret\u00e9 publique.<\/span><\/p>\n<p align=\"justify\"><span lang=\"fr-BE\">Si le maintien de l\u2019ordre public est une mission premi\u00e8re pour les autorit\u00e9s, la s\u00e9curit\u00e9 est aussi l\u2019affaire de tous. Elle impose une multiplicit\u00e9 d\u2019initiatives.<\/span><\/p>\n<p lang=\"fr-BE\" align=\"justify\">En ce qui concerne la r\u00e9pression, l\u2019instrument principal mis \u00e0 la disposition des autorit\u00e9s locales est le service de police. Au d\u00e9but de la l\u00e9gislature pr\u00e9c\u00e9dente, celui-ci \u00e9tait encore de comp\u00e9tence communale. Une r\u00e9forme fondamentale des services de s\u00e9curit\u00e9 a conduit \u00e0 la constitution de la zone de police de Bruxelles-Ouest regroupant les communes de Molenbeek-Saint-Jean, Jette, Ganshoren, Berchem-Sainte-Agathe et Koekelberg. Aujourd\u2019hui, une bonne entente entre les cinq bourgmestres et un professionnalisme exemplaire au sommet de la hi\u00e9rarchie polici\u00e8re, ont permis de surmonter les principales difficult\u00e9s rencontr\u00e9es au tout d\u00e9but de l\u2019installation de cette r\u00e9forme des polices et, progressivement, d\u2019utiliser la nouvelle structure comme un atout.<\/p>\n<p lang=\"fr-BE\" align=\"justify\">La commune de Molenbeek-Saint-Jean continuera \u00e0 participer activement \u00e0 l\u2019am\u00e9lioration de l\u2019efficacit\u00e9 de la zone de police, notamment en encourageant le d\u00e9veloppement de la police de proximit\u00e9.<\/p>\n<p lang=\"fr-BE\" align=\"justify\">La commune maintiendra ses efforts en ce qui concerne le corps des gardiens d\u2019espaces publics. Le d\u00e9veloppement de ce service doit s\u2019accompagner d\u2019efforts de formation et de professionnalisation du personnel.<\/p>\n<p lang=\"fr-BE\" align=\"justify\">Une forme d\u2019initiation au civisme et au respect de l\u2019autre adapt\u00e9e \u00e0 notre \u00e9poque doit \u00eatre propos\u00e9e aux \u00e9l\u00e8ves des \u00e9coles et aux jeunes des maisons de quartier. D\u2019une fa\u00e7on g\u00e9n\u00e9rale, les efforts faits \u00e0 tous les niveaux pour lutter contre le recours \u00e0 la violence doivent \u00eatre poursuivis et amplifi\u00e9s pour favoriser la convivialit\u00e9 et la coh\u00e9sion sociale. Le civisme bien compris est la pierre angulaire sur laquelle doit se b\u00e2tir un contr\u00f4le social.<\/p>\n<p align=\"justify\"><span lang=\"fr-BE\">Les actions de pr\u00e9vention sont elles aussi d\u2019une importance primordiale. La nouvelle Majorit\u00e9 proposera d\u2019ailleurs dans son plan communal de d\u00e9veloppement une s\u00e9rie d\u2019initiatives qui se rattachent directement \u00e0 la pr\u00e9vention. La politique d\u2019\u00e9ducation s\u2019inscrit, par exemple, dans ce sens. La lutte contre la violence et l\u2019initiation \u00e0 la s\u00e9curit\u00e9 routi\u00e8re doivent se poursuivre dans nos \u00e9coles.<\/span>\u00a0La participation des parents \u00e0 cette politique sera \u00e9galement une priorit\u00e9.<\/p>\n<p align=\"justify\">De m\u00eame, les prochaines ann\u00e9es verront la cr\u00e9ation<span lang=\"fr-BE\">\u00a0quand ils n\u2019existent pas d\u00e9j\u00e0, de lieux de rencontre dans les antennes d\u00e9pendant du service communal de pr\u00e9vention, ou des \u00ab\u00a0Ambassades de citoyennet\u00e9\u00a0\u00bb, mais aussi d\u2019une nouvelle \u00ab\u00a0Antenne de gardiens d\u2019espace publics\u00a0\u00bb dans le quartier de la Duchesse de Brabant form\u00e9e \u00e0 l\u2019application des sanctions administratives, l\u2019implantation de \u00ab\u00a0Maisons de quartier communales\u00a0\u00bb suppl\u00e9mentaires,\u00a0 notamment dans le Nouveau Molenbeek et dans le quartier Heyvaert.<\/span><\/p>\n<p align=\"justify\"><span lang=\"fr-BE\">En mati\u00e8re de pr\u00e9vention toujours, la commune accordera une attention toute particuli\u00e8re \u00e0 la jeunesse par le renforcement de l\u2019encadrement parascolaire\u00a0: \u00ab\u00a0Dispositifs d\u2019Accrochage Scolaire\u00a0\u00bb, ouverture des \u00e9coles sur le quartier, parrainage scolaire par des b\u00e9n\u00e9voles, des s\u00e9niors, sp\u00e9cialement pour rencontrer la demande existant en soir\u00e9e et briser la solitude de nos a\u00een\u00e9s tout en favorisant le partage des connaissances,\u2026 L\u2019\u00a0\u00ab\u00a0Animation socio \u2013 sportive\u00a0\u00bb sera amplifi\u00e9e.<\/span><\/p>\n<p lang=\"fr-BE\" align=\"justify\">Enfin, la commune veillera \u00e0 renforcer la coh\u00e9sion sociale par la rencontre\u00a0des diff\u00e9rentes cultures pr\u00e9sentes sur le territoire communal entre les jeunes de tous les quartiers, de toutes situations, de toutes origines pour \u00e9viter les tentations de repli sur soi ou sur une seule communaut\u00e9.<\/p>\n<p lang=\"fr-BE\" align=\"justify\">L\u2019accent sera mis sur la richesse de la diff\u00e9rence de l\u2019autre et la d\u00e9couverte mutuelle par des activit\u00e9s reposant sur le sport, bien s\u00fbr, mais aussi sur toute forme d\u2019expression culturelle (musique, danse, traditions,\u2026) ou les jeux de culture originelle.<\/p>\n<p lang=\"fr-BE\" align=\"justify\">Toutes ces activit\u00e9s auront pour d\u00e9nominateur commun les rapprochements des uns et des autres dans le cadre d\u2019un projet d\u00e9mocratique et d\u2019\u00e9galit\u00e9 entre toutes les personnes.<\/p>\n<h4 align=\"justify\"><strong>II. LE RENFORCEMENT DES M\u00c9CANISMES DE SOLIDARIT\u00c9 SOCIALE ET ECONOMIQUE\u00a0<\/strong><\/h4>\n<p align=\"justify\"><span lang=\"fr-BE\">S\u2019il est un domaine o\u00f9 l\u2019action communale a \u00e9t\u00e9 particuli\u00e8rement diversifi\u00e9e lors des pr\u00e9c\u00e9dentes l\u00e9gislatures, c\u2019est bien celui de la solidarit\u00e9 sociale entre individus et entre g\u00e9n\u00e9rations, et sp\u00e9cialement \u00e0 l&rsquo;\u00e9gard des publics plus fragiles.<\/span><\/p>\n<p align=\"justify\">\n<map name=\"MapMap4Map3\"><\/map>\n<\/p>\n<p>La commune a particuli\u00e8rement veill\u00e9 \u00e0 mener une politique coordonn\u00e9e entre ses services, ceux du CPAS, du Logement Molenbeekois et des importantes ASBL communales que sont la Lutte contre l\u2019exclusion sociale \u00e0 Molenbeek, la Mission locale pour l\u2019emploi et l\u2019agence immobili\u00e8re sociale, la \u00ab MAIS \u00bb.<\/p>\n<p lang=\"fr-BE\" align=\"justify\">M\u00eame si la commune n\u2019a pas de r\u00e9elles comp\u00e9tences en mati\u00e8re de lutte contre le ch\u00f4mage, son action diversifi\u00e9e peut compl\u00e9ter celle des acteurs publics et priv\u00e9s de l\u2019emploi.<\/p>\n<p align=\"justify\">L\u2019accroissement continu de l\u2019offre de services aux Molenbeekois comme les seniors et les personnes handicap\u00e9es par les services communaux et le CPAS a \u00e9t\u00e9 r\u00e9alis\u00e9 pendant que de consid\u00e9rables investissements de modernisation \u00e9taient consentis dans les logements sociaux.<\/p>\n<p lang=\"fr-BE\" align=\"justify\">Beaucoup de logements ont \u00e9t\u00e9 construits, beaucoup ont \u00e9t\u00e9 r\u00e9nov\u00e9s, tant par les pouvoirs publics que le secteur priv\u00e9 particuli\u00e8rement dynamique ces derni\u00e8res ann\u00e9es. Mais beaucoup reste \u00e0 faire et les prix restent encore tr\u00e8s \u00e9lev\u00e9s, notamment pour ce qui concerne le petit logement ou avec peu de confort. Le chantier du logement est permanent, comme celui de l\u2019am\u00e9nagement des espaces publics.<\/p>\n<p lang=\"fr-BE\" align=\"justify\">Disposer d\u2019un logement convenable \u00e0 un prix d\u00e9cent, que l\u2019on soit propri\u00e9taire ou locataire, est un droit constitutionnel. Partout sur le territoire de Molenbeek, c\u2019est une fonction humaine qu\u2019il convient de d\u00e9fendre.<\/p>\n<p lang=\"fr-BE\" align=\"justify\">La nouvelle Majorit\u00e9 n\u2019aura de cesse de coordonner efficacement l\u2019action de tous les acteurs communaux, en collaboration avec les secteurs priv\u00e9 et associatif d\u2019une part, les organismes r\u00e9gionaux d\u2019autre part. Lutter contre les chancres et les immeubles d\u00e9labr\u00e9s n\u2019est pas seulement crucial pour les personnes qui y vivent ou parce que des personnes devraient normalement occuper ces logements vides\u00a0: c\u2019est aussi un combat fondamental pour embellir les quartiers, les rendre plus s\u00fbrs et rendre la commune plus attractive pour les habitants et investisseurs \u00e9conomiques potentiels.<\/p>\n<p align=\"justify\">Aujourd\u2019hui, au del\u00e0 du renforcement des outils existants et des collaborations mises en place, la majorit\u00e9 souhaite initier des projets sp\u00e9cifiques parfaitement adapt\u00e9s aux demandes des diff\u00e9rents groupes de population. Il s\u2019agira donc de diversifier les propositions afin de r\u00e9pondre de la mani\u00e8re la plus appropri\u00e9e aux besoins de chacun des habitants de notre commune<\/p>\n<p align=\"justify\">Ainsi, par exemple, la majorit\u00e9 souhaite renforcer et am\u00e9liorer l\u2019information des demandeurs au sein de la Maison Communale de mani\u00e8re \u00e0 les orienter rapidement vers les services install\u00e9s sur le territoire communal les plus \u00e0 m\u00eame de les aider.<\/p>\n<p align=\"justify\">A cet effet, un nouvel \u00e9chevinat du logement a \u00e9t\u00e9 cr\u00e9\u00e9 et un observatoire communal du logement\u00a0 install\u00e9 et d\u00e9velopp\u00e9. Cette nouvelle \u00ab\u00a0Cellule logement\u00a0\u00bb permettra de coordonner les politiques men\u00e9es par les diff\u00e9rents acteurs comp\u00e9tents\u00a0et encouragera \u00e0 la r\u00e9habilitation de logements priv\u00e9s par la diffusion d\u2019informations (primes \u00e0 la r\u00e9novation, \u00e0 l\u2019embellissement de fa\u00e7ades, pr\u00eat de mat\u00e9riel, aide \u00e0 la constitution de la garantie locative via le Fonds du Logement, ADIL, etc.) et de conseils techniques&#8230;<\/p>\n<p align=\"justify\">La r\u00e9habilitation du parc locatif communal et son extension (contrats de quartiers, plans f\u00e9d\u00e9ral et r\u00e9gional du logement, mais aussi la collaboration avec la S.D.R.B. et le Fonds du Logement de la R\u00e9gion de Bruxelles-Capitale) sera poursuivie, et ce, tout en veillant \u00e0 offrir un acc\u00e8s prioritaire aux personnes en situation de fragilit\u00e9 sociale.<\/p>\n<p align=\"justify\">Les projets d\u2019h\u00f4tel social et de logements de transit destin\u00e9s \u00e0 l\u2019h\u00e9bergement temporaire de personnes en situation d\u2019urgence seront finalis\u00e9s\u00a0et la chasse aux marchands de sommeil sans cesse intensifi\u00e9e.<\/p>\n<p align=\"justify\">Les instances communales intensifieront leur lutte contre l\u2019inoccupation et l\u2019insalubrit\u00e9 par l\u2019exercice de leur droit de gestion publique \u00e0 l\u2019\u00e9gard des logements non conformes et dont les propri\u00e9taires n\u2019ont pas rem\u00e9di\u00e9 aux carences constat\u00e9es ou \u00e0 l\u2019\u00e9gard de logements inoccup\u00e9s.<\/p>\n<p align=\"justify\">Le logement social quant \u00e0 lui, fera l\u2019objet d\u2019une profonde modernisation. La SCRL \u00ab\u00a0Le Logement Molenbeekois\u00a0\u00bb, fond\u00e9e voici plus de 100 ans est la seconde Soci\u00e9t\u00e9 Immobili\u00e8re de Service Public (S.I.S.P.) de la R\u00e9gion par l\u2019ampleur de son patrimoine (3.284 logements sociaux), qui repr\u00e9sente pr\u00e8s de 9 % des logements sociaux bruxellois et 11 % des habitations situ\u00e9es sur le territoire communal.<\/p>\n<p align=\"justify\">Les projets d\u2019investissement men\u00e9s par la soci\u00e9t\u00e9 en qualit\u00e9 de ma\u00eetre de l\u2019ouvrage portent actuellement sur un budget total de\u00a0<strong>31.568.278,18 euros.<\/strong>\u00a0Ils concernent diff\u00e9rentes interventions\u00a0: cr\u00e9ation de logements, r\u00e9novation, r\u00e9habilitation ou am\u00e9lioration de logements, s\u00e9curisation de l\u2019acc\u00e8s aux logements, am\u00e9lioration du cadre de vie des habitants\u2026<\/p>\n<p align=\"justify\">Une gestion moderne du logement social ne pourrait cependant se limiter \u00e0 simplement offrir des habitations \u00e0 loyers mod\u00e9r\u00e9s. L\u2019acuit\u00e9 des probl\u00e8mes requiert aussi toute une politique sociale d\u2019accompagnement qui sera, elle-aussi, d\u00e9clin\u00e9e en actions concr\u00e8tes dans le Plan Communal de D\u00e9veloppement.<\/p>\n<p align=\"center\">* * *<\/p>\n<p align=\"justify\"><span lang=\"fr-BE\">La politique des affaires sociales a toujours marqu\u00e9 une attention toute particuli\u00e8re pour les seniors, d\u2019une part, et pour les personnes handicap\u00e9es, d\u2019autre part. Mais l\u2019accueil des tout petits, surtout lorsque l\u2019on conna\u00eet le manque flagrant de places dans les structures de la Petite enfance, occupe aussi une place primordiale dans le bilan et les ambitions de la nouvelle Majorit\u00e9, la volont\u00e9 \u00e9tant aussi de favoriser des rencontres et des soutiens mutuels entre les g\u00e9n\u00e9rations.<\/span><\/p>\n<p lang=\"fr-BE\" align=\"justify\">Le d\u00e9veloppement d\u2019un centre interg\u00e9n\u00e9rationnel dans le quartier maritime sera compl\u00e9t\u00e9 par une initiative similaire dans le nouveau Molenbeek et la cr\u00e9ation d\u2019une nouvelle cr\u00e8che communale sera programm\u00e9e durant la l\u00e9gislature.<\/p>\n<p lang=\"fr-BE\" align=\"justify\">Les d\u00e9cisions des autorit\u00e9s communales devront intensifier syst\u00e9matiquement la prise en compte de leur impact sur les personnes handicap\u00e9es ainsi que la promotion de l&rsquo;\u00e9galit\u00e9 des genres.<\/p>\n<p align=\"justify\">Les diff\u00e9rents projets qui seront d\u00e9velopp\u00e9s par les instances communales dans le cadre de la politique globale d\u2019insertion sociale toucheront donc toutes les cat\u00e9gories d\u2019\u00e2ge pr\u00e9sentes sur le territoire de Molenbeek-Saint-Jean.<\/p>\n<p align=\"justify\">Ainsi, alors que les chiffres de natalit\u00e9 globaux enregistr\u00e9s dans la R\u00e9gion de Bruxelles-Capitale plafonnent, notre commune conna\u00eet un extraordinaire rajeunissement de sa population avec une croissance importante dans le groupe des moins de 25 ans. C&rsquo;est incontestablement un atout pour Molenbeek.<\/p>\n<p align=\"justify\">Dans ce cadre, les instances communales souhaitent soutenir toutes les initiatives susceptibles d\u2019offrir aux enfants et aux adolescents qui grandissent dans notre commune des lieux et des activit\u00e9s d&rsquo;\u00e9ducation, d&rsquo;expression et de loisirs r\u00e9pondant \u00e0 leurs besoins.<\/p>\n<p align=\"justify\">Elles souhaitent aussi mettre tout en \u0153uvre afin que ces jeunes puissent acqu\u00e9rir une formation intellectuelle et professionnelle optimale pour les placer utilement sur le march\u00e9 de l\u2019emploi.<\/p>\n<p align=\"justify\">Au niveau des jeunes enfants, il s\u2019agira donc de r\u00e9pondre \u00e0 la demande des parents molenbeekois de disposer d\u2019infrastructures d\u2019accueil performante au sein de leur quartier par l\u2019implantation d\u2019espaces de jeux destin\u00e9s aux tout-petits mais aussi par la cr\u00e9ation de Maisons de la Petite Enfance ou de Halte-garderies.<\/p>\n<p align=\"justify\">En mati\u00e8re de loisirs socio-\u00e9ducatifs destin\u00e9s aux plus jeunes, lors de la pr\u00e9c\u00e9dente l\u00e9gislature, la Commune a mis en place de nombreuses initiatives qui inscrivent leurs actions dans la dur\u00e9e. C&rsquo;est le cas des Maisons de Quartier communales, de l&rsquo;animation sportive encadr\u00e9e en salle ou en plein air, de la maison de vacances \u00e0 Cornimont. Ces initiatives se verront renforc\u00e9es et diversifi\u00e9es afin de rencontrer des sensibilit\u00e9s plus nombreuses encore au sein de la jeunesse molenbeekoise.<\/p>\n<p align=\"justify\">La seconde cat\u00e9gorie d\u2019\u00e2ge vis\u00e9e par les projets d\u2019insertion sociale que la majorit\u00e9 souhaite d\u00e9velopper est celle des adultes. A ce niveau, les instances communales consid\u00e8rent que l\u2019insertion socio-professionnelle demeure un \u00e9l\u00e9ment fondamental de tout travail de pr\u00e9vention et de lutte contre l\u2019exclusion sociale. C\u2019est pourquoi, l\u2019action de la commune dans ce domaine sera importante malgr\u00e9 les possibilit\u00e9s r\u00e9duites que lui offrent des comp\u00e9tences limit\u00e9es et le contexte socio-\u00e9conomique actuel. L\u2019objectif g\u00e9n\u00e9ral de cette politique est de donner \u00e0 chaque habitant de Molenbeek une chance \u00e9gale d\u2019acc\u00e9der \u00e0 un emploi.<\/p>\n<p align=\"justify\">C\u2019est la raison pour laquelle, les instances communales renforceront les projets de formation professionnelle actuellement en place (formation Horeca, formation pavage, etc.), chercheront \u00e0 cr\u00e9er de nouvelles formations qualifiantes (notamment par l\u2019interm\u00e9diaire d\u2019 \u00ab\u00a0Objectif 2\u00a0\u00bb version 2007-2013, de la Mission Locale, du CPAS, des Contrats de quartier, \u2026) et appuieront la cr\u00e9ation de nouvelles entreprises d\u2019\u00e9conomie sociale.<\/p>\n<p align=\"justify\">Les instances communales souhaitent \u00e9galement renforcer, en mati\u00e8re de formation et d\u2019insertion socio-professionnelle notamment, leur politique de partenariat avec les acteurs locaux comme le CPAS, l\u2019ALE et le monde associatif mais aussi avec les entreprises du secteur priv\u00e9, plus particuli\u00e8rement celles install\u00e9es \u00e0 Molenbeek-Saint-Jean ou celles d\u00e9sireuses de s\u2019installer sur le territoire communal.<\/p>\n<p align=\"justify\">Ainsi, les collaborations du CPAS avec la commune, le Logement Molenbeekois, les associations communales de lutte contre l\u2019exclusion sociale, d\u2019insertion socio-professionnelle, l\u2019A.I.S.,\u2026 gagneront \u00e0 \u00eatre encore plus diversifi\u00e9es et \u00e9tendues. Car, outre ses missions l\u00e9gales dans la gestion des dossiers de revenus d\u2019int\u00e9gration, le CPAS de Molenbeek se caract\u00e9rise justement par la vari\u00e9t\u00e9 de ses initiatives propres. La politique d\u2019investissements immobiliers et mat\u00e9riels sera poursuivie pour renforcer la qualit\u00e9 du travail social et les services rendus.<\/p>\n<p align=\"justify\">En mati\u00e8re d\u2019emploi, une v\u00e9ritable Maison de l\u2019Emploi a ouvert ses portes sur le territoire de Molenbeek-Saint-Jean. L\u2019objectif de cette Maison est de regrouper, dans un m\u00eame lieu, tous les services, locaux et r\u00e9gionaux, d\u2019aides \u00e0 la formation, \u00e0 l\u2019insertion professionnelle et \u00e0 l\u2019accompagnement des ch\u00f4meurs. Les demandeurs d\u2019emploi peuvent ainsi, non seulement obtenir toutes les informations n\u00e9cessaires, mais \u00e9galement b\u00e9n\u00e9ficier d\u2019un accompagnement global dans leurs d\u00e9marches de r\u00e9insertion professionnelle.<\/p>\n<p align=\"justify\">Dans ce cadre g\u00e9n\u00e9ral, la Maison de l\u2019Emploi g\u00e9n\u00e8re des synergies et des compl\u00e9mentarit\u00e9s entre les acteurs du monde de l\u2019insertion professionnelle, les demandeurs d\u2019emploi, les travailleurs et les employeurs locaux.<\/p>\n<p align=\"justify\">Les instances communales veilleront \u00e0 ce que l\u2019information soit la plus accessible possible (diffusion des offres d\u2019emploi, bureau social d\u2019int\u00e9rim,\u2026).<\/p>\n<p align=\"justify\">De m\u00eame, les projets d\u2019insertion cibl\u00e9s favorisant l\u2019emploi des jeunes et des femmes seront favoris\u00e9s tandis que la commune \u00e9tudiera la possibilit\u00e9 d\u2019une fiscalit\u00e9 diff\u00e9renci\u00e9e pour les immeubles commerciaux et industriels situ\u00e9s dans les quartiers fragilis\u00e9s.<\/p>\n<p align=\"justify\">Les politiques visant l\u2019insertion professionnelle ne seraient cependant pas compl\u00e8tes si elles ne s\u2019accompagnaient d\u2019une volont\u00e9 politique de favoriser le d\u00e9veloppement de l\u2019emploi, notamment local.<\/p>\n<p align=\"justify\">Les efforts men\u00e9s, tant au niveau de la revitalisation urbanistique des quartiers que de l\u2019embellissement et de la s\u00e9curisation des espaces publics, ont fortement renforc\u00e9 l\u2019attractivit\u00e9 de notre commune pour les investisseurs.<\/p>\n<p align=\"justify\">La cr\u00e9ation d\u2019un b\u00e2timent dit \u00ab\u00a0relais\u00a0\u00bb permettant aux entreprises de consolider leur d\u00e9veloppement apr\u00e8s leur passage dans le Centre d\u2019Entreprises et avant leur installation dans leurs propres infrastructures, a pu voir le jour r\u00e9cemment.<\/p>\n<p align=\"justify\">Les instances communales consid\u00e8rent que cette politique globale d\u2019am\u00e9lioration des conditions d\u2019attractivit\u00e9, d\u2019installation et de d\u00e9veloppement des entreprises doit \u00eatre poursuivie au cours de cette nouvelle l\u00e9gislature. Mais il s\u2019agira \u00e9galement de renforcer des initiatives favorables au redressement des structures \u00e9conomiques locales telles que le Guichet d\u2019Economie Locale (dont l\u2019objectif est de favoriser et de faciliter l\u2019installation de jeunes entreprises sur le territoire de la commune) et les Centres d\u2019Entreprises (qui permettent de mettre \u00e0 la disposition des entreprises en d\u00e9marrage non seulement des locaux adapt\u00e9s \u00e0 leurs activit\u00e9s mais \u00e9galement des services de secr\u00e9tariat et de logistique \u00e0 co\u00fbt r\u00e9duit).<\/p>\n<p align=\"justify\">De nouveaux projets \u00e0 connotation \u00e9conomique et \/ ou d\u2019\u00e9conomie sociale seront d\u00e9velopp\u00e9s dans le cadre du futur programme europ\u00e9en \u00ab\u00a0Objectif 2\u00a0\u00bb 2007-2013.<\/p>\n<p align=\"justify\">Le commerce, l\u2019\u00e9conomie et l\u2019\u00e9nergie\u00a0constitueront des pr\u00e9occupations essentielles. La priorit\u00e9 dans ces domaines sera de soutenir et de valoriser les commer\u00e7ants, les artisans et les professions lib\u00e9rales tout en stimulant l\u2019emploi de qualit\u00e9 et de longue dur\u00e9e.<\/p>\n<p align=\"justify\">La nouvelle loi sur les implantations commerciales nous permettra d\u2019exercer une comp\u00e9tence plus large dans la gestion du d\u00e9veloppement de commerces vari\u00e9s, de qualit\u00e9 et pourvoyeurs d\u2019emplois locaux, tout en luttant efficacement, par une application rigoureuse de la r\u00e9glementation, contre la multiplication anarchique de certains commerces. Une cellule socio-\u00e9conomique \u00e9paulera tous les efforts faits en ce sens, notamment en collaboration avec les services de police.<\/p>\n<p align=\"justify\">Les autorit\u00e9s veilleront \u00e0 donner aux Molenbeekois l\u2019envie de faire leurs achats dans la commune et aux autres, l\u2019envie de s\u2019y rendre, notamment via des mesures efficaces en mati\u00e8re de stationnement. Ainsi, les deux noyaux commerciaux seront revitalis\u00e9s par la mise en \u0153uvre d\u2019un plan strat\u00e9gique de d\u00e9veloppement qui permettra de planifier des actions de mise en valeur de ces espaces et qui compl\u00e9teront les braderies existantes. Un nouveau noyau cr\u00e9e en collaboration avec la commune d\u2019Anderlecht permettra une intervention en faveur du commerce, chauss\u00e9e de Ninove. Sur le plan externe, des contacts seront pris avec la R\u00e9gion bruxelloise dans le cadre du futur sch\u00e9ma r\u00e9gional de d\u00e9veloppement commercial.<\/p>\n<p align=\"justify\">Une politique coh\u00e9rente sera men\u00e9e de mani\u00e8re \u00e0 coupler la revitalisation des noyaux commerciaux avec les travaux publics men\u00e9s en ces endroits. Ainsi, la commune profitera du r\u00e9am\u00e9nagement de la chauss\u00e9e de Gand d\u00e8s 2007 dans le cadre du projet BELIRIS pour redynamiser la politique commerciale de ce noyau du centre de la commune dans une dynamique globale de r\u00e9am\u00e9nagement et d\u2019embellissement et veillera \u00e0 poursuivre cet effort pour l\u2019autre noyau, le Karreveld. Dans les deux noyaux, on veillera \u00e0 prendre des mesures positives en mati\u00e8re de propret\u00e9 publique et d\u2019embellissement des commerces.<\/p>\n<h4>La s\u00e9curisation accrue des noyaux commerciaux via le maintien et l\u2019extension du syst\u00e8me t\u00e9l\u00e9-police, la t\u00e9l\u00e9surveillance, la pr\u00e9sence de stewards jusqu\u2019en fin de journ\u00e9e y compris le samedi, ainsi que le renforcement des mesures de technopr\u00e9vention \u00e0 l\u2019attention des commer\u00e7ants, constituera un enjeu majeur.<\/h4>\n<p align=\"justify\">Le Conseil consultatif des Classes moyennes sera reconstitu\u00e9 et r\u00e9uni r\u00e9guli\u00e8rement.<\/p>\n<p align=\"justify\">La commune veillera \u00e9galement \u00e0 mettre en place et entretenir des partenariats avec la R\u00e9gion de Bruxelles-Capitale dans le cadre de la mise en \u0153uvre du Contrat pour l\u2019Economie et l\u2019Emploi.<\/p>\n<p align=\"justify\">Enfin, en mati\u00e8re d\u2019\u00e9nergie, les march\u00e9s du gaz et de l\u2019\u00e9lectricit\u00e9 \u00e9tant lib\u00e9ralis\u00e9s depuis janvier 2007, chaque m\u00e9nage molenbeekois devra \u00eatre inform\u00e9 correctement des enjeux de la lib\u00e9ralisation, des possibilit\u00e9s offertes et des implications. De m\u00eame, en ce qui concerne les infrastructures communales, une \u00e9tude sera r\u00e9alis\u00e9e pour d\u00e9terminer l\u2019op\u00e9rateur le plus int\u00e9ressant en termes de rapport qualit\u00e9\/prix, en vue d\u2019une \u00e9ventuelle adaptation de la fourniture d\u2019\u00e9nergie.<\/p>\n<p align=\"justify\">Certes, la situation financi\u00e8re de la commune est saine mais elle reste fragile. Il s\u2019agira donc de maintenir l\u2019\u00e9quilibre des finances en continuant \u00e0 pratiquer une gestion rigoureuse. Bien s\u00fbr, cela impliquera de faire des choix parfois difficiles. Il faudra ainsi \u00e9valuer l\u2019efficience des travaux et projets dans lesquels sont investis les deniers de la commune -et ce, quelle que soit leur provenance- et adapter l\u2019affectation du budget en cons\u00e9quence.<\/p>\n<p align=\"justify\">La commune continuera \u00e0 recourir aux subsides chaque fois que cela sera possible afin d\u2019am\u00e9liorer le quotidien des Molenbeekois.<\/p>\n<p align=\"justify\">Parall\u00e8lement \u00e0 cela, la commune examinera la possibilit\u00e9 d\u2019all\u00e9ger la pression fiscale communale, en particulier pour les entreprises. Pour cela, il faudra notamment proc\u00e9der \u00e0 l\u2019\u00e9valuation de l\u2019ensemble des recettes fiscales propres \u00e0 la commune en termes de pertinence, de rendement mais \u00e9galement de coh\u00e9rence \u00e0 l\u2019\u00e9gard des taxations r\u00e9gionales.<\/p>\n<p align=\"justify\">A l\u2019\u00e9gard des commerces, des pistes devront \u00eatre explor\u00e9es pour rendre la fiscalit\u00e9 plus attractive, notamment en envisageant un syst\u00e8me de primes \u00e0 la r\u00e9novation.<\/p>\n<p align=\"justify\">Le souci de la nouvelle Majorit\u00e9 pour le d\u00e9veloppement socio-\u00e9conomique de la commune ne doit pas nous faire oublier une troisi\u00e8me cat\u00e9gorie de personnes souvent fragilis\u00e9es, et qui ont quitt\u00e9 le circuit du travail depuis parfois longtemps\u00a0; il s\u2019agit des seniors. En effet, si la commune est confront\u00e9e depuis quelques ann\u00e9es \u00e0 une explosion d\u00e9mographique pour la cat\u00e9gorie des jeunes de moins de 25 ans, on peut \u00e9galement presque parler de papy-boom. Les autorit\u00e9s veilleront \u00e0 tenir compte des effets de cette r\u00e9alit\u00e9 et prendront les mesures qui s\u2019imposent afin de garantir \u00e0 ses a\u00een\u00e9s, une vie agr\u00e9able et plus confortable.<\/p>\n<p align=\"justify\">Ainsi, l\u2019aide \u00e0 domicile, le syst\u00e8me de t\u00e9l\u00e9-assistance et de soins \u00e0 domicile, qui permettent aux personnes du troisi\u00e8me \u00e2ge et moins valides de continuer \u00e0 vivre chez elles tout en b\u00e9n\u00e9ficiant d\u2019une aide rapide et d\u2019une assistance s\u00e9curisante, ont \u00e9t\u00e9 \u00e9tendus et seront encore renforc\u00e9s prochainement.<\/p>\n<p align=\"justify\">En ce qui concerne les personnes du troisi\u00e8me \u00e2ge souffrant r\u00e9guli\u00e8rement de probl\u00e8me de mobilit\u00e9, les autorit\u00e9s communales souhaitent porter rem\u00e8de au risque de solitude et de rupture sociale encouru par cette cat\u00e9gorie d\u2019\u00e2ge. La majorit\u00e9 en place envisage plusieurs possibilit\u00e9s d\u2019action pour r\u00e9soudre ces probl\u00e8mes.<\/p>\n<p align=\"justify\">Outre le d\u00e9veloppement du syst\u00e8me des ch\u00e8ques taxis qui offre des possibilit\u00e9s non n\u00e9gligeables en mati\u00e8re de d\u00e9placement, la nouvelle majorit\u00e9 sera attentive \u00e0 pr\u00e9voir, lors de r\u00e9am\u00e9nagements de l\u2019espace public ou de lieux publics notamment, des infrastructures permettant aux personnes \u00e0 mobilit\u00e9 r\u00e9duite de circuler en toute qui\u00e9tude. A cet effet, la nouvelle brigade Seniors, cr\u00e9\u00e9e sous la pr\u00e9c\u00e9dente l\u00e9gislature, se verra renforc\u00e9e.<\/p>\n<p align=\"justify\">Enfin, les instances communales s\u2019attacheront \u00e0 promouvoir l\u2019organisation r\u00e9guli\u00e8re de rencontres et d\u2019animations conviviales \u00e0 destination des plus \u00e2g\u00e9s. Elles mettront \u00e9galement l\u2019accent sur des rencontres de type interg\u00e9n\u00e9rationnel de mani\u00e8re \u00e0 retisser des liens forts entre les diff\u00e9rentes g\u00e9n\u00e9rations pr\u00e9sentes sur le territoire communal et \u00e0 limiter, aupr\u00e8s des plus \u00e2g\u00e9s, les risques de solitude.<\/p>\n<p align=\"justify\">De mani\u00e8re g\u00e9n\u00e9rale, des actions sp\u00e9cialement destin\u00e9es aux personnes en situation d\u2019urgence seront r\u00e9alis\u00e9es pour que les victimes d\u2019incendies ou d\u2019inondations, les habitants de logements insalubres puissent trouver un h\u00e9bergement digne et \u00eatre accompagn\u00e9s dans leurs d\u00e9marches administratives tout en \u00e9tant soutenus psychologiquement. Ceci n\u00e9cessite l\u2019extension du plan social d\u2019accompagnement au PUIC (Plan d\u2019Urgence d\u2019Intervention Communale), notamment gr\u00e2ce \u00e0 un partenariat avec \u00ab\u00a0m\u00e9dinuit\u00a0\u00bb, centre m\u00e9dical d\u2019urgences. Son \u00e9quipe sociale sera \u00e9tendue pour instaurer un soutien imm\u00e9diat et prolong\u00e9 aux familles et personnes se trouvant en situation d\u2019urgence.<\/p>\n<h4 align=\"justify\"><strong>III. APPRENDRE, SE DIVERTIR, VIVRE LES CULTURES <\/strong><\/h4>\n<p align=\"justify\">La population molenbeekoise est extraordinairement jeune. L\u2019enseignement concerne \u00e9videmment les jeunes, les plus jeunes, au premier chef, et la politique sociale de pr\u00e9vention continuera \u00e0 faire d\u2019eux une priorit\u00e9.<\/p>\n<p align=\"justify\">\n<map name=\"MapMap4Map2\"><\/map>\n<\/p>\n<p lang=\"fr-BE\" align=\"justify\">Mais la jeunesse, sp\u00e9cialement les adolescents, gar\u00e7ons et filles, doivent faire \u00e9galement l\u2019objet d\u2019une politique qui lui est sp\u00e9cialement destin\u00e9e, une politique tourn\u00e9e vers le d\u00e9veloppement des capacit\u00e9s sportives, culturelles,\u2026 de chacun et chacune, une politique de la jeunesse qui inculque \u00e0 tous la conscience de ses droits mais aussi de ses devoirs et du respect de l\u2019autre.<\/p>\n<p lang=\"fr-BE\" align=\"justify\">Aucun effort pour promouvoir l\u2019\u00e9galit\u00e9 et la tol\u00e9rance mutuelle ne peut se dispenser de la mise en \u0153uvre d\u2019un \u00e9ventail de mesures diversifi\u00e9es. Celles-ci doivent viser \u00e0 une sensibilisation en faveur de la tol\u00e9rance, du respect de la femme, de la non-violence, du respect des plus anciens, \u2026<\/p>\n<p align=\"justify\"><span lang=\"fr-BE\">Au niveau des structures d\u2019enseignement, le Coll\u00e8ge<\/span>\u00a0souhaite renforcer la lutte contre le d\u00e9crochage scolaire entam\u00e9e au cours des l\u00e9gislatures pr\u00e9c\u00e9dentes. Le d\u00e9crochage scolaire constitue en effet une des pr\u00e9mices au processus d\u2019exclusion sociale.<\/p>\n<p align=\"justify\">C\u2019est pourquoi, de nouveaux projets, visant \u00e0 favoriser tant l\u2019attrait de l\u2019\u00e9cole en tant que telle que les possibilit\u00e9s de connaissances, d\u2019ouverture sur le monde qu\u2019elle rassemble, seront d\u00e9velopp\u00e9s en collaboration avec divers organismes sp\u00e9cialis\u00e9s en fonction des demandes.<\/p>\n<p align=\"justify\">En mati\u00e8re d\u2019infrastructures scolaires, d\u2019importants efforts ont d\u00e9j\u00e0 permis de r\u00e9nover, enti\u00e8rement ou partiellement, toutes nos \u00e9coles communales. Pour accro\u00eetre l\u2019attrait de l\u2019\u00e9cole et offrir aux \u00e9l\u00e8ves un cadre de vie propice \u00e0 l\u2019apprentissage, ces efforts se poursuivront pour toutes nos \u00e9coles.<\/p>\n<p align=\"justify\">Par ailleurs, pour faire face \u00e0 la demande croissante d\u2019inscription de nouveaux \u00e9l\u00e8ves dans les \u00e9tablissements scolaires molenbeekois, une nouvelle \u00e9cole a \u00e9t\u00e9 construite \u00e0 l\u2019angle des avenues des Tamaris et du Condor. Elle affiche d\u00e9j\u00e0 \u00ab\u00a0complet\u00a0\u00bb depuis la rentr\u00e9e et face \u00e0 la demande encore croissante, la possibilit\u00e9 d\u2019\u00e9tendre encore notre patrimoine scolaire sera \u00e9tudi\u00e9e tr\u00e8s s\u00e9rieusement.<\/p>\n<p align=\"justify\">La nouvelle Majorit\u00e9 s\u2019engage \u00e0 promouvoir un enseignement garant de l\u2019avenir. Elle mettra les moyens \u2013 de qualit\u00e9 \u2013 n\u00e9cessaires pour l\u2019obtention de r\u00e9sultats probants. En effet, tous nos jeunes m\u00e9ritent la plus grande attention. D\u00e8s le tout jeune \u00e2ge, l\u2019autorit\u00e9 politique a la responsabilit\u00e9 constitutionnelle d\u2019offrir aux \u00e9l\u00e8ves, en \u00e9troite concertation avec le corps enseignant et les parents, un enseignement bas\u00e9 sur la d\u00e9fense des valeurs d\u00e9mocratiques, humanistes et pluralistes.<\/p>\n<p lang=\"fr-FR\" align=\"justify\">Sur le plan p\u00e9dagogique, tout sera mis en \u0153uvre pour permettre \u00e0 l\u2019\u00e9l\u00e8ve de ma\u00eetriser les savoir lire, \u00e9crire et calculer de base, mais aussi lui permettre de s&rsquo;approprier les outils qui faciliteront son \u00e9mancipation et qui le pr\u00e9pareront \u00e0 devenir un adulte responsable, autonome, dot\u00e9 d\u2019esprit critique et capable de construire demain une soci\u00e9t\u00e9 bas\u00e9e sur des valeurs de respect d\u2019autrui, de tol\u00e9rance et de solidarit\u00e9.<\/p>\n<p align=\"justify\">Sur le plan social, notre enseignement favorisera la mixit\u00e9 dans chacun de nos \u00e9tablissements scolaires afin de valoriser encore davantage la richesse que cette mixit\u00e9 sociale ou culturelle peut engendrer.\u00a0<span lang=\"fr-BE\">La composition tr\u00e8s diversifi\u00e9e de la population scolaire est une chance \u00e0 saisir. Cet enseignement est dispens\u00e9 de mani\u00e8re performante dans les deux langues nationales. Des projets assurant un meilleur apprentissage des langues seront mis en \u0153uvre.<\/span><\/p>\n<p align=\"justify\">La Citoyennet\u00e9 responsable et la P\u00e9dagogie de la r\u00e9ussite continueront \u00e0 constituer la colonne vert\u00e9brale de notre projet \u00e9ducatif et p\u00e9dagogique.<\/p>\n<p align=\"justify\">Toujours en mati\u00e8re scolaire, si la Cellule p\u00e9dagogique poursuivra son travail g\u00e9n\u00e9ral d\u2019encadrement du personnel enseignant et l\u2019\u00e9laboration d\u2019outils d\u2019\u00e9valuation et de r\u00e9gulation des apprentissages, elle renforcera aussi ses initiatives visant \u00e0 lutter contre le d\u00e9crochage scolaire et favorisera l\u2019int\u00e9gration des jeunes primo-arrivants.<\/p>\n<p align=\"justify\">La Cellule p\u00e9dagogique cherchera \u00e9galement \u00e0 mettre en place des projets favorisant l\u2019apprentissage de la langue et les possibilit\u00e9s d\u2019ouverture sur le monde offertes par les nouvelles technologies. Les efforts seront encore intensifi\u00e9s au sein des \u00e9coles pour permettre aux plus jeunes de mieux comprendre les principes de base du fonctionnement d\u00e9mocratique de mani\u00e8re \u00e0 favoriser les comportements responsables et ainsi renforcer la lutte contre la violence et l\u2019exclusion.<\/p>\n<p align=\"justify\"><span lang=\"fr-BE\">De mani\u00e8re g\u00e9n\u00e9rale, l\u2019\u00e9cole entretiendra une collaboration privil\u00e9gi\u00e9e et constante avec tous ses partenaires : maisons de quartiers, biblioth\u00e8ques, acad\u00e9mies, associations, Maison des Cultures et de la Coh\u00e9sion Sociale,\u2026<\/span>\u00a0L<span lang=\"fr-BE\">es parents seront invit\u00e9s \u00e0 jouer un r\u00f4le encore plus actif au sein des conseils de participation de chaque \u00e9cole et seront impliqu\u00e9s\u00a0<\/span>dans la scolarit\u00e9 de leurs enfants et dans la lutte contre le d\u00e9crochage scolaire.<\/p>\n<p align=\"justify\">Le soutien de l&rsquo;enseignement n\u00e9erlandophone constituera \u00e9galement une priorit\u00e9 pour la commune. En dehors du souci de soutenir au mieux le fonctionnement de nos \u00e9coles en leur assurant tant des infrastructures performantes que du personnel comp\u00e9tent, les autorit\u00e9s auront \u00e0 c\u0153ur de conserver le \u00ab\u00a0scholengroep\u00a0\u00bb autonome, c&rsquo;est \u00e0 dire, faire en sorte que le nombre d&rsquo;\u00e9l\u00e8ves reste suffisamment \u00e9lev\u00e9.<\/p>\n<p align=\"justify\">L&rsquo;offre et la demande en mati\u00e8re d\u2019enseignement n\u00e9erlandophone seront analys\u00e9es. Ainsi, la possibilit\u00e9 de cr\u00e9er une nouvelle \u00e9cole ou de pr\u00e9voir une extension d&rsquo;une \u00e9cole existante sera envisag\u00e9e en cas de forte demande de places dans nos \u00e9tablissements.<\/p>\n<p align=\"justify\">La nouvelle Majorit\u00e9 veillera \u00e0 r\u00e9pondre au besoin et \u00e0 la demande de cr\u00e9ation de plus d&rsquo;activit\u00e9s extrascolaires en n\u00e9erlandais, notamment via le Dispositif d\u2019Accrochage Scolaire, et en soutenant toute initiative en ce sens. Dans ce cadre, une section n\u00e9erlandophone de la plaine de jeux communale sera envisag\u00e9e \u00e0 partir de l&rsquo;\u00e9t\u00e9 2007 et \u00e9ventuellement renforc\u00e9e en fonction de la demande.<\/p>\n<p align=\"justify\">Mais l\u2019enseignement communal \u00e0 Molenbeek, ce n\u2019est pas que le primaire\u00a0! C\u2019est aussi un institut d\u2019enseignement communal de Promotion sociale, une acad\u00e9mie de Dessin ainsi qu\u2019une acad\u00e9mie de la Musique et des Arts de la Parole ouverts \u00e0 tous les \u00e2ges.<\/p>\n<p align=\"justify\">Les autorit\u00e9s soutiendront leurs actions, leurs projets visant l\u2019\u00e9panouissement, la ma\u00eetrise des comp\u00e9tences, la citoyennet\u00e9 et l\u2019\u00e9galit\u00e9 des chances, et auront constamment le souci de la d\u00e9marche p\u00e9dagogique \u00e0 faire adopter dans l\u2019enseignement aux adultes et dans la formation continue ainsi que le souci d\u2019accueillir et de participer \u00e0 des formations \u00e0 l\u2019attention d\u2019un public en insertion socio-professionnelle.<\/p>\n<p lang=\"fr-BE\" align=\"justify\">Enfin, la politique de collaboration entre les diff\u00e9rents r\u00e9seaux scolaires sera poursuivie et accentu\u00e9e. La commune \u0153uvrera \u00e0 la suppression des cloisons artificielles cr\u00e9\u00e9es entre les diff\u00e9rentes initiatives men\u00e9es sur le territoire communal.<\/p>\n<p lang=\"fr-BE\" align=\"justify\">En mati\u00e8re de loisirs socio-\u00e9ducatifs, la commune a bien compris lors des l\u00e9gislatures pr\u00e9c\u00e9dentes, qu\u2019elle devait investir dans et pour la jeunesse.<\/p>\n<p align=\"justify\">La politique de la Jeunesse dans notre commune, c\u2019est un ensemble d\u2019initiatives et d\u2019actions men\u00e9es \u00e0 la fois par le service Jeunesse, par les structures d\u2019encadrement qui d\u00e9pendent de l\u2019asbl \u00ab\u00a0Lutte contre l\u2019exclusion sociale\u00a0\u00bb mais \u00e9galement par les associations soutenues par la commune sans en d\u00e9pendre directement.<\/p>\n<p align=\"justify\">Les autorit\u00e9s s\u2019engagent \u00e0 renforcer le dispositif des Maisons de quartier et \u00e0 tendre vers une couverture de tout le territoire. A cet effet, une nouvelle maison de quartier ouvrira ses portes dans le Nouveau Molenbeek.<\/p>\n<p align=\"justify\">D\u2019autre part, la commune soutiendra autant que possible les initiatives constructives \u00e0 l\u2019\u00e9gard des jeunes\u00a0: festival culturel, cr\u00e9ation d\u2019une cyberth\u00e8que et d\u2019une ludoth\u00e8que suppl\u00e9mentaire, instauration d\u2019un conseil communal des enfants et des jeunes, mise \u00e0 leur disposition d\u2019espaces de cr\u00e9ation, \u2026<\/p>\n<p lang=\"fr-BE\" align=\"justify\">Molenbeek comporte d\u00e9j\u00e0 bon nombre d\u2019infrastructures sportives. Elle accueille \u00e0 la fois des installations accessibles \u00e0 tous \u00e0 des prix d\u00e9mocratiques au Sippelberg, d\u2019autres directement accessibles dans les espaces publics pour les habitants et jeunes des quartiers, mais aussi le Stade communal Edmond Machtens qui h\u00e9berge un club de football d\u2019\u00e9lite. Et ce, sans compter les infrastructures priv\u00e9es.<\/p>\n<p lang=\"fr-BE\" align=\"justify\">Les animations socio-sportives seront \u00e9galement encore d\u00e9velopp\u00e9es l\u00e0 o\u00f9 le besoin s\u2019en fera sentir, afin que l\u2019offre sportive communale soit pr\u00e9sente sur tout le territoire communal.<\/p>\n<p lang=\"fr-BE\" align=\"justify\">A l\u2019image de la vision de la soci\u00e9t\u00e9 que d\u00e9fend la Nouvelle Majorit\u00e9, la valorisation de l\u2019effort individuel et la coop\u00e9ration dans les sports d\u2019\u00e9quipe doit \u00eatre poursuivie. Il en va de m\u00eame du soutien aux clubs et associations sportives priv\u00e9s.<\/p>\n<p align=\"justify\">La politique culturelle rev\u00eat \u00e0 Molenbeek, sans doute plus qu\u2019ailleurs, une importance essentielle en raison de la diversit\u00e9 des origines de sa population. Une politique culturelle est un v\u00e9ritable vecteur de coh\u00e9sion sociale quand elle contribue \u00e0 la fois \u00e0 promouvoir les aptitudes et connaissances individuelles et \u00e0 favoriser les \u00e9changes entre personnes et entre groupes sociaux.<\/p>\n<p align=\"justify\">Apr\u00e8s le p\u00f4le localis\u00e9 au Ch\u00e2teau du Karreveld, la cr\u00e9ation de la Maison des Cultures et de la Coh\u00e9sion sociale assure une pr\u00e9sence forte sur l\u2019ensemble du territoire.<\/p>\n<p align=\"justify\">Le public potentiel des activit\u00e9s culturelles comprend aussi bien les spectateurs habituels des salles de concerts, des mus\u00e9es, des cin\u00e9mas, etc., que tous ceux qui n\u2019ont pas encore eu l\u2019opportunit\u00e9 de les d\u00e9velopper ou les pratiquer.<\/p>\n<p align=\"justify\">Vivre sa culture et apprendre \u00e0 conna\u00eetre celles de ses voisins, en impliquant chacun, du plus petit au plus \u00e2g\u00e9, est un d\u00e9fi que nous avons voulu relever en cr\u00e9ant et en renfor\u00e7ant les outils dont nous disposons enfin.<\/p>\n<p align=\"justify\">La nouvelle Maison des Cultures met en pleine lumi\u00e8re non seulement un superbe b\u00e2timent, mais aussi le projet qu\u2019il porte, le rayonnement qu\u2019il permet, les hommes et les femmes qui l\u2019animent et celles et ceux \u00e0 qui il est destin\u00e9.<\/p>\n<p align=\"justify\">La m\u00e9tamorphose due \u00e0 une r\u00e9novation en profondeur, n\u2019a pas seulement rendu la maison plus belle, plus grande, plus claire. Elle diffuse \u00e0 pr\u00e9sent une lumi\u00e8re nouvelle, faite de toutes les couleurs du spectre. Et elle est plus rayonnante encore, pour cette raison m\u00eame. Parce qu\u2019aux hommes et aux femmes qu\u2019elle r\u00e9unit, elle propose un lieu d\u2019assemblage de leurs propres songes et de leurs projets, dans la confrontation et la rencontre de leurs cultures respectives.<\/p>\n<p align=\"justify\">Ce que l\u2019on a appel\u00e9 la \u00ab d\u00e9mocratisation culturelle \u00bb, cette \u00ab culture pour chacun \u00bb, s\u2019\u00e9panouira dans cette Maison, gr\u00e2ce \u00e0 tous ceux qui ont conjugu\u00e9 leurs efforts pour faire aboutir ce projet et lui donner un \u00e9lan de cr\u00e9ativit\u00e9.<\/p>\n<p align=\"justify\">Le projet de la Maison est celui de l&rsquo;ouverture et de la convivialit\u00e9, il est celui des Cultures au c\u0153ur de la vie, au c\u0153ur de nos r\u00eaves, il est l&rsquo;ambition d&rsquo;un \u00ab\u00a0\u00e9litisme pour tous\u00a0\u00bb.<\/p>\n<p align=\"justify\">Pour r\u00e9ussir ce beau pari culturel, Molenbeek et sa Maison des Cultures et de la Coh\u00e9sion sociale disposent d&rsquo;une chance formidable, celle de pouvoir compter sur des artistes locaux d&rsquo;exception et sur un public d\u00e9j\u00e0 tr\u00e8s enthousiaste.<\/p>\n<p align=\"justify\">Les autorit\u00e9s font le pari tr\u00e8s ambitieux d\u2019accueillir le public le plus nombreux possible pour une programmation la plus large possible. Du \u00ab savant \u00bb au \u00ab populaire \u00bb, aucun public ne saurait ici \u00eatre privil\u00e9gi\u00e9. Cette maison sera ouverte \u00e0 tous, c\u2019est pour la Majorit\u00e9 plus qu&rsquo;un choix : c&rsquo;est un imp\u00e9ratif absolu. Dans une soci\u00e9t\u00e9 o\u00f9 dominent la crainte de l\u2019autre et le repli sur soi, la MCCS sera le lieu du collectif, de la rencontre, du m\u00e9tissage culturel et social.<\/p>\n<p align=\"justify\">Le ch\u00e2teau du Karreveld, quant \u00e0 lui, constituera l\u2019autre p\u00f4le culturel de la commune et continuera d\u2019accueillir les activit\u00e9s culturelles qui y sont actuellement d\u00e9velopp\u00e9es. Le ch\u00e2teau et son cadre enchanteur seront mis en valeur afin que s\u2019y d\u00e9veloppent davantage encore des activit\u00e9s culturelles et festives de qualit\u00e9. En particulier, le mat\u00e9riel plac\u00e9 en d\u00e9p\u00f4t sera transf\u00e9r\u00e9 vers d\u2019autres ateliers pour lib\u00e9rer de l\u2019espace d\u00e9di\u00e9 \u00e0 la culture. Le ch\u00e2teau fera l\u2019objet d\u2019une meilleure signalisation afin de faciliter son acc\u00e8s aux publics de tous horizons.<\/p>\n<p align=\"justify\">Dans un souci de plus grande efficacit\u00e9, la Maison des Cultures et le Karreveld seront consid\u00e9r\u00e9es comme Centres culturels et se verront adjoindre des asbl organisatrices de spectacles, d\u2019expositions, etc.<\/p>\n<p align=\"justify\">La commune veillera \u00e0 la r\u00e9alisation de la biblioth\u00e8que communale reconnue par la communaut\u00e9 fran\u00e7aise. Le nouveau b\u00e2timent verra le jour et permettra un enrichissement substantiel de ses collections. La poursuite de l\u2019informatisation des collections et l\u2019accessibilit\u00e9 de celles-ci feront de cette biblioth\u00e8que l\u2019une des plus performantes de la r\u00e9gion. Cette biblioth\u00e8que sera \u00e9galement un lieu de rencontre interactif orient\u00e9e en particulier vers les technologies nouvelles.<\/p>\n<p align=\"justify\">La pertinence du syst\u00e8me de ch\u00e8ques culture et sa mise en \u0153uvre seront \u00e9valu\u00e9es.<\/p>\n<p align=\"justify\">Une attention toute particuli\u00e8re sera apport\u00e9e aux troupes de th\u00e9\u00e2tre et aux groupements artistiques molenbeekois.<\/p>\n<p align=\"justify\">Enfin, nous veillerons \u00e0 encourager les activit\u00e9s culturelles \u00e0 vocation scientifique afin notamment de d\u00e9velopper le go\u00fbt des sciences chez les jeunes.<\/p>\n<p align=\"justify\">La commune continuera \u00e0 soutenir activement le d\u00e9veloppement d&rsquo;un service culture n\u00e9erlandophone. Ainsi, un \u00ab\u00a0cultuurraad\u00a0\u00bb sera cr\u00e9\u00e9 afin de proposer la politique de culture n\u00e9erlandophone communale.<\/p>\n<p align=\"justify\">Une bonne collaboration avec tous les partenaires culturels communaux est essentielle, notamment avec le Vaartkapoen, le service de la culture francophone et la Maison des Cultures et de la Coh\u00e9sion sociale.<\/p>\n<p align=\"justify\">De mani\u00e8re g\u00e9n\u00e9rale, la politique de culture n\u00e9erlandophone continuera son offre d&rsquo;apr\u00e8s-midis musicales envers les seniors tandis que de nouvelles activit\u00e9s seront cr\u00e9\u00e9es en faveur des familles et des jeunes.<\/p>\n<p align=\"justify\">La commune soutiendra activement et mat\u00e9riellement les associations pour la jeunesse, par exemple en organisant le transport de mat\u00e9riel vers leurs camps d\u2019\u00e9t\u00e9, en aidant les associations \u00e0 entretenir les locaux ou en leur pr\u00eatant du mat\u00e9riel.<\/p>\n<p align=\"justify\">La nouvelle biblioth\u00e8que n\u00e9erlandophone deviendra un nouveau centre de la vie culturelle n\u00e9erlandophone \u00e0 Molenbeek. Des ordinateurs y seront mis \u00e0 disposition du public. Des formations pourraient y avoir lieu et toute forme d\u2019expression artistique devrait y trouver sa place: vernissages, soir\u00e9es po\u00e9sie, expositions, d\u00e9bats,\u2026 Une attention particuli\u00e8re sera attach\u00e9e \u00e0 la collaboration avec les \u00e9coles.<\/p>\n<p align=\"center\">* * *<\/p>\n<p align=\"justify\">Le pr\u00e9sent expos\u00e9 ne pr\u00e9tend bien s\u00fbr pas \u00e0 l\u2019exhaustivit\u00e9. Il permet cependant de prendre conscience des d\u00e9fis qui attendent notre commune au cours des prochaines ann\u00e9es et indique la mani\u00e8re par laquelle la majorit\u00e9 souhaite y r\u00e9pondre.<\/p>\n<p align=\"justify\">Comme nous vous l\u2019avons d\u00e9j\u00e0 dit, les instances communales ne peuvent malheureusement pas ma\u00eetriser certains \u00e9l\u00e9ments macro-\u00e9conomiques qui s\u2019av\u00e8rent pourtant d\u00e9terminants pour l\u2019\u00e9volution de la situation au niveau local. Les instances communales, soucieuses du bien-\u00eatre de la population molenbeekoise, seront donc attentives \u00e0 adapter leur projet en fonction des nouvelles circonstances auxquelles elles devront faire face et ceci, afin de toujours r\u00e9pondre le plus ad\u00e9quatement possible aux demandes des Molenbeekois.<\/p>\n<p align=\"justify\">Par ailleurs, m\u00eame si notre commune a d\u00e9j\u00e0 b\u00e9n\u00e9fici\u00e9 d\u2019aides financi\u00e8res ext\u00e9rieures, qu\u2019elles soient r\u00e9gionales, f\u00e9d\u00e9rales ou europ\u00e9ennes, la recherche de ces financements compl\u00e9mentaires aux investissements sur fonds propres, devra se poursuivre au cours des prochaines ann\u00e9es si nous voulons achever le redressement d\u00e9finitif de Molenbeek-Saint-Jean.<\/p>\n<p align=\"justify\">L\u2019administration continuera de s\u2019\u00e9quiper d\u2019outils de travail int\u00e9grant les nouvelles technologies afin que les citoyens molenbeekois puissent b\u00e9n\u00e9ficier d\u2019un service public performant et de qualit\u00e9.<\/p>\n<p align=\"justify\">Ces nouvelles technologies, notamment Internet, devront \u00e9galement permettre d\u2019\u00e9tablir une meilleure communication entre les instances communales et les Molenbeekois. Cette am\u00e9lioration de la communication devrait aussi permettre une intensification des \u00e9changes entre les mandataires et les citoyens, et \u00e0 terme, une plus grande participation, un investissement plus important des habitants dans les projets visant \u00e0 am\u00e9liorer leur quartier. Dans ce cadre, une premi\u00e8re antenne d\u00e9centralis\u00e9e de service \u00e0 la population sera cr\u00e9\u00e9e dans le nouveau Molenbeek.<\/p>\n<p align=\"justify\">Pour terminer, le Coll\u00e8ge voudrait insister sur un point fondamental. Si notre commune doit encore faire face \u00e0 des d\u00e9fis d\u2019importance, elle dispose aussi d\u2019atouts majeurs pour r\u00e9ussir. Je n\u2019en citerai que quelques-uns. Ainsi, la jeunesse de sa population, sa richesse multiculturelle, sa proximit\u00e9 avec le centre-ville, son ancien patrimoine, ses friches industrielles qui doivent permettre d\u2019accro\u00eetre l\u2019activit\u00e9 \u00e9conomique, ses nombreux espaces verts, son accessibilit\u00e9 gr\u00e2ce aux nombreux transports en commun, la qualit\u00e9 et la diversit\u00e9 de son r\u00e9seau associatif, \u2026<\/p>\n<p align=\"justify\">Tous ces \u00e9l\u00e9ments constituent ce que je pourrais appeler, le \u00ab\u00a0terreau de notre commune\u00a0\u00bb. Ce qui va enrichir ce terreau, c\u2019est la pro-activit\u00e9 et l\u2019efficacit\u00e9 de l\u2019\u00e9quipe administrative au service de tous les Molenbeekois, une \u00e9quipe qui s\u2019est vue visiblement renforc\u00e9e ces derni\u00e8res ann\u00e9es et qui est charg\u00e9e de la recherche de nouveaux subsides, du d\u00e9veloppement de nouveaux concepts et dossiers, de la conceptualisation d\u2019id\u00e9es en jach\u00e8re.<\/p>\n<p align=\"justify\">Tous ces \u00e9l\u00e9ments sont importants pour notre commune, pour son d\u00e9veloppement, pour son avenir.<\/p>\n","protected":false},"excerpt":{"rendered":"<p>Note de politique g\u00e9n\u00e9rale de Molenbeek Programme d&rsquo;actions 2007 &#8211; 2012 Un cadre de vie embelli et s\u00e9curisant pour tous Intensifier les m\u00e9canismes de solidarit\u00e9 sociale et \u00e9conomique sur le territoire communal D\u00e9velopper les actions d\u00e9j\u00e0 en cours pour apprendre, se divertir, vivre les cultures \u00e0 Molenbeek La d\u00e9claration g\u00e9n\u00e9rale de l\u00e9gislature, texte fondamental pour&hellip; <br \/> <a class=\"read-more\" href=\"https:\/\/telepolice.be\/index.php\/2019\/04\/01\/2007-note-de-politique-generale-de-molenbeek\/\">Lire la suite<\/a><\/p>\n","protected":false},"author":1,"featured_media":0,"comment_status":"open","ping_status":"closed","sticky":false,"template":"","format":"standard","meta":{"footnotes":""},"categories":[6],"tags":[],"class_list":["post-792","post","type-post","status-publish","format-standard","hentry","category-revue-de-presse"],"yoast_head":"<!-- This site is optimized with the Yoast SEO plugin v27.5 - https:\/\/yoast.com\/product\/yoast-seo-wordpress\/ -->\n<title>2007 : Note de politique g\u00e9n\u00e9rale de Molenbeek - TELEPOLICE<\/title>\n<meta name=\"robots\" content=\"index, follow, max-snippet:-1, max-image-preview:large, max-video-preview:-1\" \/>\n<link rel=\"canonical\" href=\"https:\/\/telepolice.be\/index.php\/2019\/04\/01\/2007-note-de-politique-generale-de-molenbeek\/\" \/>\n<meta property=\"og:locale\" content=\"fr_FR\" \/>\n<meta property=\"og:type\" content=\"article\" \/>\n<meta property=\"og:title\" content=\"2007 : Note de politique g\u00e9n\u00e9rale de Molenbeek - TELEPOLICE\" \/>\n<meta property=\"og:description\" content=\"Note de politique g\u00e9n\u00e9rale de Molenbeek Programme d&rsquo;actions 2007 &#8211; 2012 Un cadre de vie embelli et s\u00e9curisant pour tous Intensifier les m\u00e9canismes de solidarit\u00e9 sociale et \u00e9conomique sur le territoire communal D\u00e9velopper les actions d\u00e9j\u00e0 en cours pour apprendre, se divertir, vivre les cultures \u00e0 Molenbeek La d\u00e9claration g\u00e9n\u00e9rale de l\u00e9gislature, texte fondamental pour&hellip; Lire la suite\" \/>\n<meta property=\"og:url\" content=\"https:\/\/telepolice.be\/index.php\/2019\/04\/01\/2007-note-de-politique-generale-de-molenbeek\/\" \/>\n<meta property=\"og:site_name\" content=\"TELEPOLICE\" \/>\n<meta property=\"article:published_time\" content=\"2019-04-01T11:19:47+00:00\" \/>\n<meta property=\"article:modified_time\" content=\"2019-05-09T06:50:36+00:00\" \/>\n<meta name=\"author\" content=\"admin\" \/>\n<meta name=\"twitter:card\" content=\"summary_large_image\" \/>\n<meta name=\"twitter:label1\" content=\"\u00c9crit par\" \/>\n\t<meta name=\"twitter:data1\" content=\"admin\" \/>\n\t<meta name=\"twitter:label2\" content=\"Dur\u00e9e de lecture estim\u00e9e\" \/>\n\t<meta name=\"twitter:data2\" content=\"58 minutes\" \/>\n<script type=\"application\/ld+json\" class=\"yoast-schema-graph\">{\"@context\":\"https:\\\/\\\/schema.org\",\"@graph\":[{\"@type\":\"Article\",\"@id\":\"https:\\\/\\\/telepolice.be\\\/index.php\\\/2019\\\/04\\\/01\\\/2007-note-de-politique-generale-de-molenbeek\\\/#article\",\"isPartOf\":{\"@id\":\"https:\\\/\\\/telepolice.be\\\/index.php\\\/2019\\\/04\\\/01\\\/2007-note-de-politique-generale-de-molenbeek\\\/\"},\"author\":{\"name\":\"admin\",\"@id\":\"https:\\\/\\\/telepolice.be\\\/#\\\/schema\\\/person\\\/ca479b77454640f8f918dd017bd028bf\"},\"headline\":\"2007 : Note de politique g\u00e9n\u00e9rale de Molenbeek\",\"datePublished\":\"2019-04-01T11:19:47+00:00\",\"dateModified\":\"2019-05-09T06:50:36+00:00\",\"mainEntityOfPage\":{\"@id\":\"https:\\\/\\\/telepolice.be\\\/index.php\\\/2019\\\/04\\\/01\\\/2007-note-de-politique-generale-de-molenbeek\\\/\"},\"wordCount\":11648,\"commentCount\":0,\"publisher\":{\"@id\":\"https:\\\/\\\/telepolice.be\\\/#organization\"},\"articleSection\":[\"Revue De Presse\"],\"inLanguage\":\"fr-FR\",\"potentialAction\":[{\"@type\":\"CommentAction\",\"name\":\"Comment\",\"target\":[\"https:\\\/\\\/telepolice.be\\\/index.php\\\/2019\\\/04\\\/01\\\/2007-note-de-politique-generale-de-molenbeek\\\/#respond\"]}]},{\"@type\":\"WebPage\",\"@id\":\"https:\\\/\\\/telepolice.be\\\/index.php\\\/2019\\\/04\\\/01\\\/2007-note-de-politique-generale-de-molenbeek\\\/\",\"url\":\"https:\\\/\\\/telepolice.be\\\/index.php\\\/2019\\\/04\\\/01\\\/2007-note-de-politique-generale-de-molenbeek\\\/\",\"name\":\"2007 : Note de politique g\u00e9n\u00e9rale de Molenbeek - TELEPOLICE\",\"isPartOf\":{\"@id\":\"https:\\\/\\\/telepolice.be\\\/#website\"},\"datePublished\":\"2019-04-01T11:19:47+00:00\",\"dateModified\":\"2019-05-09T06:50:36+00:00\",\"breadcrumb\":{\"@id\":\"https:\\\/\\\/telepolice.be\\\/index.php\\\/2019\\\/04\\\/01\\\/2007-note-de-politique-generale-de-molenbeek\\\/#breadcrumb\"},\"inLanguage\":\"fr-FR\",\"potentialAction\":[{\"@type\":\"ReadAction\",\"target\":[\"https:\\\/\\\/telepolice.be\\\/index.php\\\/2019\\\/04\\\/01\\\/2007-note-de-politique-generale-de-molenbeek\\\/\"]}]},{\"@type\":\"BreadcrumbList\",\"@id\":\"https:\\\/\\\/telepolice.be\\\/index.php\\\/2019\\\/04\\\/01\\\/2007-note-de-politique-generale-de-molenbeek\\\/#breadcrumb\",\"itemListElement\":[{\"@type\":\"ListItem\",\"position\":1,\"name\":\"Accueil\",\"item\":\"https:\\\/\\\/telepolice.be\\\/\"},{\"@type\":\"ListItem\",\"position\":2,\"name\":\"2007 : Note de politique g\u00e9n\u00e9rale de Molenbeek\"}]},{\"@type\":\"WebSite\",\"@id\":\"https:\\\/\\\/telepolice.be\\\/#website\",\"url\":\"https:\\\/\\\/telepolice.be\\\/\",\"name\":\"TELEPOLICE\",\"description\":\"Prot\u00e9gez votre entreprise\",\"publisher\":{\"@id\":\"https:\\\/\\\/telepolice.be\\\/#organization\"},\"potentialAction\":[{\"@type\":\"SearchAction\",\"target\":{\"@type\":\"EntryPoint\",\"urlTemplate\":\"https:\\\/\\\/telepolice.be\\\/?s={search_term_string}\"},\"query-input\":{\"@type\":\"PropertyValueSpecification\",\"valueRequired\":true,\"valueName\":\"search_term_string\"}}],\"inLanguage\":\"fr-FR\"},{\"@type\":\"Organization\",\"@id\":\"https:\\\/\\\/telepolice.be\\\/#organization\",\"name\":\"TELE POLICE\",\"url\":\"https:\\\/\\\/telepolice.be\\\/\",\"logo\":{\"@type\":\"ImageObject\",\"inLanguage\":\"fr-FR\",\"@id\":\"https:\\\/\\\/telepolice.be\\\/#\\\/schema\\\/logo\\\/image\\\/\",\"url\":\"https:\\\/\\\/telepolice.be\\\/wp-content\\\/uploads\\\/2019\\\/04\\\/cropped-logotelepolice-3.png\",\"contentUrl\":\"https:\\\/\\\/telepolice.be\\\/wp-content\\\/uploads\\\/2019\\\/04\\\/cropped-logotelepolice-3.png\",\"width\":408,\"height\":65,\"caption\":\"TELE POLICE\"},\"image\":{\"@id\":\"https:\\\/\\\/telepolice.be\\\/#\\\/schema\\\/logo\\\/image\\\/\"}},{\"@type\":\"Person\",\"@id\":\"https:\\\/\\\/telepolice.be\\\/#\\\/schema\\\/person\\\/ca479b77454640f8f918dd017bd028bf\",\"name\":\"admin\",\"image\":{\"@type\":\"ImageObject\",\"inLanguage\":\"fr-FR\",\"@id\":\"https:\\\/\\\/secure.gravatar.com\\\/avatar\\\/dd9167fd60efcd6c24559ffa4f391e918347b9cf398a5593e29d658b4ae5d443?s=96&d=mm&r=g\",\"url\":\"https:\\\/\\\/secure.gravatar.com\\\/avatar\\\/dd9167fd60efcd6c24559ffa4f391e918347b9cf398a5593e29d658b4ae5d443?s=96&d=mm&r=g\",\"contentUrl\":\"https:\\\/\\\/secure.gravatar.com\\\/avatar\\\/dd9167fd60efcd6c24559ffa4f391e918347b9cf398a5593e29d658b4ae5d443?s=96&d=mm&r=g\",\"caption\":\"admin\"},\"url\":\"https:\\\/\\\/telepolice.be\\\/index.php\\\/author\\\/web_telepolice\\\/\"}]}<\/script>\n<!-- \/ Yoast SEO plugin. -->","yoast_head_json":{"title":"2007 : Note de politique g\u00e9n\u00e9rale de Molenbeek - TELEPOLICE","robots":{"index":"index","follow":"follow","max-snippet":"max-snippet:-1","max-image-preview":"max-image-preview:large","max-video-preview":"max-video-preview:-1"},"canonical":"https:\/\/telepolice.be\/index.php\/2019\/04\/01\/2007-note-de-politique-generale-de-molenbeek\/","og_locale":"fr_FR","og_type":"article","og_title":"2007 : Note de politique g\u00e9n\u00e9rale de Molenbeek - TELEPOLICE","og_description":"Note de politique g\u00e9n\u00e9rale de Molenbeek Programme d&rsquo;actions 2007 &#8211; 2012 Un cadre de vie embelli et s\u00e9curisant pour tous Intensifier les m\u00e9canismes de solidarit\u00e9 sociale et \u00e9conomique sur le territoire communal D\u00e9velopper les actions d\u00e9j\u00e0 en cours pour apprendre, se divertir, vivre les cultures \u00e0 Molenbeek La d\u00e9claration g\u00e9n\u00e9rale de l\u00e9gislature, texte fondamental pour&hellip; Lire la suite","og_url":"https:\/\/telepolice.be\/index.php\/2019\/04\/01\/2007-note-de-politique-generale-de-molenbeek\/","og_site_name":"TELEPOLICE","article_published_time":"2019-04-01T11:19:47+00:00","article_modified_time":"2019-05-09T06:50:36+00:00","author":"admin","twitter_card":"summary_large_image","twitter_misc":{"\u00c9crit par":"admin","Dur\u00e9e de lecture estim\u00e9e":"58 minutes"},"schema":{"@context":"https:\/\/schema.org","@graph":[{"@type":"Article","@id":"https:\/\/telepolice.be\/index.php\/2019\/04\/01\/2007-note-de-politique-generale-de-molenbeek\/#article","isPartOf":{"@id":"https:\/\/telepolice.be\/index.php\/2019\/04\/01\/2007-note-de-politique-generale-de-molenbeek\/"},"author":{"name":"admin","@id":"https:\/\/telepolice.be\/#\/schema\/person\/ca479b77454640f8f918dd017bd028bf"},"headline":"2007 : Note de politique g\u00e9n\u00e9rale de Molenbeek","datePublished":"2019-04-01T11:19:47+00:00","dateModified":"2019-05-09T06:50:36+00:00","mainEntityOfPage":{"@id":"https:\/\/telepolice.be\/index.php\/2019\/04\/01\/2007-note-de-politique-generale-de-molenbeek\/"},"wordCount":11648,"commentCount":0,"publisher":{"@id":"https:\/\/telepolice.be\/#organization"},"articleSection":["Revue De Presse"],"inLanguage":"fr-FR","potentialAction":[{"@type":"CommentAction","name":"Comment","target":["https:\/\/telepolice.be\/index.php\/2019\/04\/01\/2007-note-de-politique-generale-de-molenbeek\/#respond"]}]},{"@type":"WebPage","@id":"https:\/\/telepolice.be\/index.php\/2019\/04\/01\/2007-note-de-politique-generale-de-molenbeek\/","url":"https:\/\/telepolice.be\/index.php\/2019\/04\/01\/2007-note-de-politique-generale-de-molenbeek\/","name":"2007 : Note de politique g\u00e9n\u00e9rale de Molenbeek - TELEPOLICE","isPartOf":{"@id":"https:\/\/telepolice.be\/#website"},"datePublished":"2019-04-01T11:19:47+00:00","dateModified":"2019-05-09T06:50:36+00:00","breadcrumb":{"@id":"https:\/\/telepolice.be\/index.php\/2019\/04\/01\/2007-note-de-politique-generale-de-molenbeek\/#breadcrumb"},"inLanguage":"fr-FR","potentialAction":[{"@type":"ReadAction","target":["https:\/\/telepolice.be\/index.php\/2019\/04\/01\/2007-note-de-politique-generale-de-molenbeek\/"]}]},{"@type":"BreadcrumbList","@id":"https:\/\/telepolice.be\/index.php\/2019\/04\/01\/2007-note-de-politique-generale-de-molenbeek\/#breadcrumb","itemListElement":[{"@type":"ListItem","position":1,"name":"Accueil","item":"https:\/\/telepolice.be\/"},{"@type":"ListItem","position":2,"name":"2007 : Note de politique g\u00e9n\u00e9rale de Molenbeek"}]},{"@type":"WebSite","@id":"https:\/\/telepolice.be\/#website","url":"https:\/\/telepolice.be\/","name":"TELEPOLICE","description":"Prot\u00e9gez votre entreprise","publisher":{"@id":"https:\/\/telepolice.be\/#organization"},"potentialAction":[{"@type":"SearchAction","target":{"@type":"EntryPoint","urlTemplate":"https:\/\/telepolice.be\/?s={search_term_string}"},"query-input":{"@type":"PropertyValueSpecification","valueRequired":true,"valueName":"search_term_string"}}],"inLanguage":"fr-FR"},{"@type":"Organization","@id":"https:\/\/telepolice.be\/#organization","name":"TELE POLICE","url":"https:\/\/telepolice.be\/","logo":{"@type":"ImageObject","inLanguage":"fr-FR","@id":"https:\/\/telepolice.be\/#\/schema\/logo\/image\/","url":"https:\/\/telepolice.be\/wp-content\/uploads\/2019\/04\/cropped-logotelepolice-3.png","contentUrl":"https:\/\/telepolice.be\/wp-content\/uploads\/2019\/04\/cropped-logotelepolice-3.png","width":408,"height":65,"caption":"TELE POLICE"},"image":{"@id":"https:\/\/telepolice.be\/#\/schema\/logo\/image\/"}},{"@type":"Person","@id":"https:\/\/telepolice.be\/#\/schema\/person\/ca479b77454640f8f918dd017bd028bf","name":"admin","image":{"@type":"ImageObject","inLanguage":"fr-FR","@id":"https:\/\/secure.gravatar.com\/avatar\/dd9167fd60efcd6c24559ffa4f391e918347b9cf398a5593e29d658b4ae5d443?s=96&d=mm&r=g","url":"https:\/\/secure.gravatar.com\/avatar\/dd9167fd60efcd6c24559ffa4f391e918347b9cf398a5593e29d658b4ae5d443?s=96&d=mm&r=g","contentUrl":"https:\/\/secure.gravatar.com\/avatar\/dd9167fd60efcd6c24559ffa4f391e918347b9cf398a5593e29d658b4ae5d443?s=96&d=mm&r=g","caption":"admin"},"url":"https:\/\/telepolice.be\/index.php\/author\/web_telepolice\/"}]}},"_links":{"self":[{"href":"https:\/\/telepolice.be\/index.php\/wp-json\/wp\/v2\/posts\/792","targetHints":{"allow":["GET"]}}],"collection":[{"href":"https:\/\/telepolice.be\/index.php\/wp-json\/wp\/v2\/posts"}],"about":[{"href":"https:\/\/telepolice.be\/index.php\/wp-json\/wp\/v2\/types\/post"}],"author":[{"embeddable":true,"href":"https:\/\/telepolice.be\/index.php\/wp-json\/wp\/v2\/users\/1"}],"replies":[{"embeddable":true,"href":"https:\/\/telepolice.be\/index.php\/wp-json\/wp\/v2\/comments?post=792"}],"version-history":[{"count":6,"href":"https:\/\/telepolice.be\/index.php\/wp-json\/wp\/v2\/posts\/792\/revisions"}],"predecessor-version":[{"id":2614,"href":"https:\/\/telepolice.be\/index.php\/wp-json\/wp\/v2\/posts\/792\/revisions\/2614"}],"wp:attachment":[{"href":"https:\/\/telepolice.be\/index.php\/wp-json\/wp\/v2\/media?parent=792"}],"wp:term":[{"taxonomy":"category","embeddable":true,"href":"https:\/\/telepolice.be\/index.php\/wp-json\/wp\/v2\/categories?post=792"},{"taxonomy":"post_tag","embeddable":true,"href":"https:\/\/telepolice.be\/index.php\/wp-json\/wp\/v2\/tags?post=792"}],"curies":[{"name":"wp","href":"https:\/\/api.w.org\/{rel}","templated":true}]}}