{"id":784,"date":"2019-04-01T11:19:42","date_gmt":"2019-04-01T11:19:42","guid":{"rendered":"https:\/\/telepolice.be\/index.php\/2019\/04\/01\/nouvelle-creche-et-le-systeme-tele-police\/"},"modified":"2019-04-13T23:05:49","modified_gmt":"2019-04-13T21:05:49","slug":"nouvelle-creche-et-le-systeme-tele-police","status":"publish","type":"post","link":"https:\/\/telepolice.be\/index.php\/2019\/04\/01\/nouvelle-creche-et-le-systeme-tele-police\/","title":{"rendered":"Nouvelle cr\u00e8che et le syst\u00e8me t\u00e9l\u00e9-police"},"content":{"rendered":"<h3>Le scoop d\u2019olivier Maingain<\/h3>\n<p>Olivier Maingain vous annonce trois nouveaut\u00e9s en primeur.<\/p>\n<ul>\n<li><strong style=\"background-color: transparent;\">Nouvelle cr\u00e8che :<\/strong><\/li>\n<\/ul>\n<p style=\"padding-left: 40px;\"><span style=\"background-color: transparent;\">\u201c <\/span><em style=\"background-color: transparent;\">Une entreprise priv\u00e9e va s\u2019installer sur un terrain de la SDRB, avenue Ariane. Il s\u2019agit d\u2019une PME en communication qui a connu un essor remarquable. Ils ont pr\u00e9vu d\u2019inclure dans leur b\u00e2timent une cr\u00e8che. Pour r\u00e9pondre aux demandes de leur personnel, mais une quinzaine de places seront disponibles pour la commune.<\/em><span style=\"background-color: transparent;\"> \u201d<\/span><\/p>\n<p style=\"padding-left: 40px;\"><span style=\"background-color: transparent;\">Un projet qui devrait se r\u00e9aliser dans les 2 ans \u00e0 venir.<\/span><\/p>\n<ul>\n<li><strong>T\u00e9l\u00e9 police : <\/strong><\/li>\n<\/ul>\n<p style=\"padding-left: 40px;\">Comme Uccle, la commune va installer un syst\u00e8me t\u00e9l\u00e9-police chez les commer\u00e7ants qui le demandent, o\u00f9 les images de surveillance pourront \u00eatre envoy\u00e9es, si n\u00e9cessaire, directement au dispatching de la police. Cela se fera en 2010, tout comme l\u2019installation de nouvelles cam\u00e9ras de surveillance de la commune.<\/p>\n<blockquote>\n<p style=\"padding-left: 40px;\"><em>Et nous interviendrons dans les frais d\u2019installation et d\u2019entretien.<\/em><\/p>\n<\/blockquote>\n<ul>\n<li><strong>Festival :<\/strong><\/li>\n<\/ul>\n<p style=\"padding-left: 40px;\">Un festival du d\u00e9veloppement durable sera organis\u00e9, fin 2010, \u00e0 Wolubilis.<\/p>\n<p>&nbsp;<\/p>\n","protected":false},"excerpt":{"rendered":"<p>Le scoop d\u2019olivier Maingain Olivier Maingain vous annonce trois nouveaut\u00e9s en primeur. Nouvelle cr\u00e8che : \u201c Une entreprise priv\u00e9e va s\u2019installer sur un terrain de la SDRB, avenue Ariane. Il s\u2019agit d\u2019une PME en communication qui a connu un essor remarquable. Ils ont pr\u00e9vu d\u2019inclure dans leur b\u00e2timent une cr\u00e8che. Pour r\u00e9pondre aux demandes de&hellip; <br \/> <a class=\"read-more\" href=\"https:\/\/telepolice.be\/index.php\/2019\/04\/01\/nouvelle-creche-et-le-systeme-tele-police\/\">Lire la suite<\/a><\/p>\n","protected":false},"author":1,"featured_media":0,"comment_status":"open","ping_status":"closed","sticky":false,"template":"","format":"standard","meta":{"footnotes":""},"categories":[6],"tags":[],"class_list":["post-784","post","type-post","status-publish","format-standard","hentry","category-revue-de-presse"],"yoast_head":"<!-- This site is optimized with the Yoast SEO plugin v27.5 - https:\/\/yoast.com\/product\/yoast-seo-wordpress\/ -->\n<title>Nouvelle cr\u00e8che et le syst\u00e8me t\u00e9l\u00e9-police - TELEPOLICE<\/title>\n<meta name=\"robots\" content=\"index, follow, max-snippet:-1, max-image-preview:large, max-video-preview:-1\" \/>\n<link rel=\"canonical\" href=\"https:\/\/telepolice.be\/index.php\/2019\/04\/01\/nouvelle-creche-et-le-systeme-tele-police\/\" \/>\n<meta property=\"og:locale\" content=\"fr_FR\" \/>\n<meta property=\"og:type\" content=\"article\" \/>\n<meta property=\"og:title\" content=\"Nouvelle cr\u00e8che et le syst\u00e8me t\u00e9l\u00e9-police - TELEPOLICE\" \/>\n<meta property=\"og:description\" content=\"Le scoop d\u2019olivier Maingain Olivier Maingain vous annonce trois nouveaut\u00e9s en primeur. Nouvelle cr\u00e8che : \u201c Une entreprise priv\u00e9e va s\u2019installer sur un terrain de la SDRB, avenue Ariane. Il s\u2019agit d\u2019une PME en communication qui a connu un essor remarquable. Ils ont pr\u00e9vu d\u2019inclure dans leur b\u00e2timent une cr\u00e8che. Pour r\u00e9pondre aux demandes de&hellip; Lire la suite\" \/>\n<meta property=\"og:url\" content=\"https:\/\/telepolice.be\/index.php\/2019\/04\/01\/nouvelle-creche-et-le-systeme-tele-police\/\" \/>\n<meta property=\"og:site_name\" content=\"TELEPOLICE\" \/>\n<meta property=\"article:published_time\" content=\"2019-04-01T11:19:42+00:00\" \/>\n<meta property=\"article:modified_time\" content=\"2019-04-13T21:05:49+00:00\" \/>\n<meta name=\"author\" content=\"admin\" \/>\n<meta name=\"twitter:card\" content=\"summary_large_image\" \/>\n<meta name=\"twitter:label1\" content=\"\u00c9crit par\" \/>\n\t<meta name=\"twitter:data1\" content=\"admin\" \/>\n\t<meta name=\"twitter:label2\" content=\"Dur\u00e9e de lecture estim\u00e9e\" \/>\n\t<meta name=\"twitter:data2\" content=\"1 minute\" \/>\n<script type=\"application\/ld+json\" class=\"yoast-schema-graph\">{\"@context\":\"https:\\\/\\\/schema.org\",\"@graph\":[{\"@type\":\"Article\",\"@id\":\"https:\\\/\\\/telepolice.be\\\/index.php\\\/2019\\\/04\\\/01\\\/nouvelle-creche-et-le-systeme-tele-police\\\/#article\",\"isPartOf\":{\"@id\":\"https:\\\/\\\/telepolice.be\\\/index.php\\\/2019\\\/04\\\/01\\\/nouvelle-creche-et-le-systeme-tele-police\\\/\"},\"author\":{\"name\":\"admin\",\"@id\":\"https:\\\/\\\/telepolice.be\\\/#\\\/schema\\\/person\\\/ca479b77454640f8f918dd017bd028bf\"},\"headline\":\"Nouvelle cr\u00e8che et le syst\u00e8me t\u00e9l\u00e9-police\",\"datePublished\":\"2019-04-01T11:19:42+00:00\",\"dateModified\":\"2019-04-13T21:05:49+00:00\",\"mainEntityOfPage\":{\"@id\":\"https:\\\/\\\/telepolice.be\\\/index.php\\\/2019\\\/04\\\/01\\\/nouvelle-creche-et-le-systeme-tele-police\\\/\"},\"wordCount\":178,\"commentCount\":0,\"publisher\":{\"@id\":\"https:\\\/\\\/telepolice.be\\\/#organization\"},\"articleSection\":[\"Revue De Presse\"],\"inLanguage\":\"fr-FR\",\"potentialAction\":[{\"@type\":\"CommentAction\",\"name\":\"Comment\",\"target\":[\"https:\\\/\\\/telepolice.be\\\/index.php\\\/2019\\\/04\\\/01\\\/nouvelle-creche-et-le-systeme-tele-police\\\/#respond\"]}]},{\"@type\":\"WebPage\",\"@id\":\"https:\\\/\\\/telepolice.be\\\/index.php\\\/2019\\\/04\\\/01\\\/nouvelle-creche-et-le-systeme-tele-police\\\/\",\"url\":\"https:\\\/\\\/telepolice.be\\\/index.php\\\/2019\\\/04\\\/01\\\/nouvelle-creche-et-le-systeme-tele-police\\\/\",\"name\":\"Nouvelle cr\u00e8che et le syst\u00e8me t\u00e9l\u00e9-police - TELEPOLICE\",\"isPartOf\":{\"@id\":\"https:\\\/\\\/telepolice.be\\\/#website\"},\"datePublished\":\"2019-04-01T11:19:42+00:00\",\"dateModified\":\"2019-04-13T21:05:49+00:00\",\"breadcrumb\":{\"@id\":\"https:\\\/\\\/telepolice.be\\\/index.php\\\/2019\\\/04\\\/01\\\/nouvelle-creche-et-le-systeme-tele-police\\\/#breadcrumb\"},\"inLanguage\":\"fr-FR\",\"potentialAction\":[{\"@type\":\"ReadAction\",\"target\":[\"https:\\\/\\\/telepolice.be\\\/index.php\\\/2019\\\/04\\\/01\\\/nouvelle-creche-et-le-systeme-tele-police\\\/\"]}]},{\"@type\":\"BreadcrumbList\",\"@id\":\"https:\\\/\\\/telepolice.be\\\/index.php\\\/2019\\\/04\\\/01\\\/nouvelle-creche-et-le-systeme-tele-police\\\/#breadcrumb\",\"itemListElement\":[{\"@type\":\"ListItem\",\"position\":1,\"name\":\"Accueil\",\"item\":\"https:\\\/\\\/telepolice.be\\\/\"},{\"@type\":\"ListItem\",\"position\":2,\"name\":\"Nouvelle cr\u00e8che et le syst\u00e8me t\u00e9l\u00e9-police\"}]},{\"@type\":\"WebSite\",\"@id\":\"https:\\\/\\\/telepolice.be\\\/#website\",\"url\":\"https:\\\/\\\/telepolice.be\\\/\",\"name\":\"TELEPOLICE\",\"description\":\"Prot\u00e9gez votre entreprise\",\"publisher\":{\"@id\":\"https:\\\/\\\/telepolice.be\\\/#organization\"},\"potentialAction\":[{\"@type\":\"SearchAction\",\"target\":{\"@type\":\"EntryPoint\",\"urlTemplate\":\"https:\\\/\\\/telepolice.be\\\/?s={search_term_string}\"},\"query-input\":{\"@type\":\"PropertyValueSpecification\",\"valueRequired\":true,\"valueName\":\"search_term_string\"}}],\"inLanguage\":\"fr-FR\"},{\"@type\":\"Organization\",\"@id\":\"https:\\\/\\\/telepolice.be\\\/#organization\",\"name\":\"TELE POLICE\",\"url\":\"https:\\\/\\\/telepolice.be\\\/\",\"logo\":{\"@type\":\"ImageObject\",\"inLanguage\":\"fr-FR\",\"@id\":\"https:\\\/\\\/telepolice.be\\\/#\\\/schema\\\/logo\\\/image\\\/\",\"url\":\"https:\\\/\\\/telepolice.be\\\/wp-content\\\/uploads\\\/2019\\\/04\\\/cropped-logotelepolice-3.png\",\"contentUrl\":\"https:\\\/\\\/telepolice.be\\\/wp-content\\\/uploads\\\/2019\\\/04\\\/cropped-logotelepolice-3.png\",\"width\":408,\"height\":65,\"caption\":\"TELE POLICE\"},\"image\":{\"@id\":\"https:\\\/\\\/telepolice.be\\\/#\\\/schema\\\/logo\\\/image\\\/\"}},{\"@type\":\"Person\",\"@id\":\"https:\\\/\\\/telepolice.be\\\/#\\\/schema\\\/person\\\/ca479b77454640f8f918dd017bd028bf\",\"name\":\"admin\",\"image\":{\"@type\":\"ImageObject\",\"inLanguage\":\"fr-FR\",\"@id\":\"https:\\\/\\\/secure.gravatar.com\\\/avatar\\\/dd9167fd60efcd6c24559ffa4f391e918347b9cf398a5593e29d658b4ae5d443?s=96&d=mm&r=g\",\"url\":\"https:\\\/\\\/secure.gravatar.com\\\/avatar\\\/dd9167fd60efcd6c24559ffa4f391e918347b9cf398a5593e29d658b4ae5d443?s=96&d=mm&r=g\",\"contentUrl\":\"https:\\\/\\\/secure.gravatar.com\\\/avatar\\\/dd9167fd60efcd6c24559ffa4f391e918347b9cf398a5593e29d658b4ae5d443?s=96&d=mm&r=g\",\"caption\":\"admin\"},\"url\":\"https:\\\/\\\/telepolice.be\\\/index.php\\\/author\\\/web_telepolice\\\/\"}]}<\/script>\n<!-- \/ Yoast SEO plugin. -->","yoast_head_json":{"title":"Nouvelle cr\u00e8che et le syst\u00e8me t\u00e9l\u00e9-police - TELEPOLICE","robots":{"index":"index","follow":"follow","max-snippet":"max-snippet:-1","max-image-preview":"max-image-preview:large","max-video-preview":"max-video-preview:-1"},"canonical":"https:\/\/telepolice.be\/index.php\/2019\/04\/01\/nouvelle-creche-et-le-systeme-tele-police\/","og_locale":"fr_FR","og_type":"article","og_title":"Nouvelle cr\u00e8che et le syst\u00e8me t\u00e9l\u00e9-police - TELEPOLICE","og_description":"Le scoop d\u2019olivier Maingain Olivier Maingain vous annonce trois nouveaut\u00e9s en primeur. Nouvelle cr\u00e8che : \u201c Une entreprise priv\u00e9e va s\u2019installer sur un terrain de la SDRB, avenue Ariane. Il s\u2019agit d\u2019une PME en communication qui a connu un essor remarquable. Ils ont pr\u00e9vu d\u2019inclure dans leur b\u00e2timent une cr\u00e8che. Pour r\u00e9pondre aux demandes de&hellip; Lire la suite","og_url":"https:\/\/telepolice.be\/index.php\/2019\/04\/01\/nouvelle-creche-et-le-systeme-tele-police\/","og_site_name":"TELEPOLICE","article_published_time":"2019-04-01T11:19:42+00:00","article_modified_time":"2019-04-13T21:05:49+00:00","author":"admin","twitter_card":"summary_large_image","twitter_misc":{"\u00c9crit par":"admin","Dur\u00e9e de lecture estim\u00e9e":"1 minute"},"schema":{"@context":"https:\/\/schema.org","@graph":[{"@type":"Article","@id":"https:\/\/telepolice.be\/index.php\/2019\/04\/01\/nouvelle-creche-et-le-systeme-tele-police\/#article","isPartOf":{"@id":"https:\/\/telepolice.be\/index.php\/2019\/04\/01\/nouvelle-creche-et-le-systeme-tele-police\/"},"author":{"name":"admin","@id":"https:\/\/telepolice.be\/#\/schema\/person\/ca479b77454640f8f918dd017bd028bf"},"headline":"Nouvelle cr\u00e8che et le syst\u00e8me t\u00e9l\u00e9-police","datePublished":"2019-04-01T11:19:42+00:00","dateModified":"2019-04-13T21:05:49+00:00","mainEntityOfPage":{"@id":"https:\/\/telepolice.be\/index.php\/2019\/04\/01\/nouvelle-creche-et-le-systeme-tele-police\/"},"wordCount":178,"commentCount":0,"publisher":{"@id":"https:\/\/telepolice.be\/#organization"},"articleSection":["Revue De Presse"],"inLanguage":"fr-FR","potentialAction":[{"@type":"CommentAction","name":"Comment","target":["https:\/\/telepolice.be\/index.php\/2019\/04\/01\/nouvelle-creche-et-le-systeme-tele-police\/#respond"]}]},{"@type":"WebPage","@id":"https:\/\/telepolice.be\/index.php\/2019\/04\/01\/nouvelle-creche-et-le-systeme-tele-police\/","url":"https:\/\/telepolice.be\/index.php\/2019\/04\/01\/nouvelle-creche-et-le-systeme-tele-police\/","name":"Nouvelle cr\u00e8che et le syst\u00e8me t\u00e9l\u00e9-police - TELEPOLICE","isPartOf":{"@id":"https:\/\/telepolice.be\/#website"},"datePublished":"2019-04-01T11:19:42+00:00","dateModified":"2019-04-13T21:05:49+00:00","breadcrumb":{"@id":"https:\/\/telepolice.be\/index.php\/2019\/04\/01\/nouvelle-creche-et-le-systeme-tele-police\/#breadcrumb"},"inLanguage":"fr-FR","potentialAction":[{"@type":"ReadAction","target":["https:\/\/telepolice.be\/index.php\/2019\/04\/01\/nouvelle-creche-et-le-systeme-tele-police\/"]}]},{"@type":"BreadcrumbList","@id":"https:\/\/telepolice.be\/index.php\/2019\/04\/01\/nouvelle-creche-et-le-systeme-tele-police\/#breadcrumb","itemListElement":[{"@type":"ListItem","position":1,"name":"Accueil","item":"https:\/\/telepolice.be\/"},{"@type":"ListItem","position":2,"name":"Nouvelle cr\u00e8che et le syst\u00e8me t\u00e9l\u00e9-police"}]},{"@type":"WebSite","@id":"https:\/\/telepolice.be\/#website","url":"https:\/\/telepolice.be\/","name":"TELEPOLICE","description":"Prot\u00e9gez votre entreprise","publisher":{"@id":"https:\/\/telepolice.be\/#organization"},"potentialAction":[{"@type":"SearchAction","target":{"@type":"EntryPoint","urlTemplate":"https:\/\/telepolice.be\/?s={search_term_string}"},"query-input":{"@type":"PropertyValueSpecification","valueRequired":true,"valueName":"search_term_string"}}],"inLanguage":"fr-FR"},{"@type":"Organization","@id":"https:\/\/telepolice.be\/#organization","name":"TELE POLICE","url":"https:\/\/telepolice.be\/","logo":{"@type":"ImageObject","inLanguage":"fr-FR","@id":"https:\/\/telepolice.be\/#\/schema\/logo\/image\/","url":"https:\/\/telepolice.be\/wp-content\/uploads\/2019\/04\/cropped-logotelepolice-3.png","contentUrl":"https:\/\/telepolice.be\/wp-content\/uploads\/2019\/04\/cropped-logotelepolice-3.png","width":408,"height":65,"caption":"TELE POLICE"},"image":{"@id":"https:\/\/telepolice.be\/#\/schema\/logo\/image\/"}},{"@type":"Person","@id":"https:\/\/telepolice.be\/#\/schema\/person\/ca479b77454640f8f918dd017bd028bf","name":"admin","image":{"@type":"ImageObject","inLanguage":"fr-FR","@id":"https:\/\/secure.gravatar.com\/avatar\/dd9167fd60efcd6c24559ffa4f391e918347b9cf398a5593e29d658b4ae5d443?s=96&d=mm&r=g","url":"https:\/\/secure.gravatar.com\/avatar\/dd9167fd60efcd6c24559ffa4f391e918347b9cf398a5593e29d658b4ae5d443?s=96&d=mm&r=g","contentUrl":"https:\/\/secure.gravatar.com\/avatar\/dd9167fd60efcd6c24559ffa4f391e918347b9cf398a5593e29d658b4ae5d443?s=96&d=mm&r=g","caption":"admin"},"url":"https:\/\/telepolice.be\/index.php\/author\/web_telepolice\/"}]}},"_links":{"self":[{"href":"https:\/\/telepolice.be\/index.php\/wp-json\/wp\/v2\/posts\/784","targetHints":{"allow":["GET"]}}],"collection":[{"href":"https:\/\/telepolice.be\/index.php\/wp-json\/wp\/v2\/posts"}],"about":[{"href":"https:\/\/telepolice.be\/index.php\/wp-json\/wp\/v2\/types\/post"}],"author":[{"embeddable":true,"href":"https:\/\/telepolice.be\/index.php\/wp-json\/wp\/v2\/users\/1"}],"replies":[{"embeddable":true,"href":"https:\/\/telepolice.be\/index.php\/wp-json\/wp\/v2\/comments?post=784"}],"version-history":[{"count":2,"href":"https:\/\/telepolice.be\/index.php\/wp-json\/wp\/v2\/posts\/784\/revisions"}],"predecessor-version":[{"id":983,"href":"https:\/\/telepolice.be\/index.php\/wp-json\/wp\/v2\/posts\/784\/revisions\/983"}],"wp:attachment":[{"href":"https:\/\/telepolice.be\/index.php\/wp-json\/wp\/v2\/media?parent=784"}],"wp:term":[{"taxonomy":"category","embeddable":true,"href":"https:\/\/telepolice.be\/index.php\/wp-json\/wp\/v2\/categories?post=784"},{"taxonomy":"post_tag","embeddable":true,"href":"https:\/\/telepolice.be\/index.php\/wp-json\/wp\/v2\/tags?post=784"}],"curies":[{"name":"wp","href":"https:\/\/api.w.org\/{rel}","templated":true}]}}