{"id":782,"date":"2019-04-01T11:19:40","date_gmt":"2019-04-01T11:19:40","guid":{"rendered":"https:\/\/telepolice.be\/index.php\/2019\/04\/01\/braquages-la-nouvelle-arme-de-la-police\/"},"modified":"2019-04-18T17:21:30","modified_gmt":"2019-04-18T15:21:30","slug":"braquages-la-nouvelle-arme-de-la-police","status":"publish","type":"post","link":"https:\/\/telepolice.be\/index.php\/2019\/04\/01\/braquages-la-nouvelle-arme-de-la-police\/","title":{"rendered":"Braquages : la nouvelle arme de la police"},"content":{"rendered":"<h4><strong><span lang=\"FR-BE\">La zone Nord a lanc\u00e9 T\u00e9l\u00e9-police Vision, qui permet de suivre en direct l\u2019attaque d\u2019un commerce et d\u2019agir aussi vite\u2026<\/span><\/strong><\/h4>\n<p><img loading=\"lazy\" decoding=\"async\" class=\"alignleft size-full wp-image-977\" src=\"https:\/\/telepolice.be\/wp-content\/uploads\/2019\/04\/telepolice-vision.jpg\" alt=\"\" width=\"280\" height=\"220\" \/><\/p>\n<p><em>BRUXELLES<\/em><\/p>\n<p>Une fois de plus, la police de la zone Nord est la premi\u00e8re en R\u00e9gion bruxelloise \u00e0 s\u2019\u00e9quiper d\u2019une technologie r\u00e9volutionnaire. Le T\u00e9l\u00e9police Vision est lanc\u00e9 depuis le 1er janvier dernier \u00e0 Schaerbeek, Evere et Saint-Josse.<\/p>\n<p>D\u2019autres zones de la capitale ont d\u00e9cid\u00e9 d\u2019investir \u00e9galement dans le nouveau syst\u00e8me, dont la zone Uccle, Watermael-Boistfort, Auderghem, o\u00f9 un braquage dramatique s\u2019est produit vendredi dernier. Le coll\u00e8ge de police de cette zone a marqu\u00e9 son feu vert hier matin \u00e0 cette technique innovante, comme nous vous l\u2019expliquons ci-contre.<\/p>\n<p>Un syst\u00e8me d\u00e9sormais actif \u00e0 la zone Nord, que nous avons pu d\u00e9couvrir en primeur ce mardi. Le commissaire Dauchy nous en explique le fonctionnement mais revient d\u2019abord sur les raisons de la disparition de l\u2019ancien syst\u00e8me Telepolice. \u201cCe syst\u00e8me avait \u00e9t\u00e9 mis en place en 2002 \u00e0 l\u2019initiative de la R\u00e9gion bruxelloise qui le subsidiait. \u00c0 l\u2019\u00e9poque, seules les bijouteries, pharmacies et librairies \u00e9taient concern\u00e9es. Le syst\u00e8me, qui existe toujours dans d\u2019autres zones, consistait en un bouton d\u2019alarme plac\u00e9 sur le comptoir du commer\u00e7ant et qu\u2019il pouvait activer en cas de braquage. Lorsque le commer\u00e7ait poussait sur le bouton qui le reliait directement \u00e0 nous, on pouvait uniquement entendre ce qui se passait mais sans rien voir\u201d, pr\u00e9cise le commissaire.<\/p>\n<p>\u201cLa R\u00e9gion a d\u00e9cid\u00e9 il y a deux ans environ de ne plus subsidier ce syst\u00e8me qui a montr\u00e9 ses failles. Nous voulions le maintenir au sein de la zone. Alors, nous avons proc\u00e9d\u00e9 \u00e0 une \u00e9valuation du syst\u00e8me. Nous en avons conclu que les pannes \u00e9taient de plus en plus courantes et qu\u2019il devenait obsol\u00e8te. Les fausses alertes se multipliaient. Dans 76\u00a0% des d\u00e9clenchements de l\u2019alarme, il s\u2019agissait de fausses alertes. De plus, le syst\u00e8me mettait trop de temps \u00e0 se connecter avec le n\u00f4tre\u201d, poursuit le commissaire Dauchy, avant d\u2019en arriver au passage \u00e0 la nouvelle technologie.<\/p>\n<p>\u201cOn voulait maintenir un syst\u00e8me d\u2019alerte pour les commer\u00e7ants cibles d\u2019attaques. On a donc d\u00e9cid\u00e9 d\u2019\u00e9tablir, voici un an, un partenariat avec une firme priv\u00e9e. Et le syst\u00e8me est op\u00e9rationnel depuis le mois de janvier.\u201d<\/p>\n<p>T\u00e9l\u00e9police Vision permet donc d\u00e9sormais \u00e0 la zone d\u2019\u00eatre directement connect\u00e9e avec le commer\u00e7ant attaqu\u00e9 et en images\u00a0!<\/p>\n<p>D\u00e8s que le commer\u00e7ant enclenche l\u2019alerte, la \u2013 ou les \u2013 cam\u00e9ra(s) install\u00e9e(s) chez lui permet(tent) aux policiers de voir les braqueurs en direct. \u201cC\u2019est un syst\u00e8me bidirectionnel. Nous voyons et entendons tout ce qui se passe mais le commer\u00e7ant nous entend \u00e9galement. Nous pouvons donc communiquer avec lui, ce que nous \u00e9vitons tant que les auteurs sont pr\u00e9sents\u201d, poursuit le commissaire.<\/p>\n<p>Ce qui permet \u00e0 la police d\u2019arriver sur les lieux dans les deux minutes maximum, de se planquer le temps que les auteurs sortent, comme nous le d\u00e9taille ci-dessous le commissaire Dauchy. Un syst\u00e8me qui permettra \u00e9galement \u00e0 l\u2019avenir de suivre les voleurs en fuite en braquant directement les cam\u00e9ras situ\u00e9es sur la voie publique vers leur itin\u00e9raire de cavale\u00a0!<\/p>\n<p>Nawal Bensalem<\/p>\n<p><a href=\"https:\/\/www.dhnet.be\/\"><em>\u00a9 La Derni\u00e8re Heure 2010<\/em><\/a><\/p>\n","protected":false},"excerpt":{"rendered":"<p>La zone Nord a lanc\u00e9 T\u00e9l\u00e9-police Vision, qui permet de suivre en direct l\u2019attaque d\u2019un commerce et d\u2019agir aussi vite\u2026 BRUXELLES Une fois de plus, la police de la zone Nord est la premi\u00e8re en R\u00e9gion bruxelloise \u00e0 s\u2019\u00e9quiper d\u2019une technologie r\u00e9volutionnaire. Le T\u00e9l\u00e9police Vision est lanc\u00e9 depuis le 1er janvier dernier \u00e0 Schaerbeek, Evere&hellip; <br \/> <a class=\"read-more\" href=\"https:\/\/telepolice.be\/index.php\/2019\/04\/01\/braquages-la-nouvelle-arme-de-la-police\/\">Lire la suite<\/a><\/p>\n","protected":false},"author":1,"featured_media":0,"comment_status":"open","ping_status":"closed","sticky":false,"template":"","format":"standard","meta":{"footnotes":""},"categories":[6],"tags":[],"class_list":["post-782","post","type-post","status-publish","format-standard","hentry","category-revue-de-presse"],"yoast_head":"<!-- This site is optimized with the Yoast SEO plugin v27.5 - https:\/\/yoast.com\/product\/yoast-seo-wordpress\/ -->\n<title>Braquages : la nouvelle arme de la police - TELEPOLICE<\/title>\n<meta name=\"robots\" content=\"index, follow, max-snippet:-1, max-image-preview:large, max-video-preview:-1\" \/>\n<link rel=\"canonical\" href=\"https:\/\/telepolice.be\/index.php\/2019\/04\/01\/braquages-la-nouvelle-arme-de-la-police\/\" \/>\n<meta property=\"og:locale\" content=\"fr_FR\" \/>\n<meta property=\"og:type\" content=\"article\" \/>\n<meta property=\"og:title\" content=\"Braquages : la nouvelle arme de la police - TELEPOLICE\" \/>\n<meta property=\"og:description\" content=\"La zone Nord a lanc\u00e9 T\u00e9l\u00e9-police Vision, qui permet de suivre en direct l\u2019attaque d\u2019un commerce et d\u2019agir aussi vite\u2026 BRUXELLES Une fois de plus, la police de la zone Nord est la premi\u00e8re en R\u00e9gion bruxelloise \u00e0 s\u2019\u00e9quiper d\u2019une technologie r\u00e9volutionnaire. Le T\u00e9l\u00e9police Vision est lanc\u00e9 depuis le 1er janvier dernier \u00e0 Schaerbeek, Evere&hellip; Lire la suite\" \/>\n<meta property=\"og:url\" content=\"https:\/\/telepolice.be\/index.php\/2019\/04\/01\/braquages-la-nouvelle-arme-de-la-police\/\" \/>\n<meta property=\"og:site_name\" content=\"TELEPOLICE\" \/>\n<meta property=\"article:published_time\" content=\"2019-04-01T11:19:40+00:00\" \/>\n<meta property=\"article:modified_time\" content=\"2019-04-18T15:21:30+00:00\" \/>\n<meta property=\"og:image\" content=\"https:\/\/telepolice.be\/wp-content\/uploads\/2019\/04\/telepolice-vision.jpg\" \/>\n<meta name=\"author\" content=\"admin\" \/>\n<meta name=\"twitter:card\" content=\"summary_large_image\" \/>\n<meta name=\"twitter:label1\" content=\"\u00c9crit par\" \/>\n\t<meta name=\"twitter:data1\" content=\"admin\" \/>\n\t<meta name=\"twitter:label2\" content=\"Dur\u00e9e de lecture estim\u00e9e\" \/>\n\t<meta name=\"twitter:data2\" content=\"3 minutes\" \/>\n<script type=\"application\/ld+json\" class=\"yoast-schema-graph\">{\"@context\":\"https:\\\/\\\/schema.org\",\"@graph\":[{\"@type\":\"Article\",\"@id\":\"https:\\\/\\\/telepolice.be\\\/index.php\\\/2019\\\/04\\\/01\\\/braquages-la-nouvelle-arme-de-la-police\\\/#article\",\"isPartOf\":{\"@id\":\"https:\\\/\\\/telepolice.be\\\/index.php\\\/2019\\\/04\\\/01\\\/braquages-la-nouvelle-arme-de-la-police\\\/\"},\"author\":{\"name\":\"admin\",\"@id\":\"https:\\\/\\\/telepolice.be\\\/#\\\/schema\\\/person\\\/ca479b77454640f8f918dd017bd028bf\"},\"headline\":\"Braquages : la nouvelle arme de la police\",\"datePublished\":\"2019-04-01T11:19:40+00:00\",\"dateModified\":\"2019-04-18T15:21:30+00:00\",\"mainEntityOfPage\":{\"@id\":\"https:\\\/\\\/telepolice.be\\\/index.php\\\/2019\\\/04\\\/01\\\/braquages-la-nouvelle-arme-de-la-police\\\/\"},\"wordCount\":582,\"commentCount\":0,\"publisher\":{\"@id\":\"https:\\\/\\\/telepolice.be\\\/#organization\"},\"image\":{\"@id\":\"https:\\\/\\\/telepolice.be\\\/index.php\\\/2019\\\/04\\\/01\\\/braquages-la-nouvelle-arme-de-la-police\\\/#primaryimage\"},\"thumbnailUrl\":\"https:\\\/\\\/telepolice.be\\\/wp-content\\\/uploads\\\/2019\\\/04\\\/telepolice-vision.jpg\",\"articleSection\":[\"Revue De Presse\"],\"inLanguage\":\"fr-FR\",\"potentialAction\":[{\"@type\":\"CommentAction\",\"name\":\"Comment\",\"target\":[\"https:\\\/\\\/telepolice.be\\\/index.php\\\/2019\\\/04\\\/01\\\/braquages-la-nouvelle-arme-de-la-police\\\/#respond\"]}]},{\"@type\":\"WebPage\",\"@id\":\"https:\\\/\\\/telepolice.be\\\/index.php\\\/2019\\\/04\\\/01\\\/braquages-la-nouvelle-arme-de-la-police\\\/\",\"url\":\"https:\\\/\\\/telepolice.be\\\/index.php\\\/2019\\\/04\\\/01\\\/braquages-la-nouvelle-arme-de-la-police\\\/\",\"name\":\"Braquages : la nouvelle arme de la police - TELEPOLICE\",\"isPartOf\":{\"@id\":\"https:\\\/\\\/telepolice.be\\\/#website\"},\"primaryImageOfPage\":{\"@id\":\"https:\\\/\\\/telepolice.be\\\/index.php\\\/2019\\\/04\\\/01\\\/braquages-la-nouvelle-arme-de-la-police\\\/#primaryimage\"},\"image\":{\"@id\":\"https:\\\/\\\/telepolice.be\\\/index.php\\\/2019\\\/04\\\/01\\\/braquages-la-nouvelle-arme-de-la-police\\\/#primaryimage\"},\"thumbnailUrl\":\"https:\\\/\\\/telepolice.be\\\/wp-content\\\/uploads\\\/2019\\\/04\\\/telepolice-vision.jpg\",\"datePublished\":\"2019-04-01T11:19:40+00:00\",\"dateModified\":\"2019-04-18T15:21:30+00:00\",\"breadcrumb\":{\"@id\":\"https:\\\/\\\/telepolice.be\\\/index.php\\\/2019\\\/04\\\/01\\\/braquages-la-nouvelle-arme-de-la-police\\\/#breadcrumb\"},\"inLanguage\":\"fr-FR\",\"potentialAction\":[{\"@type\":\"ReadAction\",\"target\":[\"https:\\\/\\\/telepolice.be\\\/index.php\\\/2019\\\/04\\\/01\\\/braquages-la-nouvelle-arme-de-la-police\\\/\"]}]},{\"@type\":\"ImageObject\",\"inLanguage\":\"fr-FR\",\"@id\":\"https:\\\/\\\/telepolice.be\\\/index.php\\\/2019\\\/04\\\/01\\\/braquages-la-nouvelle-arme-de-la-police\\\/#primaryimage\",\"url\":\"https:\\\/\\\/telepolice.be\\\/wp-content\\\/uploads\\\/2019\\\/04\\\/telepolice-vision.jpg\",\"contentUrl\":\"https:\\\/\\\/telepolice.be\\\/wp-content\\\/uploads\\\/2019\\\/04\\\/telepolice-vision.jpg\",\"width\":280,\"height\":220},{\"@type\":\"BreadcrumbList\",\"@id\":\"https:\\\/\\\/telepolice.be\\\/index.php\\\/2019\\\/04\\\/01\\\/braquages-la-nouvelle-arme-de-la-police\\\/#breadcrumb\",\"itemListElement\":[{\"@type\":\"ListItem\",\"position\":1,\"name\":\"Accueil\",\"item\":\"https:\\\/\\\/telepolice.be\\\/\"},{\"@type\":\"ListItem\",\"position\":2,\"name\":\"Braquages : la nouvelle arme de la police\"}]},{\"@type\":\"WebSite\",\"@id\":\"https:\\\/\\\/telepolice.be\\\/#website\",\"url\":\"https:\\\/\\\/telepolice.be\\\/\",\"name\":\"TELEPOLICE\",\"description\":\"Prot\u00e9gez votre entreprise\",\"publisher\":{\"@id\":\"https:\\\/\\\/telepolice.be\\\/#organization\"},\"potentialAction\":[{\"@type\":\"SearchAction\",\"target\":{\"@type\":\"EntryPoint\",\"urlTemplate\":\"https:\\\/\\\/telepolice.be\\\/?s={search_term_string}\"},\"query-input\":{\"@type\":\"PropertyValueSpecification\",\"valueRequired\":true,\"valueName\":\"search_term_string\"}}],\"inLanguage\":\"fr-FR\"},{\"@type\":\"Organization\",\"@id\":\"https:\\\/\\\/telepolice.be\\\/#organization\",\"name\":\"TELE POLICE\",\"url\":\"https:\\\/\\\/telepolice.be\\\/\",\"logo\":{\"@type\":\"ImageObject\",\"inLanguage\":\"fr-FR\",\"@id\":\"https:\\\/\\\/telepolice.be\\\/#\\\/schema\\\/logo\\\/image\\\/\",\"url\":\"https:\\\/\\\/telepolice.be\\\/wp-content\\\/uploads\\\/2019\\\/04\\\/cropped-logotelepolice-3.png\",\"contentUrl\":\"https:\\\/\\\/telepolice.be\\\/wp-content\\\/uploads\\\/2019\\\/04\\\/cropped-logotelepolice-3.png\",\"width\":408,\"height\":65,\"caption\":\"TELE POLICE\"},\"image\":{\"@id\":\"https:\\\/\\\/telepolice.be\\\/#\\\/schema\\\/logo\\\/image\\\/\"}},{\"@type\":\"Person\",\"@id\":\"https:\\\/\\\/telepolice.be\\\/#\\\/schema\\\/person\\\/ca479b77454640f8f918dd017bd028bf\",\"name\":\"admin\",\"image\":{\"@type\":\"ImageObject\",\"inLanguage\":\"fr-FR\",\"@id\":\"https:\\\/\\\/secure.gravatar.com\\\/avatar\\\/dd9167fd60efcd6c24559ffa4f391e918347b9cf398a5593e29d658b4ae5d443?s=96&d=mm&r=g\",\"url\":\"https:\\\/\\\/secure.gravatar.com\\\/avatar\\\/dd9167fd60efcd6c24559ffa4f391e918347b9cf398a5593e29d658b4ae5d443?s=96&d=mm&r=g\",\"contentUrl\":\"https:\\\/\\\/secure.gravatar.com\\\/avatar\\\/dd9167fd60efcd6c24559ffa4f391e918347b9cf398a5593e29d658b4ae5d443?s=96&d=mm&r=g\",\"caption\":\"admin\"},\"url\":\"https:\\\/\\\/telepolice.be\\\/index.php\\\/author\\\/web_telepolice\\\/\"}]}<\/script>\n<!-- \/ Yoast SEO plugin. -->","yoast_head_json":{"title":"Braquages : la nouvelle arme de la police - TELEPOLICE","robots":{"index":"index","follow":"follow","max-snippet":"max-snippet:-1","max-image-preview":"max-image-preview:large","max-video-preview":"max-video-preview:-1"},"canonical":"https:\/\/telepolice.be\/index.php\/2019\/04\/01\/braquages-la-nouvelle-arme-de-la-police\/","og_locale":"fr_FR","og_type":"article","og_title":"Braquages : la nouvelle arme de la police - TELEPOLICE","og_description":"La zone Nord a lanc\u00e9 T\u00e9l\u00e9-police Vision, qui permet de suivre en direct l\u2019attaque d\u2019un commerce et d\u2019agir aussi vite\u2026 BRUXELLES Une fois de plus, la police de la zone Nord est la premi\u00e8re en R\u00e9gion bruxelloise \u00e0 s\u2019\u00e9quiper d\u2019une technologie r\u00e9volutionnaire. Le T\u00e9l\u00e9police Vision est lanc\u00e9 depuis le 1er janvier dernier \u00e0 Schaerbeek, Evere&hellip; Lire la suite","og_url":"https:\/\/telepolice.be\/index.php\/2019\/04\/01\/braquages-la-nouvelle-arme-de-la-police\/","og_site_name":"TELEPOLICE","article_published_time":"2019-04-01T11:19:40+00:00","article_modified_time":"2019-04-18T15:21:30+00:00","og_image":[{"url":"https:\/\/telepolice.be\/wp-content\/uploads\/2019\/04\/telepolice-vision.jpg","type":"","width":"","height":""}],"author":"admin","twitter_card":"summary_large_image","twitter_misc":{"\u00c9crit par":"admin","Dur\u00e9e de lecture estim\u00e9e":"3 minutes"},"schema":{"@context":"https:\/\/schema.org","@graph":[{"@type":"Article","@id":"https:\/\/telepolice.be\/index.php\/2019\/04\/01\/braquages-la-nouvelle-arme-de-la-police\/#article","isPartOf":{"@id":"https:\/\/telepolice.be\/index.php\/2019\/04\/01\/braquages-la-nouvelle-arme-de-la-police\/"},"author":{"name":"admin","@id":"https:\/\/telepolice.be\/#\/schema\/person\/ca479b77454640f8f918dd017bd028bf"},"headline":"Braquages : la nouvelle arme de la police","datePublished":"2019-04-01T11:19:40+00:00","dateModified":"2019-04-18T15:21:30+00:00","mainEntityOfPage":{"@id":"https:\/\/telepolice.be\/index.php\/2019\/04\/01\/braquages-la-nouvelle-arme-de-la-police\/"},"wordCount":582,"commentCount":0,"publisher":{"@id":"https:\/\/telepolice.be\/#organization"},"image":{"@id":"https:\/\/telepolice.be\/index.php\/2019\/04\/01\/braquages-la-nouvelle-arme-de-la-police\/#primaryimage"},"thumbnailUrl":"https:\/\/telepolice.be\/wp-content\/uploads\/2019\/04\/telepolice-vision.jpg","articleSection":["Revue De Presse"],"inLanguage":"fr-FR","potentialAction":[{"@type":"CommentAction","name":"Comment","target":["https:\/\/telepolice.be\/index.php\/2019\/04\/01\/braquages-la-nouvelle-arme-de-la-police\/#respond"]}]},{"@type":"WebPage","@id":"https:\/\/telepolice.be\/index.php\/2019\/04\/01\/braquages-la-nouvelle-arme-de-la-police\/","url":"https:\/\/telepolice.be\/index.php\/2019\/04\/01\/braquages-la-nouvelle-arme-de-la-police\/","name":"Braquages : la nouvelle arme de la police - TELEPOLICE","isPartOf":{"@id":"https:\/\/telepolice.be\/#website"},"primaryImageOfPage":{"@id":"https:\/\/telepolice.be\/index.php\/2019\/04\/01\/braquages-la-nouvelle-arme-de-la-police\/#primaryimage"},"image":{"@id":"https:\/\/telepolice.be\/index.php\/2019\/04\/01\/braquages-la-nouvelle-arme-de-la-police\/#primaryimage"},"thumbnailUrl":"https:\/\/telepolice.be\/wp-content\/uploads\/2019\/04\/telepolice-vision.jpg","datePublished":"2019-04-01T11:19:40+00:00","dateModified":"2019-04-18T15:21:30+00:00","breadcrumb":{"@id":"https:\/\/telepolice.be\/index.php\/2019\/04\/01\/braquages-la-nouvelle-arme-de-la-police\/#breadcrumb"},"inLanguage":"fr-FR","potentialAction":[{"@type":"ReadAction","target":["https:\/\/telepolice.be\/index.php\/2019\/04\/01\/braquages-la-nouvelle-arme-de-la-police\/"]}]},{"@type":"ImageObject","inLanguage":"fr-FR","@id":"https:\/\/telepolice.be\/index.php\/2019\/04\/01\/braquages-la-nouvelle-arme-de-la-police\/#primaryimage","url":"https:\/\/telepolice.be\/wp-content\/uploads\/2019\/04\/telepolice-vision.jpg","contentUrl":"https:\/\/telepolice.be\/wp-content\/uploads\/2019\/04\/telepolice-vision.jpg","width":280,"height":220},{"@type":"BreadcrumbList","@id":"https:\/\/telepolice.be\/index.php\/2019\/04\/01\/braquages-la-nouvelle-arme-de-la-police\/#breadcrumb","itemListElement":[{"@type":"ListItem","position":1,"name":"Accueil","item":"https:\/\/telepolice.be\/"},{"@type":"ListItem","position":2,"name":"Braquages : la nouvelle arme de la police"}]},{"@type":"WebSite","@id":"https:\/\/telepolice.be\/#website","url":"https:\/\/telepolice.be\/","name":"TELEPOLICE","description":"Prot\u00e9gez votre entreprise","publisher":{"@id":"https:\/\/telepolice.be\/#organization"},"potentialAction":[{"@type":"SearchAction","target":{"@type":"EntryPoint","urlTemplate":"https:\/\/telepolice.be\/?s={search_term_string}"},"query-input":{"@type":"PropertyValueSpecification","valueRequired":true,"valueName":"search_term_string"}}],"inLanguage":"fr-FR"},{"@type":"Organization","@id":"https:\/\/telepolice.be\/#organization","name":"TELE POLICE","url":"https:\/\/telepolice.be\/","logo":{"@type":"ImageObject","inLanguage":"fr-FR","@id":"https:\/\/telepolice.be\/#\/schema\/logo\/image\/","url":"https:\/\/telepolice.be\/wp-content\/uploads\/2019\/04\/cropped-logotelepolice-3.png","contentUrl":"https:\/\/telepolice.be\/wp-content\/uploads\/2019\/04\/cropped-logotelepolice-3.png","width":408,"height":65,"caption":"TELE POLICE"},"image":{"@id":"https:\/\/telepolice.be\/#\/schema\/logo\/image\/"}},{"@type":"Person","@id":"https:\/\/telepolice.be\/#\/schema\/person\/ca479b77454640f8f918dd017bd028bf","name":"admin","image":{"@type":"ImageObject","inLanguage":"fr-FR","@id":"https:\/\/secure.gravatar.com\/avatar\/dd9167fd60efcd6c24559ffa4f391e918347b9cf398a5593e29d658b4ae5d443?s=96&d=mm&r=g","url":"https:\/\/secure.gravatar.com\/avatar\/dd9167fd60efcd6c24559ffa4f391e918347b9cf398a5593e29d658b4ae5d443?s=96&d=mm&r=g","contentUrl":"https:\/\/secure.gravatar.com\/avatar\/dd9167fd60efcd6c24559ffa4f391e918347b9cf398a5593e29d658b4ae5d443?s=96&d=mm&r=g","caption":"admin"},"url":"https:\/\/telepolice.be\/index.php\/author\/web_telepolice\/"}]}},"_links":{"self":[{"href":"https:\/\/telepolice.be\/index.php\/wp-json\/wp\/v2\/posts\/782","targetHints":{"allow":["GET"]}}],"collection":[{"href":"https:\/\/telepolice.be\/index.php\/wp-json\/wp\/v2\/posts"}],"about":[{"href":"https:\/\/telepolice.be\/index.php\/wp-json\/wp\/v2\/types\/post"}],"author":[{"embeddable":true,"href":"https:\/\/telepolice.be\/index.php\/wp-json\/wp\/v2\/users\/1"}],"replies":[{"embeddable":true,"href":"https:\/\/telepolice.be\/index.php\/wp-json\/wp\/v2\/comments?post=782"}],"version-history":[{"count":5,"href":"https:\/\/telepolice.be\/index.php\/wp-json\/wp\/v2\/posts\/782\/revisions"}],"predecessor-version":[{"id":2205,"href":"https:\/\/telepolice.be\/index.php\/wp-json\/wp\/v2\/posts\/782\/revisions\/2205"}],"wp:attachment":[{"href":"https:\/\/telepolice.be\/index.php\/wp-json\/wp\/v2\/media?parent=782"}],"wp:term":[{"taxonomy":"category","embeddable":true,"href":"https:\/\/telepolice.be\/index.php\/wp-json\/wp\/v2\/categories?post=782"},{"taxonomy":"post_tag","embeddable":true,"href":"https:\/\/telepolice.be\/index.php\/wp-json\/wp\/v2\/tags?post=782"}],"curies":[{"name":"wp","href":"https:\/\/api.w.org\/{rel}","templated":true}]}}