{"id":777,"date":"2019-04-01T11:19:37","date_gmt":"2019-04-01T11:19:37","guid":{"rendered":"https:\/\/telepolice.be\/index.php\/2019\/04\/01\/telepolice-vision-peut-aussi-etre-installe-dans-les-hotels-les-stations-service-les-creches-les-bureaux-de-police\/"},"modified":"2019-05-15T12:08:33","modified_gmt":"2019-05-15T10:08:33","slug":"telepolice-vision-peut-aussi-etre-installe-dans-les-hotels-les-stations-service-les-creches-les-bureaux-de-police","status":"publish","type":"post","link":"https:\/\/telepolice.be\/index.php\/2019\/04\/01\/telepolice-vision-peut-aussi-etre-installe-dans-les-hotels-les-stations-service-les-creches-les-bureaux-de-police\/","title":{"rendered":"T\u00e9l\u00e9police Vision peut aussi \u00eatre install\u00e9 dans les h\u00f4tels, les stations- service, les cr\u00e8ches, les bureaux de police,\u2026"},"content":{"rendered":"<h4 class=\"article_title\"><strong><img loading=\"lazy\" decoding=\"async\" class=\"alignleft size-full wp-image-1884\" src=\"https:\/\/telepolice.be\/wp-content\/uploads\/2019\/04\/art_101160.jpg\" alt=\"\" width=\"220\" height=\"200\" \/>31 commer\u00e7ants d\u00e9j\u00e0 abonn\u00e9s<\/strong><\/h4>\n<p><b>BRUXELLES<\/b><\/p>\n<p>\u00c0 la zone Nord (Evere, Schaerbeek, Saint-Josse), c\u2019est l\u2019agent Jean-Pierre Duwijn qui est charg\u00e9 par le commissaire Dauchy de mettre en place une collaboration avec les commer\u00e7ants. Et jusqu\u2019ici, 31 commerces de la zone sont d\u00e9j\u00e0 abonn\u00e9s au syst\u00e8me, d\u00e9ductible fiscalement certes, mais qui a n\u00e9anmoins un prix, que le commer\u00e7ant doit enti\u00e8rement prendre en charge. \u201cIl faut compter entre 120 et 150\u00a0euros pour l\u2019installation d\u2019une cam\u00e9ra et l\u2019obtention d\u2019une t\u00e9l\u00e9commande. Ensuite, le syst\u00e8me revient \u00e0 54\u00a0euros hors TVA, par mois\u201d, pr\u00e9cise le commissaire Dauchy. Pour l\u2019instant, seules des librairies et des pharmacies de la zone en sont \u00e9quip\u00e9es mais la police s\u2019attend \u00e0 des demandes \u00e9manant des cr\u00e8ches, des h\u00f4tels,\u2026 \u201cOn songe \u00e9galement \u00e0 \u00e9quiper certains de nos bureaux de police, comme celui de l\u2019aide aux victimes, par exemple\u201d, poursuit le commissaire.<\/p>\n<p>Parmi les commer\u00e7ants \u00e9quip\u00e9s, on retrouve la pharmacie Ketels situ\u00e9e chauss\u00e9e de Helmet\u00a0: \u201cNous appartenons au groupe Multipharma qui a accept\u00e9 de nous \u00e9quiper\u201d, sourit Anna, rassur\u00e9e par ce syst\u00e8me. \u201cNous avons la chance d\u2019\u00eatre parmi ceux qui n\u2019ont pas encore \u00e9t\u00e9 attaqu\u00e9s dans le quartier mais nous pr\u00e9f\u00e9rons nous prot\u00e9ger, on ne sait jamais\u201d, ajoute-t-elle.<\/p>\n<p><a href=\"https:\/\/www.dhnet.be\/archive\/31-commercants-deja-abonnes-51b7e777e4b0de6db996f4b6\"><b>N.\u00a0Ben.<\/b><\/a><\/p>\n<p>La pharmacie Ketels situ\u00e9e chauss\u00e9e de Helmet fait partie des commerces \u00e9quip\u00e9s par le nouveau syst\u00e8me de protection.<\/p>\n","protected":false},"excerpt":{"rendered":"<p>31 commer\u00e7ants d\u00e9j\u00e0 abonn\u00e9s BRUXELLES \u00c0 la zone Nord (Evere, Schaerbeek, Saint-Josse), c\u2019est l\u2019agent Jean-Pierre Duwijn qui est charg\u00e9 par le commissaire Dauchy de mettre en place une collaboration avec les commer\u00e7ants. Et jusqu\u2019ici, 31 commerces de la zone sont d\u00e9j\u00e0 abonn\u00e9s au syst\u00e8me, d\u00e9ductible fiscalement certes, mais qui a n\u00e9anmoins un prix, que le&hellip; <br \/> <a class=\"read-more\" href=\"https:\/\/telepolice.be\/index.php\/2019\/04\/01\/telepolice-vision-peut-aussi-etre-installe-dans-les-hotels-les-stations-service-les-creches-les-bureaux-de-police\/\">Lire la suite<\/a><\/p>\n","protected":false},"author":1,"featured_media":1879,"comment_status":"open","ping_status":"closed","sticky":false,"template":"","format":"standard","meta":{"footnotes":""},"categories":[6],"tags":[],"class_list":["post-777","post","type-post","status-publish","format-standard","has-post-thumbnail","hentry","category-revue-de-presse"],"yoast_head":"<!-- This site is optimized with the Yoast SEO plugin v27.5 - https:\/\/yoast.com\/product\/yoast-seo-wordpress\/ -->\n<title>T\u00e9l\u00e9police Vision peut aussi \u00eatre install\u00e9 dans les h\u00f4tels, les stations- service, les cr\u00e8ches, les bureaux de police,\u2026 - TELEPOLICE<\/title>\n<meta name=\"robots\" content=\"index, follow, max-snippet:-1, max-image-preview:large, max-video-preview:-1\" \/>\n<link rel=\"canonical\" href=\"https:\/\/telepolice.be\/index.php\/2019\/04\/01\/telepolice-vision-peut-aussi-etre-installe-dans-les-hotels-les-stations-service-les-creches-les-bureaux-de-police\/\" \/>\n<meta property=\"og:locale\" content=\"fr_FR\" \/>\n<meta property=\"og:type\" content=\"article\" \/>\n<meta property=\"og:title\" content=\"T\u00e9l\u00e9police Vision peut aussi \u00eatre install\u00e9 dans les h\u00f4tels, les stations- service, les cr\u00e8ches, les bureaux de police,\u2026 - TELEPOLICE\" \/>\n<meta property=\"og:description\" content=\"31 commer\u00e7ants d\u00e9j\u00e0 abonn\u00e9s BRUXELLES \u00c0 la zone Nord (Evere, Schaerbeek, Saint-Josse), c\u2019est l\u2019agent Jean-Pierre Duwijn qui est charg\u00e9 par le commissaire Dauchy de mettre en place une collaboration avec les commer\u00e7ants. Et jusqu\u2019ici, 31 commerces de la zone sont d\u00e9j\u00e0 abonn\u00e9s au syst\u00e8me, d\u00e9ductible fiscalement certes, mais qui a n\u00e9anmoins un prix, que le&hellip; Lire la suite\" \/>\n<meta property=\"og:url\" content=\"https:\/\/telepolice.be\/index.php\/2019\/04\/01\/telepolice-vision-peut-aussi-etre-installe-dans-les-hotels-les-stations-service-les-creches-les-bureaux-de-police\/\" \/>\n<meta property=\"og:site_name\" content=\"TELEPOLICE\" \/>\n<meta property=\"article:published_time\" content=\"2019-04-01T11:19:37+00:00\" \/>\n<meta property=\"article:modified_time\" content=\"2019-05-15T10:08:33+00:00\" \/>\n<meta property=\"og:image\" content=\"https:\/\/telepolice.be\/wp-content\/uploads\/2019\/04\/art_101159.jpg\" \/>\n\t<meta property=\"og:image:width\" content=\"220\" \/>\n\t<meta property=\"og:image:height\" content=\"200\" \/>\n\t<meta property=\"og:image:type\" content=\"image\/jpeg\" \/>\n<meta name=\"author\" content=\"admin\" \/>\n<meta name=\"twitter:card\" content=\"summary_large_image\" \/>\n<meta name=\"twitter:label1\" content=\"\u00c9crit par\" \/>\n\t<meta name=\"twitter:data1\" content=\"admin\" \/>\n\t<meta name=\"twitter:label2\" content=\"Dur\u00e9e de lecture estim\u00e9e\" \/>\n\t<meta name=\"twitter:data2\" content=\"1 minute\" \/>\n<script type=\"application\/ld+json\" class=\"yoast-schema-graph\">{\"@context\":\"https:\\\/\\\/schema.org\",\"@graph\":[{\"@type\":\"Article\",\"@id\":\"https:\\\/\\\/telepolice.be\\\/index.php\\\/2019\\\/04\\\/01\\\/telepolice-vision-peut-aussi-etre-installe-dans-les-hotels-les-stations-service-les-creches-les-bureaux-de-police\\\/#article\",\"isPartOf\":{\"@id\":\"https:\\\/\\\/telepolice.be\\\/index.php\\\/2019\\\/04\\\/01\\\/telepolice-vision-peut-aussi-etre-installe-dans-les-hotels-les-stations-service-les-creches-les-bureaux-de-police\\\/\"},\"author\":{\"name\":\"admin\",\"@id\":\"https:\\\/\\\/telepolice.be\\\/#\\\/schema\\\/person\\\/ca479b77454640f8f918dd017bd028bf\"},\"headline\":\"T\u00e9l\u00e9police Vision peut aussi \u00eatre install\u00e9 dans les h\u00f4tels, les stations- service, les cr\u00e8ches, les bureaux de police,\u2026\",\"datePublished\":\"2019-04-01T11:19:37+00:00\",\"dateModified\":\"2019-05-15T10:08:33+00:00\",\"mainEntityOfPage\":{\"@id\":\"https:\\\/\\\/telepolice.be\\\/index.php\\\/2019\\\/04\\\/01\\\/telepolice-vision-peut-aussi-etre-installe-dans-les-hotels-les-stations-service-les-creches-les-bureaux-de-police\\\/\"},\"wordCount\":274,\"commentCount\":0,\"publisher\":{\"@id\":\"https:\\\/\\\/telepolice.be\\\/#organization\"},\"image\":{\"@id\":\"https:\\\/\\\/telepolice.be\\\/index.php\\\/2019\\\/04\\\/01\\\/telepolice-vision-peut-aussi-etre-installe-dans-les-hotels-les-stations-service-les-creches-les-bureaux-de-police\\\/#primaryimage\"},\"thumbnailUrl\":\"https:\\\/\\\/telepolice.be\\\/wp-content\\\/uploads\\\/2019\\\/04\\\/art_101159.jpg\",\"articleSection\":[\"Revue De Presse\"],\"inLanguage\":\"fr-FR\",\"potentialAction\":[{\"@type\":\"CommentAction\",\"name\":\"Comment\",\"target\":[\"https:\\\/\\\/telepolice.be\\\/index.php\\\/2019\\\/04\\\/01\\\/telepolice-vision-peut-aussi-etre-installe-dans-les-hotels-les-stations-service-les-creches-les-bureaux-de-police\\\/#respond\"]}]},{\"@type\":\"WebPage\",\"@id\":\"https:\\\/\\\/telepolice.be\\\/index.php\\\/2019\\\/04\\\/01\\\/telepolice-vision-peut-aussi-etre-installe-dans-les-hotels-les-stations-service-les-creches-les-bureaux-de-police\\\/\",\"url\":\"https:\\\/\\\/telepolice.be\\\/index.php\\\/2019\\\/04\\\/01\\\/telepolice-vision-peut-aussi-etre-installe-dans-les-hotels-les-stations-service-les-creches-les-bureaux-de-police\\\/\",\"name\":\"T\u00e9l\u00e9police Vision peut aussi \u00eatre install\u00e9 dans les h\u00f4tels, les stations- service, les cr\u00e8ches, les bureaux de police,\u2026 - TELEPOLICE\",\"isPartOf\":{\"@id\":\"https:\\\/\\\/telepolice.be\\\/#website\"},\"primaryImageOfPage\":{\"@id\":\"https:\\\/\\\/telepolice.be\\\/index.php\\\/2019\\\/04\\\/01\\\/telepolice-vision-peut-aussi-etre-installe-dans-les-hotels-les-stations-service-les-creches-les-bureaux-de-police\\\/#primaryimage\"},\"image\":{\"@id\":\"https:\\\/\\\/telepolice.be\\\/index.php\\\/2019\\\/04\\\/01\\\/telepolice-vision-peut-aussi-etre-installe-dans-les-hotels-les-stations-service-les-creches-les-bureaux-de-police\\\/#primaryimage\"},\"thumbnailUrl\":\"https:\\\/\\\/telepolice.be\\\/wp-content\\\/uploads\\\/2019\\\/04\\\/art_101159.jpg\",\"datePublished\":\"2019-04-01T11:19:37+00:00\",\"dateModified\":\"2019-05-15T10:08:33+00:00\",\"breadcrumb\":{\"@id\":\"https:\\\/\\\/telepolice.be\\\/index.php\\\/2019\\\/04\\\/01\\\/telepolice-vision-peut-aussi-etre-installe-dans-les-hotels-les-stations-service-les-creches-les-bureaux-de-police\\\/#breadcrumb\"},\"inLanguage\":\"fr-FR\",\"potentialAction\":[{\"@type\":\"ReadAction\",\"target\":[\"https:\\\/\\\/telepolice.be\\\/index.php\\\/2019\\\/04\\\/01\\\/telepolice-vision-peut-aussi-etre-installe-dans-les-hotels-les-stations-service-les-creches-les-bureaux-de-police\\\/\"]}]},{\"@type\":\"ImageObject\",\"inLanguage\":\"fr-FR\",\"@id\":\"https:\\\/\\\/telepolice.be\\\/index.php\\\/2019\\\/04\\\/01\\\/telepolice-vision-peut-aussi-etre-installe-dans-les-hotels-les-stations-service-les-creches-les-bureaux-de-police\\\/#primaryimage\",\"url\":\"https:\\\/\\\/telepolice.be\\\/wp-content\\\/uploads\\\/2019\\\/04\\\/art_101159.jpg\",\"contentUrl\":\"https:\\\/\\\/telepolice.be\\\/wp-content\\\/uploads\\\/2019\\\/04\\\/art_101159.jpg\",\"width\":220,\"height\":200},{\"@type\":\"BreadcrumbList\",\"@id\":\"https:\\\/\\\/telepolice.be\\\/index.php\\\/2019\\\/04\\\/01\\\/telepolice-vision-peut-aussi-etre-installe-dans-les-hotels-les-stations-service-les-creches-les-bureaux-de-police\\\/#breadcrumb\",\"itemListElement\":[{\"@type\":\"ListItem\",\"position\":1,\"name\":\"Accueil\",\"item\":\"https:\\\/\\\/telepolice.be\\\/\"},{\"@type\":\"ListItem\",\"position\":2,\"name\":\"T\u00e9l\u00e9police Vision peut aussi \u00eatre install\u00e9 dans les h\u00f4tels, les stations- service, les cr\u00e8ches, les bureaux de police,\u2026\"}]},{\"@type\":\"WebSite\",\"@id\":\"https:\\\/\\\/telepolice.be\\\/#website\",\"url\":\"https:\\\/\\\/telepolice.be\\\/\",\"name\":\"TELEPOLICE\",\"description\":\"Prot\u00e9gez votre entreprise\",\"publisher\":{\"@id\":\"https:\\\/\\\/telepolice.be\\\/#organization\"},\"potentialAction\":[{\"@type\":\"SearchAction\",\"target\":{\"@type\":\"EntryPoint\",\"urlTemplate\":\"https:\\\/\\\/telepolice.be\\\/?s={search_term_string}\"},\"query-input\":{\"@type\":\"PropertyValueSpecification\",\"valueRequired\":true,\"valueName\":\"search_term_string\"}}],\"inLanguage\":\"fr-FR\"},{\"@type\":\"Organization\",\"@id\":\"https:\\\/\\\/telepolice.be\\\/#organization\",\"name\":\"TELE POLICE\",\"url\":\"https:\\\/\\\/telepolice.be\\\/\",\"logo\":{\"@type\":\"ImageObject\",\"inLanguage\":\"fr-FR\",\"@id\":\"https:\\\/\\\/telepolice.be\\\/#\\\/schema\\\/logo\\\/image\\\/\",\"url\":\"https:\\\/\\\/telepolice.be\\\/wp-content\\\/uploads\\\/2019\\\/04\\\/cropped-logotelepolice-3.png\",\"contentUrl\":\"https:\\\/\\\/telepolice.be\\\/wp-content\\\/uploads\\\/2019\\\/04\\\/cropped-logotelepolice-3.png\",\"width\":408,\"height\":65,\"caption\":\"TELE POLICE\"},\"image\":{\"@id\":\"https:\\\/\\\/telepolice.be\\\/#\\\/schema\\\/logo\\\/image\\\/\"}},{\"@type\":\"Person\",\"@id\":\"https:\\\/\\\/telepolice.be\\\/#\\\/schema\\\/person\\\/ca479b77454640f8f918dd017bd028bf\",\"name\":\"admin\",\"image\":{\"@type\":\"ImageObject\",\"inLanguage\":\"fr-FR\",\"@id\":\"https:\\\/\\\/secure.gravatar.com\\\/avatar\\\/dd9167fd60efcd6c24559ffa4f391e918347b9cf398a5593e29d658b4ae5d443?s=96&d=mm&r=g\",\"url\":\"https:\\\/\\\/secure.gravatar.com\\\/avatar\\\/dd9167fd60efcd6c24559ffa4f391e918347b9cf398a5593e29d658b4ae5d443?s=96&d=mm&r=g\",\"contentUrl\":\"https:\\\/\\\/secure.gravatar.com\\\/avatar\\\/dd9167fd60efcd6c24559ffa4f391e918347b9cf398a5593e29d658b4ae5d443?s=96&d=mm&r=g\",\"caption\":\"admin\"},\"url\":\"https:\\\/\\\/telepolice.be\\\/index.php\\\/author\\\/web_telepolice\\\/\"}]}<\/script>\n<!-- \/ Yoast SEO plugin. -->","yoast_head_json":{"title":"T\u00e9l\u00e9police Vision peut aussi \u00eatre install\u00e9 dans les h\u00f4tels, les stations- service, les cr\u00e8ches, les bureaux de police,\u2026 - TELEPOLICE","robots":{"index":"index","follow":"follow","max-snippet":"max-snippet:-1","max-image-preview":"max-image-preview:large","max-video-preview":"max-video-preview:-1"},"canonical":"https:\/\/telepolice.be\/index.php\/2019\/04\/01\/telepolice-vision-peut-aussi-etre-installe-dans-les-hotels-les-stations-service-les-creches-les-bureaux-de-police\/","og_locale":"fr_FR","og_type":"article","og_title":"T\u00e9l\u00e9police Vision peut aussi \u00eatre install\u00e9 dans les h\u00f4tels, les stations- service, les cr\u00e8ches, les bureaux de police,\u2026 - TELEPOLICE","og_description":"31 commer\u00e7ants d\u00e9j\u00e0 abonn\u00e9s BRUXELLES \u00c0 la zone Nord (Evere, Schaerbeek, Saint-Josse), c\u2019est l\u2019agent Jean-Pierre Duwijn qui est charg\u00e9 par le commissaire Dauchy de mettre en place une collaboration avec les commer\u00e7ants. Et jusqu\u2019ici, 31 commerces de la zone sont d\u00e9j\u00e0 abonn\u00e9s au syst\u00e8me, d\u00e9ductible fiscalement certes, mais qui a n\u00e9anmoins un prix, que le&hellip; Lire la suite","og_url":"https:\/\/telepolice.be\/index.php\/2019\/04\/01\/telepolice-vision-peut-aussi-etre-installe-dans-les-hotels-les-stations-service-les-creches-les-bureaux-de-police\/","og_site_name":"TELEPOLICE","article_published_time":"2019-04-01T11:19:37+00:00","article_modified_time":"2019-05-15T10:08:33+00:00","og_image":[{"width":220,"height":200,"url":"https:\/\/telepolice.be\/wp-content\/uploads\/2019\/04\/art_101159.jpg","type":"image\/jpeg"}],"author":"admin","twitter_card":"summary_large_image","twitter_misc":{"\u00c9crit par":"admin","Dur\u00e9e de lecture estim\u00e9e":"1 minute"},"schema":{"@context":"https:\/\/schema.org","@graph":[{"@type":"Article","@id":"https:\/\/telepolice.be\/index.php\/2019\/04\/01\/telepolice-vision-peut-aussi-etre-installe-dans-les-hotels-les-stations-service-les-creches-les-bureaux-de-police\/#article","isPartOf":{"@id":"https:\/\/telepolice.be\/index.php\/2019\/04\/01\/telepolice-vision-peut-aussi-etre-installe-dans-les-hotels-les-stations-service-les-creches-les-bureaux-de-police\/"},"author":{"name":"admin","@id":"https:\/\/telepolice.be\/#\/schema\/person\/ca479b77454640f8f918dd017bd028bf"},"headline":"T\u00e9l\u00e9police Vision peut aussi \u00eatre install\u00e9 dans les h\u00f4tels, les stations- service, les cr\u00e8ches, les bureaux de police,\u2026","datePublished":"2019-04-01T11:19:37+00:00","dateModified":"2019-05-15T10:08:33+00:00","mainEntityOfPage":{"@id":"https:\/\/telepolice.be\/index.php\/2019\/04\/01\/telepolice-vision-peut-aussi-etre-installe-dans-les-hotels-les-stations-service-les-creches-les-bureaux-de-police\/"},"wordCount":274,"commentCount":0,"publisher":{"@id":"https:\/\/telepolice.be\/#organization"},"image":{"@id":"https:\/\/telepolice.be\/index.php\/2019\/04\/01\/telepolice-vision-peut-aussi-etre-installe-dans-les-hotels-les-stations-service-les-creches-les-bureaux-de-police\/#primaryimage"},"thumbnailUrl":"https:\/\/telepolice.be\/wp-content\/uploads\/2019\/04\/art_101159.jpg","articleSection":["Revue De Presse"],"inLanguage":"fr-FR","potentialAction":[{"@type":"CommentAction","name":"Comment","target":["https:\/\/telepolice.be\/index.php\/2019\/04\/01\/telepolice-vision-peut-aussi-etre-installe-dans-les-hotels-les-stations-service-les-creches-les-bureaux-de-police\/#respond"]}]},{"@type":"WebPage","@id":"https:\/\/telepolice.be\/index.php\/2019\/04\/01\/telepolice-vision-peut-aussi-etre-installe-dans-les-hotels-les-stations-service-les-creches-les-bureaux-de-police\/","url":"https:\/\/telepolice.be\/index.php\/2019\/04\/01\/telepolice-vision-peut-aussi-etre-installe-dans-les-hotels-les-stations-service-les-creches-les-bureaux-de-police\/","name":"T\u00e9l\u00e9police Vision peut aussi \u00eatre install\u00e9 dans les h\u00f4tels, les stations- service, les cr\u00e8ches, les bureaux de police,\u2026 - TELEPOLICE","isPartOf":{"@id":"https:\/\/telepolice.be\/#website"},"primaryImageOfPage":{"@id":"https:\/\/telepolice.be\/index.php\/2019\/04\/01\/telepolice-vision-peut-aussi-etre-installe-dans-les-hotels-les-stations-service-les-creches-les-bureaux-de-police\/#primaryimage"},"image":{"@id":"https:\/\/telepolice.be\/index.php\/2019\/04\/01\/telepolice-vision-peut-aussi-etre-installe-dans-les-hotels-les-stations-service-les-creches-les-bureaux-de-police\/#primaryimage"},"thumbnailUrl":"https:\/\/telepolice.be\/wp-content\/uploads\/2019\/04\/art_101159.jpg","datePublished":"2019-04-01T11:19:37+00:00","dateModified":"2019-05-15T10:08:33+00:00","breadcrumb":{"@id":"https:\/\/telepolice.be\/index.php\/2019\/04\/01\/telepolice-vision-peut-aussi-etre-installe-dans-les-hotels-les-stations-service-les-creches-les-bureaux-de-police\/#breadcrumb"},"inLanguage":"fr-FR","potentialAction":[{"@type":"ReadAction","target":["https:\/\/telepolice.be\/index.php\/2019\/04\/01\/telepolice-vision-peut-aussi-etre-installe-dans-les-hotels-les-stations-service-les-creches-les-bureaux-de-police\/"]}]},{"@type":"ImageObject","inLanguage":"fr-FR","@id":"https:\/\/telepolice.be\/index.php\/2019\/04\/01\/telepolice-vision-peut-aussi-etre-installe-dans-les-hotels-les-stations-service-les-creches-les-bureaux-de-police\/#primaryimage","url":"https:\/\/telepolice.be\/wp-content\/uploads\/2019\/04\/art_101159.jpg","contentUrl":"https:\/\/telepolice.be\/wp-content\/uploads\/2019\/04\/art_101159.jpg","width":220,"height":200},{"@type":"BreadcrumbList","@id":"https:\/\/telepolice.be\/index.php\/2019\/04\/01\/telepolice-vision-peut-aussi-etre-installe-dans-les-hotels-les-stations-service-les-creches-les-bureaux-de-police\/#breadcrumb","itemListElement":[{"@type":"ListItem","position":1,"name":"Accueil","item":"https:\/\/telepolice.be\/"},{"@type":"ListItem","position":2,"name":"T\u00e9l\u00e9police Vision peut aussi \u00eatre install\u00e9 dans les h\u00f4tels, les stations- service, les cr\u00e8ches, les bureaux de police,\u2026"}]},{"@type":"WebSite","@id":"https:\/\/telepolice.be\/#website","url":"https:\/\/telepolice.be\/","name":"TELEPOLICE","description":"Prot\u00e9gez votre entreprise","publisher":{"@id":"https:\/\/telepolice.be\/#organization"},"potentialAction":[{"@type":"SearchAction","target":{"@type":"EntryPoint","urlTemplate":"https:\/\/telepolice.be\/?s={search_term_string}"},"query-input":{"@type":"PropertyValueSpecification","valueRequired":true,"valueName":"search_term_string"}}],"inLanguage":"fr-FR"},{"@type":"Organization","@id":"https:\/\/telepolice.be\/#organization","name":"TELE POLICE","url":"https:\/\/telepolice.be\/","logo":{"@type":"ImageObject","inLanguage":"fr-FR","@id":"https:\/\/telepolice.be\/#\/schema\/logo\/image\/","url":"https:\/\/telepolice.be\/wp-content\/uploads\/2019\/04\/cropped-logotelepolice-3.png","contentUrl":"https:\/\/telepolice.be\/wp-content\/uploads\/2019\/04\/cropped-logotelepolice-3.png","width":408,"height":65,"caption":"TELE POLICE"},"image":{"@id":"https:\/\/telepolice.be\/#\/schema\/logo\/image\/"}},{"@type":"Person","@id":"https:\/\/telepolice.be\/#\/schema\/person\/ca479b77454640f8f918dd017bd028bf","name":"admin","image":{"@type":"ImageObject","inLanguage":"fr-FR","@id":"https:\/\/secure.gravatar.com\/avatar\/dd9167fd60efcd6c24559ffa4f391e918347b9cf398a5593e29d658b4ae5d443?s=96&d=mm&r=g","url":"https:\/\/secure.gravatar.com\/avatar\/dd9167fd60efcd6c24559ffa4f391e918347b9cf398a5593e29d658b4ae5d443?s=96&d=mm&r=g","contentUrl":"https:\/\/secure.gravatar.com\/avatar\/dd9167fd60efcd6c24559ffa4f391e918347b9cf398a5593e29d658b4ae5d443?s=96&d=mm&r=g","caption":"admin"},"url":"https:\/\/telepolice.be\/index.php\/author\/web_telepolice\/"}]}},"_links":{"self":[{"href":"https:\/\/telepolice.be\/index.php\/wp-json\/wp\/v2\/posts\/777","targetHints":{"allow":["GET"]}}],"collection":[{"href":"https:\/\/telepolice.be\/index.php\/wp-json\/wp\/v2\/posts"}],"about":[{"href":"https:\/\/telepolice.be\/index.php\/wp-json\/wp\/v2\/types\/post"}],"author":[{"embeddable":true,"href":"https:\/\/telepolice.be\/index.php\/wp-json\/wp\/v2\/users\/1"}],"replies":[{"embeddable":true,"href":"https:\/\/telepolice.be\/index.php\/wp-json\/wp\/v2\/comments?post=777"}],"version-history":[{"count":6,"href":"https:\/\/telepolice.be\/index.php\/wp-json\/wp\/v2\/posts\/777\/revisions"}],"predecessor-version":[{"id":1881,"href":"https:\/\/telepolice.be\/index.php\/wp-json\/wp\/v2\/posts\/777\/revisions\/1881"}],"wp:featuredmedia":[{"embeddable":true,"href":"https:\/\/telepolice.be\/index.php\/wp-json\/wp\/v2\/media\/1879"}],"wp:attachment":[{"href":"https:\/\/telepolice.be\/index.php\/wp-json\/wp\/v2\/media?parent=777"}],"wp:term":[{"taxonomy":"category","embeddable":true,"href":"https:\/\/telepolice.be\/index.php\/wp-json\/wp\/v2\/categories?post=777"},{"taxonomy":"post_tag","embeddable":true,"href":"https:\/\/telepolice.be\/index.php\/wp-json\/wp\/v2\/tags?post=777"}],"curies":[{"name":"wp","href":"https:\/\/api.w.org\/{rel}","templated":true}]}}