{"id":756,"date":"2013-04-01T11:19:23","date_gmt":"2013-04-01T11:19:23","guid":{"rendered":"https:\/\/telepolice.be\/index.php\/2019\/04\/01\/le-telepolice-seduit-en-region-bruxelloise-huit-jours-apres-le-drame-de-tubize\/"},"modified":"2019-05-09T16:27:40","modified_gmt":"2019-05-09T14:27:40","slug":"le-telepolice-seduit-en-region-bruxelloise-huit-jours-apres-le-drame-de-tubize","status":"publish","type":"post","link":"https:\/\/telepolice.be\/index.php\/2013\/04\/01\/le-telepolice-seduit-en-region-bruxelloise-huit-jours-apres-le-drame-de-tubize\/","title":{"rendered":"T\u00e9l\u00e9Police Vision \u00e0 la zone Midi"},"content":{"rendered":"<p><b>S\u00c9CURIT\u00c9<\/b><\/p>\n<h4>Le t\u00e9l\u00e9police s\u00e9duit en R\u00e9gion bruxelloise huit jours apr\u00e8s le drame de Tubize<\/h4>\n<p><b>BRUXELLES<\/b>\u00a0Huit jours apr\u00e8s le drame de Tubize, la zone de police Bruxelles-Midi adopte le syst\u00e8me T\u00e9l\u00e9Police Vision de t\u00e9l\u00e9surveillance pour commer\u00e7ants et cette technologie, selon la firme, sera install\u00e9e dans les tout prochains jours,<i>\u00a0\u201cpeut-\u00eatre m\u00eame d\u00e8s la semaine prochaine\u00a0\u00bb<\/i>, en pr\u00e9vision des f\u00eates de fin d\u2019ann\u00e9e, une p\u00e9riode r\u00e9put\u00e9e fertile en vols \u00e0 main arm\u00e9e.<\/p>\n<p>La d\u00e9cision d\u2019adopter le syst\u00e8me est l\u2019aboutissement, intervenu hier midi, d\u2019une proc\u00e9dure classique d\u2019appel d\u2019offres initi\u00e9e par le coll\u00e8ge de police.<\/p>\n<p>La zone de police Midi qui couvre les communes \u2013 et dont la d\u00e9cision int\u00e9ressera les commer\u00e7ants y \u00e9tablis \u2013 d\u2019Anderlecht, Forest et Saint-Gilles devient la troisi\u00e8me en R\u00e9gion bruxelloise \u00e0 opter pour ce syst\u00e8me apr\u00e8s la zone Bruxelles-Nord (Schaerbeek, Saint-Josse et Evere) et la police de la zone Marlow qui couvre Auderghem, Watermael-Boitsfort et Uccle.<\/p>\n<p>L\u2019adoption du T\u00e9l\u00e9Police Vision \u00e0 Uccle est imm\u00e9diatement post\u00e9rieure au drame d\u2019Uccle d\u00e9but mars\u00a0 2010 rue Vanderkindere. Et apr\u00e8s la bijouterie Rubin, qui fut la premi\u00e8re \u00e0 l\u2019adopter, quasi toutes les bijouteries d\u2019Uccle sont \u00e0 pr\u00e9sent reli\u00e9es.<\/p>\n<p>Le syst\u00e8me fait tache d\u2019huile aussi en Wallonie (Charleroi, Mons, Nivelles, Ciney, etc.).<\/p>\n<p>Au total, plus de mille commer\u00e7ants b\u00e9n\u00e9ficient en Belgique du T\u00e9l\u00e9Police Vision et le bilan est que, sur ce millier, la dissuasion explique qu\u2019\u00e0 peine quatre ont \u00e9t\u00e9 braqu\u00e9s. Et son efficacit\u00e9 est av\u00e9r\u00e9e puisque les auteurs ont \u00e9t\u00e9 interpell\u00e9s dans trois des quatre cas.<\/p>\n<p>Deux zones de police en R\u00e9gion bruxelloise se d\u00e9clarent non int\u00e9ress\u00e9es par le syst\u00e8me : Bruxelles-Ouest (Molenbeek, Berchem-Ste-Agathe, Ganshoren, Jette et Koekelberg) et Bruxelles-Ixelles dont le t\u00e9l\u00e9police obsol\u00e8te des ann\u00e9es 1990 est carr\u00e9ment d\u00e9branch\u00e9, comme l\u2019a r\u00e9v\u00e9l\u00e9 cet \u00e9t\u00e9 le meurtre d\u2019un bijoutier de la rue du Midi.<\/p>\n<p>Le co\u00fbt pour le commer\u00e7ant est de 54,90 \u20ac par mois (d\u00e9ductibles \u00e0 120 % au titre de charges professionnelles dans le cadre des mesures gouvernementales en mati\u00e8re de s\u00e9curit\u00e9).<\/p>\n<p>L\u2019adoption hier du T\u00e9l\u00e9Police Vision \u00e9tait attendue<i>\u00a0\u201cpar plusieurs dizaines de commer\u00e7ants\u201d<\/i>\u00a0\u00e0 Anderlecht, Forest et Saint-Gilles.<\/p>\n<p><b>Gilbert Dupont<\/b><\/p>\n","protected":false},"excerpt":{"rendered":"<p>S\u00c9CURIT\u00c9 Le t\u00e9l\u00e9police s\u00e9duit en R\u00e9gion bruxelloise huit jours apr\u00e8s le drame de Tubize BRUXELLES\u00a0Huit jours apr\u00e8s le drame de Tubize, la zone de police Bruxelles-Midi adopte le syst\u00e8me T\u00e9l\u00e9Police Vision de t\u00e9l\u00e9surveillance pour commer\u00e7ants et cette technologie, selon la firme, sera install\u00e9e dans les tout prochains jours,\u00a0\u201cpeut-\u00eatre m\u00eame d\u00e8s la semaine prochaine\u00a0\u00bb, en pr\u00e9vision&hellip; <br \/> <a class=\"read-more\" href=\"https:\/\/telepolice.be\/index.php\/2013\/04\/01\/le-telepolice-seduit-en-region-bruxelloise-huit-jours-apres-le-drame-de-tubize\/\">Lire la suite<\/a><\/p>\n","protected":false},"author":1,"featured_media":0,"comment_status":"open","ping_status":"closed","sticky":false,"template":"","format":"standard","meta":{"footnotes":""},"categories":[6],"tags":[],"class_list":["post-756","post","type-post","status-publish","format-standard","hentry","category-revue-de-presse"],"yoast_head":"<!-- This site is optimized with the Yoast SEO plugin v27.5 - https:\/\/yoast.com\/product\/yoast-seo-wordpress\/ -->\n<title>T\u00e9l\u00e9Police Vision \u00e0 la zone Midi - TELEPOLICE<\/title>\n<meta name=\"robots\" content=\"index, follow, max-snippet:-1, max-image-preview:large, max-video-preview:-1\" \/>\n<link rel=\"canonical\" href=\"https:\/\/telepolice.be\/index.php\/2013\/04\/01\/le-telepolice-seduit-en-region-bruxelloise-huit-jours-apres-le-drame-de-tubize\/\" \/>\n<meta property=\"og:locale\" content=\"fr_FR\" \/>\n<meta property=\"og:type\" content=\"article\" \/>\n<meta property=\"og:title\" content=\"T\u00e9l\u00e9Police Vision \u00e0 la zone Midi - TELEPOLICE\" \/>\n<meta property=\"og:description\" content=\"S\u00c9CURIT\u00c9 Le t\u00e9l\u00e9police s\u00e9duit en R\u00e9gion bruxelloise huit jours apr\u00e8s le drame de Tubize BRUXELLES\u00a0Huit jours apr\u00e8s le drame de Tubize, la zone de police Bruxelles-Midi adopte le syst\u00e8me T\u00e9l\u00e9Police Vision de t\u00e9l\u00e9surveillance pour commer\u00e7ants et cette technologie, selon la firme, sera install\u00e9e dans les tout prochains jours,\u00a0\u201cpeut-\u00eatre m\u00eame d\u00e8s la semaine prochaine\u00a0\u00bb, en pr\u00e9vision&hellip; Lire la suite\" \/>\n<meta property=\"og:url\" content=\"https:\/\/telepolice.be\/index.php\/2013\/04\/01\/le-telepolice-seduit-en-region-bruxelloise-huit-jours-apres-le-drame-de-tubize\/\" \/>\n<meta property=\"og:site_name\" content=\"TELEPOLICE\" \/>\n<meta property=\"article:published_time\" content=\"2013-04-01T11:19:23+00:00\" \/>\n<meta property=\"article:modified_time\" content=\"2019-05-09T14:27:40+00:00\" \/>\n<meta name=\"author\" content=\"admin\" \/>\n<meta name=\"twitter:card\" content=\"summary_large_image\" \/>\n<meta name=\"twitter:label1\" content=\"\u00c9crit par\" \/>\n\t<meta name=\"twitter:data1\" content=\"admin\" \/>\n\t<meta name=\"twitter:label2\" content=\"Dur\u00e9e de lecture estim\u00e9e\" \/>\n\t<meta name=\"twitter:data2\" content=\"2 minutes\" \/>\n<script type=\"application\/ld+json\" class=\"yoast-schema-graph\">{\"@context\":\"https:\\\/\\\/schema.org\",\"@graph\":[{\"@type\":\"Article\",\"@id\":\"https:\\\/\\\/telepolice.be\\\/index.php\\\/2013\\\/04\\\/01\\\/le-telepolice-seduit-en-region-bruxelloise-huit-jours-apres-le-drame-de-tubize\\\/#article\",\"isPartOf\":{\"@id\":\"https:\\\/\\\/telepolice.be\\\/index.php\\\/2013\\\/04\\\/01\\\/le-telepolice-seduit-en-region-bruxelloise-huit-jours-apres-le-drame-de-tubize\\\/\"},\"author\":{\"name\":\"admin\",\"@id\":\"https:\\\/\\\/telepolice.be\\\/#\\\/schema\\\/person\\\/ca479b77454640f8f918dd017bd028bf\"},\"headline\":\"T\u00e9l\u00e9Police Vision \u00e0 la zone Midi\",\"datePublished\":\"2013-04-01T11:19:23+00:00\",\"dateModified\":\"2019-05-09T14:27:40+00:00\",\"mainEntityOfPage\":{\"@id\":\"https:\\\/\\\/telepolice.be\\\/index.php\\\/2013\\\/04\\\/01\\\/le-telepolice-seduit-en-region-bruxelloise-huit-jours-apres-le-drame-de-tubize\\\/\"},\"wordCount\":422,\"commentCount\":0,\"publisher\":{\"@id\":\"https:\\\/\\\/telepolice.be\\\/#organization\"},\"articleSection\":[\"Revue De Presse\"],\"inLanguage\":\"fr-FR\",\"potentialAction\":[{\"@type\":\"CommentAction\",\"name\":\"Comment\",\"target\":[\"https:\\\/\\\/telepolice.be\\\/index.php\\\/2013\\\/04\\\/01\\\/le-telepolice-seduit-en-region-bruxelloise-huit-jours-apres-le-drame-de-tubize\\\/#respond\"]}]},{\"@type\":\"WebPage\",\"@id\":\"https:\\\/\\\/telepolice.be\\\/index.php\\\/2013\\\/04\\\/01\\\/le-telepolice-seduit-en-region-bruxelloise-huit-jours-apres-le-drame-de-tubize\\\/\",\"url\":\"https:\\\/\\\/telepolice.be\\\/index.php\\\/2013\\\/04\\\/01\\\/le-telepolice-seduit-en-region-bruxelloise-huit-jours-apres-le-drame-de-tubize\\\/\",\"name\":\"T\u00e9l\u00e9Police Vision \u00e0 la zone Midi - TELEPOLICE\",\"isPartOf\":{\"@id\":\"https:\\\/\\\/telepolice.be\\\/#website\"},\"datePublished\":\"2013-04-01T11:19:23+00:00\",\"dateModified\":\"2019-05-09T14:27:40+00:00\",\"breadcrumb\":{\"@id\":\"https:\\\/\\\/telepolice.be\\\/index.php\\\/2013\\\/04\\\/01\\\/le-telepolice-seduit-en-region-bruxelloise-huit-jours-apres-le-drame-de-tubize\\\/#breadcrumb\"},\"inLanguage\":\"fr-FR\",\"potentialAction\":[{\"@type\":\"ReadAction\",\"target\":[\"https:\\\/\\\/telepolice.be\\\/index.php\\\/2013\\\/04\\\/01\\\/le-telepolice-seduit-en-region-bruxelloise-huit-jours-apres-le-drame-de-tubize\\\/\"]}]},{\"@type\":\"BreadcrumbList\",\"@id\":\"https:\\\/\\\/telepolice.be\\\/index.php\\\/2013\\\/04\\\/01\\\/le-telepolice-seduit-en-region-bruxelloise-huit-jours-apres-le-drame-de-tubize\\\/#breadcrumb\",\"itemListElement\":[{\"@type\":\"ListItem\",\"position\":1,\"name\":\"Accueil\",\"item\":\"https:\\\/\\\/telepolice.be\\\/\"},{\"@type\":\"ListItem\",\"position\":2,\"name\":\"T\u00e9l\u00e9Police Vision \u00e0 la zone Midi\"}]},{\"@type\":\"WebSite\",\"@id\":\"https:\\\/\\\/telepolice.be\\\/#website\",\"url\":\"https:\\\/\\\/telepolice.be\\\/\",\"name\":\"TELEPOLICE\",\"description\":\"Prot\u00e9gez votre entreprise\",\"publisher\":{\"@id\":\"https:\\\/\\\/telepolice.be\\\/#organization\"},\"potentialAction\":[{\"@type\":\"SearchAction\",\"target\":{\"@type\":\"EntryPoint\",\"urlTemplate\":\"https:\\\/\\\/telepolice.be\\\/?s={search_term_string}\"},\"query-input\":{\"@type\":\"PropertyValueSpecification\",\"valueRequired\":true,\"valueName\":\"search_term_string\"}}],\"inLanguage\":\"fr-FR\"},{\"@type\":\"Organization\",\"@id\":\"https:\\\/\\\/telepolice.be\\\/#organization\",\"name\":\"TELE POLICE\",\"url\":\"https:\\\/\\\/telepolice.be\\\/\",\"logo\":{\"@type\":\"ImageObject\",\"inLanguage\":\"fr-FR\",\"@id\":\"https:\\\/\\\/telepolice.be\\\/#\\\/schema\\\/logo\\\/image\\\/\",\"url\":\"https:\\\/\\\/telepolice.be\\\/wp-content\\\/uploads\\\/2019\\\/04\\\/cropped-logotelepolice-3.png\",\"contentUrl\":\"https:\\\/\\\/telepolice.be\\\/wp-content\\\/uploads\\\/2019\\\/04\\\/cropped-logotelepolice-3.png\",\"width\":408,\"height\":65,\"caption\":\"TELE POLICE\"},\"image\":{\"@id\":\"https:\\\/\\\/telepolice.be\\\/#\\\/schema\\\/logo\\\/image\\\/\"}},{\"@type\":\"Person\",\"@id\":\"https:\\\/\\\/telepolice.be\\\/#\\\/schema\\\/person\\\/ca479b77454640f8f918dd017bd028bf\",\"name\":\"admin\",\"image\":{\"@type\":\"ImageObject\",\"inLanguage\":\"fr-FR\",\"@id\":\"https:\\\/\\\/secure.gravatar.com\\\/avatar\\\/dd9167fd60efcd6c24559ffa4f391e918347b9cf398a5593e29d658b4ae5d443?s=96&d=mm&r=g\",\"url\":\"https:\\\/\\\/secure.gravatar.com\\\/avatar\\\/dd9167fd60efcd6c24559ffa4f391e918347b9cf398a5593e29d658b4ae5d443?s=96&d=mm&r=g\",\"contentUrl\":\"https:\\\/\\\/secure.gravatar.com\\\/avatar\\\/dd9167fd60efcd6c24559ffa4f391e918347b9cf398a5593e29d658b4ae5d443?s=96&d=mm&r=g\",\"caption\":\"admin\"},\"url\":\"https:\\\/\\\/telepolice.be\\\/index.php\\\/author\\\/web_telepolice\\\/\"}]}<\/script>\n<!-- \/ Yoast SEO plugin. -->","yoast_head_json":{"title":"T\u00e9l\u00e9Police Vision \u00e0 la zone Midi - TELEPOLICE","robots":{"index":"index","follow":"follow","max-snippet":"max-snippet:-1","max-image-preview":"max-image-preview:large","max-video-preview":"max-video-preview:-1"},"canonical":"https:\/\/telepolice.be\/index.php\/2013\/04\/01\/le-telepolice-seduit-en-region-bruxelloise-huit-jours-apres-le-drame-de-tubize\/","og_locale":"fr_FR","og_type":"article","og_title":"T\u00e9l\u00e9Police Vision \u00e0 la zone Midi - TELEPOLICE","og_description":"S\u00c9CURIT\u00c9 Le t\u00e9l\u00e9police s\u00e9duit en R\u00e9gion bruxelloise huit jours apr\u00e8s le drame de Tubize BRUXELLES\u00a0Huit jours apr\u00e8s le drame de Tubize, la zone de police Bruxelles-Midi adopte le syst\u00e8me T\u00e9l\u00e9Police Vision de t\u00e9l\u00e9surveillance pour commer\u00e7ants et cette technologie, selon la firme, sera install\u00e9e dans les tout prochains jours,\u00a0\u201cpeut-\u00eatre m\u00eame d\u00e8s la semaine prochaine\u00a0\u00bb, en pr\u00e9vision&hellip; Lire la suite","og_url":"https:\/\/telepolice.be\/index.php\/2013\/04\/01\/le-telepolice-seduit-en-region-bruxelloise-huit-jours-apres-le-drame-de-tubize\/","og_site_name":"TELEPOLICE","article_published_time":"2013-04-01T11:19:23+00:00","article_modified_time":"2019-05-09T14:27:40+00:00","author":"admin","twitter_card":"summary_large_image","twitter_misc":{"\u00c9crit par":"admin","Dur\u00e9e de lecture estim\u00e9e":"2 minutes"},"schema":{"@context":"https:\/\/schema.org","@graph":[{"@type":"Article","@id":"https:\/\/telepolice.be\/index.php\/2013\/04\/01\/le-telepolice-seduit-en-region-bruxelloise-huit-jours-apres-le-drame-de-tubize\/#article","isPartOf":{"@id":"https:\/\/telepolice.be\/index.php\/2013\/04\/01\/le-telepolice-seduit-en-region-bruxelloise-huit-jours-apres-le-drame-de-tubize\/"},"author":{"name":"admin","@id":"https:\/\/telepolice.be\/#\/schema\/person\/ca479b77454640f8f918dd017bd028bf"},"headline":"T\u00e9l\u00e9Police Vision \u00e0 la zone Midi","datePublished":"2013-04-01T11:19:23+00:00","dateModified":"2019-05-09T14:27:40+00:00","mainEntityOfPage":{"@id":"https:\/\/telepolice.be\/index.php\/2013\/04\/01\/le-telepolice-seduit-en-region-bruxelloise-huit-jours-apres-le-drame-de-tubize\/"},"wordCount":422,"commentCount":0,"publisher":{"@id":"https:\/\/telepolice.be\/#organization"},"articleSection":["Revue De Presse"],"inLanguage":"fr-FR","potentialAction":[{"@type":"CommentAction","name":"Comment","target":["https:\/\/telepolice.be\/index.php\/2013\/04\/01\/le-telepolice-seduit-en-region-bruxelloise-huit-jours-apres-le-drame-de-tubize\/#respond"]}]},{"@type":"WebPage","@id":"https:\/\/telepolice.be\/index.php\/2013\/04\/01\/le-telepolice-seduit-en-region-bruxelloise-huit-jours-apres-le-drame-de-tubize\/","url":"https:\/\/telepolice.be\/index.php\/2013\/04\/01\/le-telepolice-seduit-en-region-bruxelloise-huit-jours-apres-le-drame-de-tubize\/","name":"T\u00e9l\u00e9Police Vision \u00e0 la zone Midi - TELEPOLICE","isPartOf":{"@id":"https:\/\/telepolice.be\/#website"},"datePublished":"2013-04-01T11:19:23+00:00","dateModified":"2019-05-09T14:27:40+00:00","breadcrumb":{"@id":"https:\/\/telepolice.be\/index.php\/2013\/04\/01\/le-telepolice-seduit-en-region-bruxelloise-huit-jours-apres-le-drame-de-tubize\/#breadcrumb"},"inLanguage":"fr-FR","potentialAction":[{"@type":"ReadAction","target":["https:\/\/telepolice.be\/index.php\/2013\/04\/01\/le-telepolice-seduit-en-region-bruxelloise-huit-jours-apres-le-drame-de-tubize\/"]}]},{"@type":"BreadcrumbList","@id":"https:\/\/telepolice.be\/index.php\/2013\/04\/01\/le-telepolice-seduit-en-region-bruxelloise-huit-jours-apres-le-drame-de-tubize\/#breadcrumb","itemListElement":[{"@type":"ListItem","position":1,"name":"Accueil","item":"https:\/\/telepolice.be\/"},{"@type":"ListItem","position":2,"name":"T\u00e9l\u00e9Police Vision \u00e0 la zone Midi"}]},{"@type":"WebSite","@id":"https:\/\/telepolice.be\/#website","url":"https:\/\/telepolice.be\/","name":"TELEPOLICE","description":"Prot\u00e9gez votre entreprise","publisher":{"@id":"https:\/\/telepolice.be\/#organization"},"potentialAction":[{"@type":"SearchAction","target":{"@type":"EntryPoint","urlTemplate":"https:\/\/telepolice.be\/?s={search_term_string}"},"query-input":{"@type":"PropertyValueSpecification","valueRequired":true,"valueName":"search_term_string"}}],"inLanguage":"fr-FR"},{"@type":"Organization","@id":"https:\/\/telepolice.be\/#organization","name":"TELE POLICE","url":"https:\/\/telepolice.be\/","logo":{"@type":"ImageObject","inLanguage":"fr-FR","@id":"https:\/\/telepolice.be\/#\/schema\/logo\/image\/","url":"https:\/\/telepolice.be\/wp-content\/uploads\/2019\/04\/cropped-logotelepolice-3.png","contentUrl":"https:\/\/telepolice.be\/wp-content\/uploads\/2019\/04\/cropped-logotelepolice-3.png","width":408,"height":65,"caption":"TELE POLICE"},"image":{"@id":"https:\/\/telepolice.be\/#\/schema\/logo\/image\/"}},{"@type":"Person","@id":"https:\/\/telepolice.be\/#\/schema\/person\/ca479b77454640f8f918dd017bd028bf","name":"admin","image":{"@type":"ImageObject","inLanguage":"fr-FR","@id":"https:\/\/secure.gravatar.com\/avatar\/dd9167fd60efcd6c24559ffa4f391e918347b9cf398a5593e29d658b4ae5d443?s=96&d=mm&r=g","url":"https:\/\/secure.gravatar.com\/avatar\/dd9167fd60efcd6c24559ffa4f391e918347b9cf398a5593e29d658b4ae5d443?s=96&d=mm&r=g","contentUrl":"https:\/\/secure.gravatar.com\/avatar\/dd9167fd60efcd6c24559ffa4f391e918347b9cf398a5593e29d658b4ae5d443?s=96&d=mm&r=g","caption":"admin"},"url":"https:\/\/telepolice.be\/index.php\/author\/web_telepolice\/"}]}},"_links":{"self":[{"href":"https:\/\/telepolice.be\/index.php\/wp-json\/wp\/v2\/posts\/756","targetHints":{"allow":["GET"]}}],"collection":[{"href":"https:\/\/telepolice.be\/index.php\/wp-json\/wp\/v2\/posts"}],"about":[{"href":"https:\/\/telepolice.be\/index.php\/wp-json\/wp\/v2\/types\/post"}],"author":[{"embeddable":true,"href":"https:\/\/telepolice.be\/index.php\/wp-json\/wp\/v2\/users\/1"}],"replies":[{"embeddable":true,"href":"https:\/\/telepolice.be\/index.php\/wp-json\/wp\/v2\/comments?post=756"}],"version-history":[{"count":5,"href":"https:\/\/telepolice.be\/index.php\/wp-json\/wp\/v2\/posts\/756\/revisions"}],"predecessor-version":[{"id":2721,"href":"https:\/\/telepolice.be\/index.php\/wp-json\/wp\/v2\/posts\/756\/revisions\/2721"}],"wp:attachment":[{"href":"https:\/\/telepolice.be\/index.php\/wp-json\/wp\/v2\/media?parent=756"}],"wp:term":[{"taxonomy":"category","embeddable":true,"href":"https:\/\/telepolice.be\/index.php\/wp-json\/wp\/v2\/categories?post=756"},{"taxonomy":"post_tag","embeddable":true,"href":"https:\/\/telepolice.be\/index.php\/wp-json\/wp\/v2\/tags?post=756"}],"curies":[{"name":"wp","href":"https:\/\/api.w.org\/{rel}","templated":true}]}}