{"id":753,"date":"2013-04-01T11:15:50","date_gmt":"2013-04-01T11:15:50","guid":{"rendered":"https:\/\/telepolice.be\/index.php\/2019\/04\/01\/pharmacien-metier-risque\/"},"modified":"2019-05-09T15:56:09","modified_gmt":"2019-05-09T13:56:09","slug":"pharmacien-metier-risque","status":"publish","type":"post","link":"https:\/\/telepolice.be\/index.php\/2013\/04\/01\/pharmacien-metier-risque\/","title":{"rendered":"Pharmacien, m\u00e9tier risqu\u00e9&#8230;"},"content":{"rendered":"<blockquote class=\"chapeau\"><p>Dans le Borinage, des commer\u00e7ants s\u2019\u00e9quipent de cam\u00e9ras en liaison avec la police<\/p><\/blockquote>\n<blockquote class=\"chapeau\"><p>En juin 2010, la police boraine lan\u00e7ait une campagne de pr\u00e9vention cibl\u00e9e vers les commer\u00e7ants de la zone afin que ceux-ci se prot\u00e8gent contre les braquages. Une vingtaine de commerces ont depuis investi dans le syst\u00e8me \u201c T\u00e9l\u00e9Police Vision \u201d. Dont plusieurs pharmaciens. T\u00e9moignage.<\/p><\/blockquote>\n<p>Marie-Line (nous ne publierons pas son nom ni le lieu o\u00f9 elle nous re\u00e7oit) a ouvert son officine voici une quinzaine d\u2019ann\u00e9es dans le Borinage. M\u00eame si elle n\u2019a jamais \u00e9t\u00e9 victime d\u2019un braquage, elle a investi dans plusieurs syst\u00e8mes de s\u00e9curit\u00e9.\u201c\u00a0<em>Moi j\u2019ai eu la chance jusqu\u2019\u00e0 pr\u00e9sent de ne pas \u00eatre confront\u00e9e \u00e0 ce type d\u2019agression, ce qui n\u2019est pas le cas pour beaucoup de mes confr\u00e8res<\/em>, dit-elle.\u00a0<em>Certains ont m\u00eame \u00e9t\u00e9 braqu\u00e9s plusieurs fois.<\/em>\u00a0\u201d<\/p>\n<p>Lesquels restent pour la plupart tr\u00e8s marqu\u00e9s par ces \u00e9v\u00e9nements traumatisants.<\/p>\n<p>Pour les pharmaciens, le danger augmente sensiblement lors des r\u00f4les de garde qui d\u00e9butent en soir\u00e9e et se prolongent toute la nuit. \u201c\u00a0<em>On ne se sent pas en s\u00e9curit\u00e9 quand on est seule dans l\u2019officine en pleine nuit&#8230; J\u2019ai bien s\u00fbr un guichet de garde, mais quand m\u00eame&#8230;<\/em>\u00a0\u201d<\/p>\n<p>Prudente, la pharmacienne boraine ne laisse que peu d\u2019argent en caisse, au cas o\u00f9&#8230;<\/p>\n<p>Bien que son magasin soit \u00e9quip\u00e9 d\u2019un syst\u00e8me d\u2019alarme classique, pour r\u00e9agir aux intrusions la nuit, Marie-Line vient d\u2019investir dans le syst\u00e8me <strong>T\u00e9l\u00e9Police Vision<\/strong> pr\u00e9conis\u00e9 par la police boraine. Celui-ci se compose d\u2019une cam\u00e9ra, avec micro, et d\u2019un petit bo\u00eetier qui permet de d\u00e9clencher l\u2019alarme directement dans un bureau de la police boraine. D\u00e8s cet instant, la police peut voir et entendre tout se qui se passe dans le commerce gr\u00e2ce \u00e0 la cam\u00e9ra. Et intervenir imm\u00e9diatement si un braquage est en cours&#8230;<\/p>\n<p><strong>Un effet dissuasif !<\/strong><\/p>\n<p><strong>\u00a0<\/strong>\u201c\u00a0<em>Ce qui m\u2019a d\u00e9cid\u00e9 \u00e0 installer le <strong>T\u00e9l\u00e9Police Vision<\/strong><\/em>, poursuit la pharmacienne,\u00a0<em>c\u2019\u00e9tait aussi le fait de pouvoir apposer une affiche sur ma vitrine qui avertit le client que mon officine est surveill\u00e9e par des cam\u00e9ras. C\u2019est sans doute un peu na\u00eff..<\/em>. \u201d<\/p>\n<p>Pas n\u00e9cessairement, car le message affich\u00e9 sur la vitrine d\u2019un commerce peut \u00eatre dissuasif pour les personnes mal intentionn\u00e9es. C\u2019est d\u2019ailleurs l\u2019un des objectifs poursuivis.<\/p>\n<p>\u201c\u00a0<em>Oui je me sens davantage rassur\u00e9e depuis que nous avons install\u00e9 ce syst\u00e8me. Mais encore faut-il \u00eatre capable de bien r\u00e9agir lors d\u2019un braquage&#8230;<\/em>\u00a0\u201d<\/p>\n<p>Marie-Line ne comprend pas pourquoi les voleurs s\u2019en prennent souvent aux pharmacies alors que celles-ci sont pourtant \u00e9quip\u00e9es de Bancontact.<\/p>\n<p>\u201c\u00a0<em>Je constate que le m\u00e9tier de pharmacien est devenu un m\u00e9tier \u00e0 risques<\/em>\u00a0\u201d, regrette Marie-Line. Au point de craindre une agression \u00e0 tout instant? \u201c\u00a0<em>Non mais j\u2019y pense surtout pendant mes gardes, on voit \u00e0 ce moment-l\u00e0 beaucoup d\u2019inconnus&#8230;<\/em>\u00a0\u201d<\/p>\n<p>Fix\u00e9e au plafond (\u00e0 droite), une cam\u00e9ra permet de suivre ce qui se passe dans l\u2019officine. C.L.<\/p>\n<div style=\"width: 640px;\" class=\"wp-video\"><video class=\"wp-video-shortcode\" id=\"video-753-1\" width=\"640\" height=\"360\" preload=\"metadata\" controls=\"controls\"><source type=\"video\/mp4\" src=\"https:\/\/telepolice.be\/wp-content\/uploads\/2019\/video\/Pharmacien_metierrisque.mp4?_=1\" \/><a href=\"https:\/\/telepolice.be\/wp-content\/uploads\/2019\/video\/Pharmacien_metierrisque.mp4\">https:\/\/telepolice.be\/wp-content\/uploads\/2019\/video\/Pharmacien_metierrisque.mp4<\/a><\/video><\/div>\n","protected":false},"excerpt":{"rendered":"<p>Dans le Borinage, des commer\u00e7ants s\u2019\u00e9quipent de cam\u00e9ras en liaison avec la police En juin 2010, la police boraine lan\u00e7ait une campagne de pr\u00e9vention cibl\u00e9e vers les commer\u00e7ants de la zone afin que ceux-ci se prot\u00e8gent contre les braquages. Une vingtaine de commerces ont depuis investi dans le syst\u00e8me \u201c T\u00e9l\u00e9Police Vision \u201d. Dont plusieurs&hellip; <br \/> <a class=\"read-more\" href=\"https:\/\/telepolice.be\/index.php\/2013\/04\/01\/pharmacien-metier-risque\/\">Lire la suite<\/a><\/p>\n","protected":false},"author":1,"featured_media":0,"comment_status":"open","ping_status":"closed","sticky":false,"template":"","format":"standard","meta":{"footnotes":""},"categories":[6],"tags":[],"class_list":["post-753","post","type-post","status-publish","format-standard","hentry","category-revue-de-presse"],"yoast_head":"<!-- This site is optimized with the Yoast SEO plugin v27.5 - https:\/\/yoast.com\/product\/yoast-seo-wordpress\/ -->\n<title>Pharmacien, m\u00e9tier risqu\u00e9... - TELEPOLICE<\/title>\n<meta name=\"robots\" content=\"index, follow, max-snippet:-1, max-image-preview:large, max-video-preview:-1\" \/>\n<link rel=\"canonical\" href=\"https:\/\/telepolice.be\/index.php\/2013\/04\/01\/pharmacien-metier-risque\/\" \/>\n<meta property=\"og:locale\" content=\"fr_FR\" \/>\n<meta property=\"og:type\" content=\"article\" \/>\n<meta property=\"og:title\" content=\"Pharmacien, m\u00e9tier risqu\u00e9... - TELEPOLICE\" \/>\n<meta property=\"og:description\" content=\"Dans le Borinage, des commer\u00e7ants s\u2019\u00e9quipent de cam\u00e9ras en liaison avec la police En juin 2010, la police boraine lan\u00e7ait une campagne de pr\u00e9vention cibl\u00e9e vers les commer\u00e7ants de la zone afin que ceux-ci se prot\u00e8gent contre les braquages. Une vingtaine de commerces ont depuis investi dans le syst\u00e8me \u201c T\u00e9l\u00e9Police Vision \u201d. Dont plusieurs&hellip; Lire la suite\" \/>\n<meta property=\"og:url\" content=\"https:\/\/telepolice.be\/index.php\/2013\/04\/01\/pharmacien-metier-risque\/\" \/>\n<meta property=\"og:site_name\" content=\"TELEPOLICE\" \/>\n<meta property=\"article:published_time\" content=\"2013-04-01T11:15:50+00:00\" \/>\n<meta property=\"article:modified_time\" content=\"2019-05-09T13:56:09+00:00\" \/>\n<meta name=\"author\" content=\"admin\" \/>\n<meta name=\"twitter:card\" content=\"summary_large_image\" \/>\n<meta name=\"twitter:label1\" content=\"\u00c9crit par\" \/>\n\t<meta name=\"twitter:data1\" content=\"admin\" \/>\n\t<meta name=\"twitter:label2\" content=\"Dur\u00e9e de lecture estim\u00e9e\" \/>\n\t<meta name=\"twitter:data2\" content=\"3 minutes\" \/>\n<script type=\"application\/ld+json\" class=\"yoast-schema-graph\">{\"@context\":\"https:\\\/\\\/schema.org\",\"@graph\":[{\"@type\":\"Article\",\"@id\":\"https:\\\/\\\/telepolice.be\\\/index.php\\\/2013\\\/04\\\/01\\\/pharmacien-metier-risque\\\/#article\",\"isPartOf\":{\"@id\":\"https:\\\/\\\/telepolice.be\\\/index.php\\\/2013\\\/04\\\/01\\\/pharmacien-metier-risque\\\/\"},\"author\":{\"name\":\"admin\",\"@id\":\"https:\\\/\\\/telepolice.be\\\/#\\\/schema\\\/person\\\/ca479b77454640f8f918dd017bd028bf\"},\"headline\":\"Pharmacien, m\u00e9tier risqu\u00e9&#8230;\",\"datePublished\":\"2013-04-01T11:15:50+00:00\",\"dateModified\":\"2019-05-09T13:56:09+00:00\",\"mainEntityOfPage\":{\"@id\":\"https:\\\/\\\/telepolice.be\\\/index.php\\\/2013\\\/04\\\/01\\\/pharmacien-metier-risque\\\/\"},\"wordCount\":553,\"commentCount\":0,\"publisher\":{\"@id\":\"https:\\\/\\\/telepolice.be\\\/#organization\"},\"articleSection\":[\"Revue De Presse\"],\"inLanguage\":\"fr-FR\",\"potentialAction\":[{\"@type\":\"CommentAction\",\"name\":\"Comment\",\"target\":[\"https:\\\/\\\/telepolice.be\\\/index.php\\\/2013\\\/04\\\/01\\\/pharmacien-metier-risque\\\/#respond\"]}]},{\"@type\":\"WebPage\",\"@id\":\"https:\\\/\\\/telepolice.be\\\/index.php\\\/2013\\\/04\\\/01\\\/pharmacien-metier-risque\\\/\",\"url\":\"https:\\\/\\\/telepolice.be\\\/index.php\\\/2013\\\/04\\\/01\\\/pharmacien-metier-risque\\\/\",\"name\":\"Pharmacien, m\u00e9tier risqu\u00e9... - TELEPOLICE\",\"isPartOf\":{\"@id\":\"https:\\\/\\\/telepolice.be\\\/#website\"},\"datePublished\":\"2013-04-01T11:15:50+00:00\",\"dateModified\":\"2019-05-09T13:56:09+00:00\",\"breadcrumb\":{\"@id\":\"https:\\\/\\\/telepolice.be\\\/index.php\\\/2013\\\/04\\\/01\\\/pharmacien-metier-risque\\\/#breadcrumb\"},\"inLanguage\":\"fr-FR\",\"potentialAction\":[{\"@type\":\"ReadAction\",\"target\":[\"https:\\\/\\\/telepolice.be\\\/index.php\\\/2013\\\/04\\\/01\\\/pharmacien-metier-risque\\\/\"]}]},{\"@type\":\"BreadcrumbList\",\"@id\":\"https:\\\/\\\/telepolice.be\\\/index.php\\\/2013\\\/04\\\/01\\\/pharmacien-metier-risque\\\/#breadcrumb\",\"itemListElement\":[{\"@type\":\"ListItem\",\"position\":1,\"name\":\"Accueil\",\"item\":\"https:\\\/\\\/telepolice.be\\\/\"},{\"@type\":\"ListItem\",\"position\":2,\"name\":\"Pharmacien, m\u00e9tier risqu\u00e9&#8230;\"}]},{\"@type\":\"WebSite\",\"@id\":\"https:\\\/\\\/telepolice.be\\\/#website\",\"url\":\"https:\\\/\\\/telepolice.be\\\/\",\"name\":\"TELEPOLICE\",\"description\":\"Prot\u00e9gez votre entreprise\",\"publisher\":{\"@id\":\"https:\\\/\\\/telepolice.be\\\/#organization\"},\"potentialAction\":[{\"@type\":\"SearchAction\",\"target\":{\"@type\":\"EntryPoint\",\"urlTemplate\":\"https:\\\/\\\/telepolice.be\\\/?s={search_term_string}\"},\"query-input\":{\"@type\":\"PropertyValueSpecification\",\"valueRequired\":true,\"valueName\":\"search_term_string\"}}],\"inLanguage\":\"fr-FR\"},{\"@type\":\"Organization\",\"@id\":\"https:\\\/\\\/telepolice.be\\\/#organization\",\"name\":\"TELE POLICE\",\"url\":\"https:\\\/\\\/telepolice.be\\\/\",\"logo\":{\"@type\":\"ImageObject\",\"inLanguage\":\"fr-FR\",\"@id\":\"https:\\\/\\\/telepolice.be\\\/#\\\/schema\\\/logo\\\/image\\\/\",\"url\":\"https:\\\/\\\/telepolice.be\\\/wp-content\\\/uploads\\\/2019\\\/04\\\/cropped-logotelepolice-3.png\",\"contentUrl\":\"https:\\\/\\\/telepolice.be\\\/wp-content\\\/uploads\\\/2019\\\/04\\\/cropped-logotelepolice-3.png\",\"width\":408,\"height\":65,\"caption\":\"TELE POLICE\"},\"image\":{\"@id\":\"https:\\\/\\\/telepolice.be\\\/#\\\/schema\\\/logo\\\/image\\\/\"}},{\"@type\":\"Person\",\"@id\":\"https:\\\/\\\/telepolice.be\\\/#\\\/schema\\\/person\\\/ca479b77454640f8f918dd017bd028bf\",\"name\":\"admin\",\"image\":{\"@type\":\"ImageObject\",\"inLanguage\":\"fr-FR\",\"@id\":\"https:\\\/\\\/secure.gravatar.com\\\/avatar\\\/dd9167fd60efcd6c24559ffa4f391e918347b9cf398a5593e29d658b4ae5d443?s=96&d=mm&r=g\",\"url\":\"https:\\\/\\\/secure.gravatar.com\\\/avatar\\\/dd9167fd60efcd6c24559ffa4f391e918347b9cf398a5593e29d658b4ae5d443?s=96&d=mm&r=g\",\"contentUrl\":\"https:\\\/\\\/secure.gravatar.com\\\/avatar\\\/dd9167fd60efcd6c24559ffa4f391e918347b9cf398a5593e29d658b4ae5d443?s=96&d=mm&r=g\",\"caption\":\"admin\"},\"url\":\"https:\\\/\\\/telepolice.be\\\/index.php\\\/author\\\/web_telepolice\\\/\"}]}<\/script>\n<!-- \/ Yoast SEO plugin. -->","yoast_head_json":{"title":"Pharmacien, m\u00e9tier risqu\u00e9... - TELEPOLICE","robots":{"index":"index","follow":"follow","max-snippet":"max-snippet:-1","max-image-preview":"max-image-preview:large","max-video-preview":"max-video-preview:-1"},"canonical":"https:\/\/telepolice.be\/index.php\/2013\/04\/01\/pharmacien-metier-risque\/","og_locale":"fr_FR","og_type":"article","og_title":"Pharmacien, m\u00e9tier risqu\u00e9... - TELEPOLICE","og_description":"Dans le Borinage, des commer\u00e7ants s\u2019\u00e9quipent de cam\u00e9ras en liaison avec la police En juin 2010, la police boraine lan\u00e7ait une campagne de pr\u00e9vention cibl\u00e9e vers les commer\u00e7ants de la zone afin que ceux-ci se prot\u00e8gent contre les braquages. Une vingtaine de commerces ont depuis investi dans le syst\u00e8me \u201c T\u00e9l\u00e9Police Vision \u201d. Dont plusieurs&hellip; Lire la suite","og_url":"https:\/\/telepolice.be\/index.php\/2013\/04\/01\/pharmacien-metier-risque\/","og_site_name":"TELEPOLICE","article_published_time":"2013-04-01T11:15:50+00:00","article_modified_time":"2019-05-09T13:56:09+00:00","author":"admin","twitter_card":"summary_large_image","twitter_misc":{"\u00c9crit par":"admin","Dur\u00e9e de lecture estim\u00e9e":"3 minutes"},"schema":{"@context":"https:\/\/schema.org","@graph":[{"@type":"Article","@id":"https:\/\/telepolice.be\/index.php\/2013\/04\/01\/pharmacien-metier-risque\/#article","isPartOf":{"@id":"https:\/\/telepolice.be\/index.php\/2013\/04\/01\/pharmacien-metier-risque\/"},"author":{"name":"admin","@id":"https:\/\/telepolice.be\/#\/schema\/person\/ca479b77454640f8f918dd017bd028bf"},"headline":"Pharmacien, m\u00e9tier risqu\u00e9&#8230;","datePublished":"2013-04-01T11:15:50+00:00","dateModified":"2019-05-09T13:56:09+00:00","mainEntityOfPage":{"@id":"https:\/\/telepolice.be\/index.php\/2013\/04\/01\/pharmacien-metier-risque\/"},"wordCount":553,"commentCount":0,"publisher":{"@id":"https:\/\/telepolice.be\/#organization"},"articleSection":["Revue De Presse"],"inLanguage":"fr-FR","potentialAction":[{"@type":"CommentAction","name":"Comment","target":["https:\/\/telepolice.be\/index.php\/2013\/04\/01\/pharmacien-metier-risque\/#respond"]}]},{"@type":"WebPage","@id":"https:\/\/telepolice.be\/index.php\/2013\/04\/01\/pharmacien-metier-risque\/","url":"https:\/\/telepolice.be\/index.php\/2013\/04\/01\/pharmacien-metier-risque\/","name":"Pharmacien, m\u00e9tier risqu\u00e9... - TELEPOLICE","isPartOf":{"@id":"https:\/\/telepolice.be\/#website"},"datePublished":"2013-04-01T11:15:50+00:00","dateModified":"2019-05-09T13:56:09+00:00","breadcrumb":{"@id":"https:\/\/telepolice.be\/index.php\/2013\/04\/01\/pharmacien-metier-risque\/#breadcrumb"},"inLanguage":"fr-FR","potentialAction":[{"@type":"ReadAction","target":["https:\/\/telepolice.be\/index.php\/2013\/04\/01\/pharmacien-metier-risque\/"]}]},{"@type":"BreadcrumbList","@id":"https:\/\/telepolice.be\/index.php\/2013\/04\/01\/pharmacien-metier-risque\/#breadcrumb","itemListElement":[{"@type":"ListItem","position":1,"name":"Accueil","item":"https:\/\/telepolice.be\/"},{"@type":"ListItem","position":2,"name":"Pharmacien, m\u00e9tier risqu\u00e9&#8230;"}]},{"@type":"WebSite","@id":"https:\/\/telepolice.be\/#website","url":"https:\/\/telepolice.be\/","name":"TELEPOLICE","description":"Prot\u00e9gez votre entreprise","publisher":{"@id":"https:\/\/telepolice.be\/#organization"},"potentialAction":[{"@type":"SearchAction","target":{"@type":"EntryPoint","urlTemplate":"https:\/\/telepolice.be\/?s={search_term_string}"},"query-input":{"@type":"PropertyValueSpecification","valueRequired":true,"valueName":"search_term_string"}}],"inLanguage":"fr-FR"},{"@type":"Organization","@id":"https:\/\/telepolice.be\/#organization","name":"TELE POLICE","url":"https:\/\/telepolice.be\/","logo":{"@type":"ImageObject","inLanguage":"fr-FR","@id":"https:\/\/telepolice.be\/#\/schema\/logo\/image\/","url":"https:\/\/telepolice.be\/wp-content\/uploads\/2019\/04\/cropped-logotelepolice-3.png","contentUrl":"https:\/\/telepolice.be\/wp-content\/uploads\/2019\/04\/cropped-logotelepolice-3.png","width":408,"height":65,"caption":"TELE POLICE"},"image":{"@id":"https:\/\/telepolice.be\/#\/schema\/logo\/image\/"}},{"@type":"Person","@id":"https:\/\/telepolice.be\/#\/schema\/person\/ca479b77454640f8f918dd017bd028bf","name":"admin","image":{"@type":"ImageObject","inLanguage":"fr-FR","@id":"https:\/\/secure.gravatar.com\/avatar\/dd9167fd60efcd6c24559ffa4f391e918347b9cf398a5593e29d658b4ae5d443?s=96&d=mm&r=g","url":"https:\/\/secure.gravatar.com\/avatar\/dd9167fd60efcd6c24559ffa4f391e918347b9cf398a5593e29d658b4ae5d443?s=96&d=mm&r=g","contentUrl":"https:\/\/secure.gravatar.com\/avatar\/dd9167fd60efcd6c24559ffa4f391e918347b9cf398a5593e29d658b4ae5d443?s=96&d=mm&r=g","caption":"admin"},"url":"https:\/\/telepolice.be\/index.php\/author\/web_telepolice\/"}]}},"_links":{"self":[{"href":"https:\/\/telepolice.be\/index.php\/wp-json\/wp\/v2\/posts\/753","targetHints":{"allow":["GET"]}}],"collection":[{"href":"https:\/\/telepolice.be\/index.php\/wp-json\/wp\/v2\/posts"}],"about":[{"href":"https:\/\/telepolice.be\/index.php\/wp-json\/wp\/v2\/types\/post"}],"author":[{"embeddable":true,"href":"https:\/\/telepolice.be\/index.php\/wp-json\/wp\/v2\/users\/1"}],"replies":[{"embeddable":true,"href":"https:\/\/telepolice.be\/index.php\/wp-json\/wp\/v2\/comments?post=753"}],"version-history":[{"count":4,"href":"https:\/\/telepolice.be\/index.php\/wp-json\/wp\/v2\/posts\/753\/revisions"}],"predecessor-version":[{"id":2710,"href":"https:\/\/telepolice.be\/index.php\/wp-json\/wp\/v2\/posts\/753\/revisions\/2710"}],"wp:attachment":[{"href":"https:\/\/telepolice.be\/index.php\/wp-json\/wp\/v2\/media?parent=753"}],"wp:term":[{"taxonomy":"category","embeddable":true,"href":"https:\/\/telepolice.be\/index.php\/wp-json\/wp\/v2\/categories?post=753"},{"taxonomy":"post_tag","embeddable":true,"href":"https:\/\/telepolice.be\/index.php\/wp-json\/wp\/v2\/tags?post=753"}],"curies":[{"name":"wp","href":"https:\/\/api.w.org\/{rel}","templated":true}]}}