{"id":739,"date":"2009-08-01T11:30:40","date_gmt":"2009-08-01T11:30:40","guid":{"rendered":"https:\/\/telepolice.be\/index.php\/2019\/04\/01\/libraire-abattu-lucm-et-prodipresse-reclament-le-telepolice-lance-une-table-ronde-sur-la-securite\/"},"modified":"2019-05-09T12:53:47","modified_gmt":"2019-05-09T10:53:47","slug":"libraire-abattu-lucm-et-prodipresse-reclament-le-telepolice-lance-une-table-ronde-sur-la-securite","status":"publish","type":"post","link":"https:\/\/telepolice.be\/index.php\/2009\/08\/01\/libraire-abattu-lucm-et-prodipresse-reclament-le-telepolice-lance-une-table-ronde-sur-la-securite\/","title":{"rendered":"Libraire abattu : l&rsquo;UCM et Prodipresse r\u00e9clament le T\u00e9l\u00e9police lance une table ronde sur la s\u00e9curit\u00e9"},"content":{"rendered":"<h4><strong>Prodipresse et l&rsquo;Union des Classes moyennes rappellent que l&rsquo;\u00e9pouse de la victime avait \u00e9t\u00e9 agress\u00e9e il y a moins de deux semaines<\/strong><\/h4>\n<p><strong>BRUXELLES<\/strong>\u00a0A la suite du braquage lundi soir \u00e0 Houdeng-Aimeries qui a co\u00fbt\u00e9 la vie \u00e0 un libraire, Prodipresse, l&rsquo;association des diffuseurs de presse, et l&rsquo;UCM r\u00e9clament mardi une table ronde sur la s\u00e9curit\u00e9 des libraires. \u00ab\u00a0M\u00eame si la librairie cibl\u00e9e \u00e9tait s\u00e9curis\u00e9e et \u00e9quip\u00e9e en cam\u00e9ras, on ne peut pas pour autant parler de fatalit\u00e9\u00a0\u00bb, estiment les deux organismes.<\/p>\n<p>Prodipresse et l&rsquo;Union des Classes moyennes rappellent que l&rsquo;\u00e9pouse de la victime avait \u00e9t\u00e9 agress\u00e9e il y a moins de deux semaines et que plusieurs autres braquages se sont produits r\u00e9cemment dans la r\u00e9gion de La Louvi\u00e8re, dont trois le 8 septembre.<\/p>\n<p>La fr\u00e9quence des vols \u00e0 main arm\u00e9e est en hausse dans l&rsquo;ensemble du pays, de + 34 % de 2009 \u00e0 2010. Selon l&rsquo;UCM, les attaques violentes ciblent davantage les commerces de proximit\u00e9, dont les librairies, vu les mesures de protection prises dans d&rsquo;autres secteurs, comme ceux des banques ou de la grande distribution.<br \/>\nL&rsquo;UCM et Prodipresse pr\u00e9conisent la gratuit\u00e9 des transactions \u00e9lectroniques dans les petits commerces et des mesures visant \u00e0 encourager les investissements de s\u00e9curit\u00e9.<\/p>\n<p>\u00ab\u00a0Jamais nous ne pourrons accepter que le meurtre fasse partie des risques du m\u00e9tier\u00a0\u00bb, concluent Prodipresse et l&rsquo;UCM.<\/p>\n<p id=\"articleCopyright\"><strong>\u00a9 La Derni\u00e8re Heure 2011<\/strong><\/p>\n","protected":false},"excerpt":{"rendered":"<p>Prodipresse et l&rsquo;Union des Classes moyennes rappellent que l&rsquo;\u00e9pouse de la victime avait \u00e9t\u00e9 agress\u00e9e il y a moins de deux semaines BRUXELLES\u00a0A la suite du braquage lundi soir \u00e0 Houdeng-Aimeries qui a co\u00fbt\u00e9 la vie \u00e0 un libraire, Prodipresse, l&rsquo;association des diffuseurs de presse, et l&rsquo;UCM r\u00e9clament mardi une table ronde sur la s\u00e9curit\u00e9&hellip; <br \/> <a class=\"read-more\" href=\"https:\/\/telepolice.be\/index.php\/2009\/08\/01\/libraire-abattu-lucm-et-prodipresse-reclament-le-telepolice-lance-une-table-ronde-sur-la-securite\/\">Lire la suite<\/a><\/p>\n","protected":false},"author":1,"featured_media":0,"comment_status":"open","ping_status":"closed","sticky":false,"template":"","format":"standard","meta":{"footnotes":""},"categories":[6],"tags":[],"class_list":["post-739","post","type-post","status-publish","format-standard","hentry","category-revue-de-presse"],"yoast_head":"<!-- This site is optimized with the Yoast SEO plugin v27.5 - https:\/\/yoast.com\/product\/yoast-seo-wordpress\/ -->\n<title>Libraire abattu : l&#039;UCM et Prodipresse r\u00e9clament le T\u00e9l\u00e9police lance une table ronde sur la s\u00e9curit\u00e9 - TELEPOLICE<\/title>\n<meta name=\"robots\" content=\"index, follow, max-snippet:-1, max-image-preview:large, max-video-preview:-1\" \/>\n<link rel=\"canonical\" href=\"https:\/\/telepolice.be\/index.php\/2009\/08\/01\/libraire-abattu-lucm-et-prodipresse-reclament-le-telepolice-lance-une-table-ronde-sur-la-securite\/\" \/>\n<meta property=\"og:locale\" content=\"fr_FR\" \/>\n<meta property=\"og:type\" content=\"article\" \/>\n<meta property=\"og:title\" content=\"Libraire abattu : l&#039;UCM et Prodipresse r\u00e9clament le T\u00e9l\u00e9police lance une table ronde sur la s\u00e9curit\u00e9 - TELEPOLICE\" \/>\n<meta property=\"og:description\" content=\"Prodipresse et l&rsquo;Union des Classes moyennes rappellent que l&rsquo;\u00e9pouse de la victime avait \u00e9t\u00e9 agress\u00e9e il y a moins de deux semaines BRUXELLES\u00a0A la suite du braquage lundi soir \u00e0 Houdeng-Aimeries qui a co\u00fbt\u00e9 la vie \u00e0 un libraire, Prodipresse, l&rsquo;association des diffuseurs de presse, et l&rsquo;UCM r\u00e9clament mardi une table ronde sur la s\u00e9curit\u00e9&hellip; Lire la suite\" \/>\n<meta property=\"og:url\" content=\"https:\/\/telepolice.be\/index.php\/2009\/08\/01\/libraire-abattu-lucm-et-prodipresse-reclament-le-telepolice-lance-une-table-ronde-sur-la-securite\/\" \/>\n<meta property=\"og:site_name\" content=\"TELEPOLICE\" \/>\n<meta property=\"article:published_time\" content=\"2009-08-01T11:30:40+00:00\" \/>\n<meta property=\"article:modified_time\" content=\"2019-05-09T10:53:47+00:00\" \/>\n<meta name=\"author\" content=\"admin\" \/>\n<meta name=\"twitter:card\" content=\"summary_large_image\" \/>\n<meta name=\"twitter:label1\" content=\"\u00c9crit par\" \/>\n\t<meta name=\"twitter:data1\" content=\"admin\" \/>\n\t<meta name=\"twitter:label2\" content=\"Dur\u00e9e de lecture estim\u00e9e\" \/>\n\t<meta name=\"twitter:data2\" content=\"1 minute\" \/>\n<script type=\"application\/ld+json\" class=\"yoast-schema-graph\">{\"@context\":\"https:\\\/\\\/schema.org\",\"@graph\":[{\"@type\":\"Article\",\"@id\":\"https:\\\/\\\/telepolice.be\\\/index.php\\\/2009\\\/08\\\/01\\\/libraire-abattu-lucm-et-prodipresse-reclament-le-telepolice-lance-une-table-ronde-sur-la-securite\\\/#article\",\"isPartOf\":{\"@id\":\"https:\\\/\\\/telepolice.be\\\/index.php\\\/2009\\\/08\\\/01\\\/libraire-abattu-lucm-et-prodipresse-reclament-le-telepolice-lance-une-table-ronde-sur-la-securite\\\/\"},\"author\":{\"name\":\"admin\",\"@id\":\"https:\\\/\\\/telepolice.be\\\/#\\\/schema\\\/person\\\/ca479b77454640f8f918dd017bd028bf\"},\"headline\":\"Libraire abattu : l&rsquo;UCM et Prodipresse r\u00e9clament le T\u00e9l\u00e9police lance une table ronde sur la s\u00e9curit\u00e9\",\"datePublished\":\"2009-08-01T11:30:40+00:00\",\"dateModified\":\"2019-05-09T10:53:47+00:00\",\"mainEntityOfPage\":{\"@id\":\"https:\\\/\\\/telepolice.be\\\/index.php\\\/2009\\\/08\\\/01\\\/libraire-abattu-lucm-et-prodipresse-reclament-le-telepolice-lance-une-table-ronde-sur-la-securite\\\/\"},\"wordCount\":262,\"commentCount\":0,\"publisher\":{\"@id\":\"https:\\\/\\\/telepolice.be\\\/#organization\"},\"articleSection\":[\"Revue De Presse\"],\"inLanguage\":\"fr-FR\",\"potentialAction\":[{\"@type\":\"CommentAction\",\"name\":\"Comment\",\"target\":[\"https:\\\/\\\/telepolice.be\\\/index.php\\\/2009\\\/08\\\/01\\\/libraire-abattu-lucm-et-prodipresse-reclament-le-telepolice-lance-une-table-ronde-sur-la-securite\\\/#respond\"]}]},{\"@type\":\"WebPage\",\"@id\":\"https:\\\/\\\/telepolice.be\\\/index.php\\\/2009\\\/08\\\/01\\\/libraire-abattu-lucm-et-prodipresse-reclament-le-telepolice-lance-une-table-ronde-sur-la-securite\\\/\",\"url\":\"https:\\\/\\\/telepolice.be\\\/index.php\\\/2009\\\/08\\\/01\\\/libraire-abattu-lucm-et-prodipresse-reclament-le-telepolice-lance-une-table-ronde-sur-la-securite\\\/\",\"name\":\"Libraire abattu : l'UCM et Prodipresse r\u00e9clament le T\u00e9l\u00e9police lance une table ronde sur la s\u00e9curit\u00e9 - TELEPOLICE\",\"isPartOf\":{\"@id\":\"https:\\\/\\\/telepolice.be\\\/#website\"},\"datePublished\":\"2009-08-01T11:30:40+00:00\",\"dateModified\":\"2019-05-09T10:53:47+00:00\",\"breadcrumb\":{\"@id\":\"https:\\\/\\\/telepolice.be\\\/index.php\\\/2009\\\/08\\\/01\\\/libraire-abattu-lucm-et-prodipresse-reclament-le-telepolice-lance-une-table-ronde-sur-la-securite\\\/#breadcrumb\"},\"inLanguage\":\"fr-FR\",\"potentialAction\":[{\"@type\":\"ReadAction\",\"target\":[\"https:\\\/\\\/telepolice.be\\\/index.php\\\/2009\\\/08\\\/01\\\/libraire-abattu-lucm-et-prodipresse-reclament-le-telepolice-lance-une-table-ronde-sur-la-securite\\\/\"]}]},{\"@type\":\"BreadcrumbList\",\"@id\":\"https:\\\/\\\/telepolice.be\\\/index.php\\\/2009\\\/08\\\/01\\\/libraire-abattu-lucm-et-prodipresse-reclament-le-telepolice-lance-une-table-ronde-sur-la-securite\\\/#breadcrumb\",\"itemListElement\":[{\"@type\":\"ListItem\",\"position\":1,\"name\":\"Accueil\",\"item\":\"https:\\\/\\\/telepolice.be\\\/\"},{\"@type\":\"ListItem\",\"position\":2,\"name\":\"Libraire abattu : l&rsquo;UCM et Prodipresse r\u00e9clament le T\u00e9l\u00e9police lance une table ronde sur la s\u00e9curit\u00e9\"}]},{\"@type\":\"WebSite\",\"@id\":\"https:\\\/\\\/telepolice.be\\\/#website\",\"url\":\"https:\\\/\\\/telepolice.be\\\/\",\"name\":\"TELEPOLICE\",\"description\":\"Prot\u00e9gez votre entreprise\",\"publisher\":{\"@id\":\"https:\\\/\\\/telepolice.be\\\/#organization\"},\"potentialAction\":[{\"@type\":\"SearchAction\",\"target\":{\"@type\":\"EntryPoint\",\"urlTemplate\":\"https:\\\/\\\/telepolice.be\\\/?s={search_term_string}\"},\"query-input\":{\"@type\":\"PropertyValueSpecification\",\"valueRequired\":true,\"valueName\":\"search_term_string\"}}],\"inLanguage\":\"fr-FR\"},{\"@type\":\"Organization\",\"@id\":\"https:\\\/\\\/telepolice.be\\\/#organization\",\"name\":\"TELE POLICE\",\"url\":\"https:\\\/\\\/telepolice.be\\\/\",\"logo\":{\"@type\":\"ImageObject\",\"inLanguage\":\"fr-FR\",\"@id\":\"https:\\\/\\\/telepolice.be\\\/#\\\/schema\\\/logo\\\/image\\\/\",\"url\":\"https:\\\/\\\/telepolice.be\\\/wp-content\\\/uploads\\\/2019\\\/04\\\/cropped-logotelepolice-3.png\",\"contentUrl\":\"https:\\\/\\\/telepolice.be\\\/wp-content\\\/uploads\\\/2019\\\/04\\\/cropped-logotelepolice-3.png\",\"width\":408,\"height\":65,\"caption\":\"TELE POLICE\"},\"image\":{\"@id\":\"https:\\\/\\\/telepolice.be\\\/#\\\/schema\\\/logo\\\/image\\\/\"}},{\"@type\":\"Person\",\"@id\":\"https:\\\/\\\/telepolice.be\\\/#\\\/schema\\\/person\\\/ca479b77454640f8f918dd017bd028bf\",\"name\":\"admin\",\"image\":{\"@type\":\"ImageObject\",\"inLanguage\":\"fr-FR\",\"@id\":\"https:\\\/\\\/secure.gravatar.com\\\/avatar\\\/dd9167fd60efcd6c24559ffa4f391e918347b9cf398a5593e29d658b4ae5d443?s=96&d=mm&r=g\",\"url\":\"https:\\\/\\\/secure.gravatar.com\\\/avatar\\\/dd9167fd60efcd6c24559ffa4f391e918347b9cf398a5593e29d658b4ae5d443?s=96&d=mm&r=g\",\"contentUrl\":\"https:\\\/\\\/secure.gravatar.com\\\/avatar\\\/dd9167fd60efcd6c24559ffa4f391e918347b9cf398a5593e29d658b4ae5d443?s=96&d=mm&r=g\",\"caption\":\"admin\"},\"url\":\"https:\\\/\\\/telepolice.be\\\/index.php\\\/author\\\/web_telepolice\\\/\"}]}<\/script>\n<!-- \/ Yoast SEO plugin. -->","yoast_head_json":{"title":"Libraire abattu : l'UCM et Prodipresse r\u00e9clament le T\u00e9l\u00e9police lance une table ronde sur la s\u00e9curit\u00e9 - TELEPOLICE","robots":{"index":"index","follow":"follow","max-snippet":"max-snippet:-1","max-image-preview":"max-image-preview:large","max-video-preview":"max-video-preview:-1"},"canonical":"https:\/\/telepolice.be\/index.php\/2009\/08\/01\/libraire-abattu-lucm-et-prodipresse-reclament-le-telepolice-lance-une-table-ronde-sur-la-securite\/","og_locale":"fr_FR","og_type":"article","og_title":"Libraire abattu : l'UCM et Prodipresse r\u00e9clament le T\u00e9l\u00e9police lance une table ronde sur la s\u00e9curit\u00e9 - TELEPOLICE","og_description":"Prodipresse et l&rsquo;Union des Classes moyennes rappellent que l&rsquo;\u00e9pouse de la victime avait \u00e9t\u00e9 agress\u00e9e il y a moins de deux semaines BRUXELLES\u00a0A la suite du braquage lundi soir \u00e0 Houdeng-Aimeries qui a co\u00fbt\u00e9 la vie \u00e0 un libraire, Prodipresse, l&rsquo;association des diffuseurs de presse, et l&rsquo;UCM r\u00e9clament mardi une table ronde sur la s\u00e9curit\u00e9&hellip; Lire la suite","og_url":"https:\/\/telepolice.be\/index.php\/2009\/08\/01\/libraire-abattu-lucm-et-prodipresse-reclament-le-telepolice-lance-une-table-ronde-sur-la-securite\/","og_site_name":"TELEPOLICE","article_published_time":"2009-08-01T11:30:40+00:00","article_modified_time":"2019-05-09T10:53:47+00:00","author":"admin","twitter_card":"summary_large_image","twitter_misc":{"\u00c9crit par":"admin","Dur\u00e9e de lecture estim\u00e9e":"1 minute"},"schema":{"@context":"https:\/\/schema.org","@graph":[{"@type":"Article","@id":"https:\/\/telepolice.be\/index.php\/2009\/08\/01\/libraire-abattu-lucm-et-prodipresse-reclament-le-telepolice-lance-une-table-ronde-sur-la-securite\/#article","isPartOf":{"@id":"https:\/\/telepolice.be\/index.php\/2009\/08\/01\/libraire-abattu-lucm-et-prodipresse-reclament-le-telepolice-lance-une-table-ronde-sur-la-securite\/"},"author":{"name":"admin","@id":"https:\/\/telepolice.be\/#\/schema\/person\/ca479b77454640f8f918dd017bd028bf"},"headline":"Libraire abattu : l&rsquo;UCM et Prodipresse r\u00e9clament le T\u00e9l\u00e9police lance une table ronde sur la s\u00e9curit\u00e9","datePublished":"2009-08-01T11:30:40+00:00","dateModified":"2019-05-09T10:53:47+00:00","mainEntityOfPage":{"@id":"https:\/\/telepolice.be\/index.php\/2009\/08\/01\/libraire-abattu-lucm-et-prodipresse-reclament-le-telepolice-lance-une-table-ronde-sur-la-securite\/"},"wordCount":262,"commentCount":0,"publisher":{"@id":"https:\/\/telepolice.be\/#organization"},"articleSection":["Revue De Presse"],"inLanguage":"fr-FR","potentialAction":[{"@type":"CommentAction","name":"Comment","target":["https:\/\/telepolice.be\/index.php\/2009\/08\/01\/libraire-abattu-lucm-et-prodipresse-reclament-le-telepolice-lance-une-table-ronde-sur-la-securite\/#respond"]}]},{"@type":"WebPage","@id":"https:\/\/telepolice.be\/index.php\/2009\/08\/01\/libraire-abattu-lucm-et-prodipresse-reclament-le-telepolice-lance-une-table-ronde-sur-la-securite\/","url":"https:\/\/telepolice.be\/index.php\/2009\/08\/01\/libraire-abattu-lucm-et-prodipresse-reclament-le-telepolice-lance-une-table-ronde-sur-la-securite\/","name":"Libraire abattu : l'UCM et Prodipresse r\u00e9clament le T\u00e9l\u00e9police lance une table ronde sur la s\u00e9curit\u00e9 - TELEPOLICE","isPartOf":{"@id":"https:\/\/telepolice.be\/#website"},"datePublished":"2009-08-01T11:30:40+00:00","dateModified":"2019-05-09T10:53:47+00:00","breadcrumb":{"@id":"https:\/\/telepolice.be\/index.php\/2009\/08\/01\/libraire-abattu-lucm-et-prodipresse-reclament-le-telepolice-lance-une-table-ronde-sur-la-securite\/#breadcrumb"},"inLanguage":"fr-FR","potentialAction":[{"@type":"ReadAction","target":["https:\/\/telepolice.be\/index.php\/2009\/08\/01\/libraire-abattu-lucm-et-prodipresse-reclament-le-telepolice-lance-une-table-ronde-sur-la-securite\/"]}]},{"@type":"BreadcrumbList","@id":"https:\/\/telepolice.be\/index.php\/2009\/08\/01\/libraire-abattu-lucm-et-prodipresse-reclament-le-telepolice-lance-une-table-ronde-sur-la-securite\/#breadcrumb","itemListElement":[{"@type":"ListItem","position":1,"name":"Accueil","item":"https:\/\/telepolice.be\/"},{"@type":"ListItem","position":2,"name":"Libraire abattu : l&rsquo;UCM et Prodipresse r\u00e9clament le T\u00e9l\u00e9police lance une table ronde sur la s\u00e9curit\u00e9"}]},{"@type":"WebSite","@id":"https:\/\/telepolice.be\/#website","url":"https:\/\/telepolice.be\/","name":"TELEPOLICE","description":"Prot\u00e9gez votre entreprise","publisher":{"@id":"https:\/\/telepolice.be\/#organization"},"potentialAction":[{"@type":"SearchAction","target":{"@type":"EntryPoint","urlTemplate":"https:\/\/telepolice.be\/?s={search_term_string}"},"query-input":{"@type":"PropertyValueSpecification","valueRequired":true,"valueName":"search_term_string"}}],"inLanguage":"fr-FR"},{"@type":"Organization","@id":"https:\/\/telepolice.be\/#organization","name":"TELE POLICE","url":"https:\/\/telepolice.be\/","logo":{"@type":"ImageObject","inLanguage":"fr-FR","@id":"https:\/\/telepolice.be\/#\/schema\/logo\/image\/","url":"https:\/\/telepolice.be\/wp-content\/uploads\/2019\/04\/cropped-logotelepolice-3.png","contentUrl":"https:\/\/telepolice.be\/wp-content\/uploads\/2019\/04\/cropped-logotelepolice-3.png","width":408,"height":65,"caption":"TELE POLICE"},"image":{"@id":"https:\/\/telepolice.be\/#\/schema\/logo\/image\/"}},{"@type":"Person","@id":"https:\/\/telepolice.be\/#\/schema\/person\/ca479b77454640f8f918dd017bd028bf","name":"admin","image":{"@type":"ImageObject","inLanguage":"fr-FR","@id":"https:\/\/secure.gravatar.com\/avatar\/dd9167fd60efcd6c24559ffa4f391e918347b9cf398a5593e29d658b4ae5d443?s=96&d=mm&r=g","url":"https:\/\/secure.gravatar.com\/avatar\/dd9167fd60efcd6c24559ffa4f391e918347b9cf398a5593e29d658b4ae5d443?s=96&d=mm&r=g","contentUrl":"https:\/\/secure.gravatar.com\/avatar\/dd9167fd60efcd6c24559ffa4f391e918347b9cf398a5593e29d658b4ae5d443?s=96&d=mm&r=g","caption":"admin"},"url":"https:\/\/telepolice.be\/index.php\/author\/web_telepolice\/"}]}},"_links":{"self":[{"href":"https:\/\/telepolice.be\/index.php\/wp-json\/wp\/v2\/posts\/739","targetHints":{"allow":["GET"]}}],"collection":[{"href":"https:\/\/telepolice.be\/index.php\/wp-json\/wp\/v2\/posts"}],"about":[{"href":"https:\/\/telepolice.be\/index.php\/wp-json\/wp\/v2\/types\/post"}],"author":[{"embeddable":true,"href":"https:\/\/telepolice.be\/index.php\/wp-json\/wp\/v2\/users\/1"}],"replies":[{"embeddable":true,"href":"https:\/\/telepolice.be\/index.php\/wp-json\/wp\/v2\/comments?post=739"}],"version-history":[{"count":3,"href":"https:\/\/telepolice.be\/index.php\/wp-json\/wp\/v2\/posts\/739\/revisions"}],"predecessor-version":[{"id":2661,"href":"https:\/\/telepolice.be\/index.php\/wp-json\/wp\/v2\/posts\/739\/revisions\/2661"}],"wp:attachment":[{"href":"https:\/\/telepolice.be\/index.php\/wp-json\/wp\/v2\/media?parent=739"}],"wp:term":[{"taxonomy":"category","embeddable":true,"href":"https:\/\/telepolice.be\/index.php\/wp-json\/wp\/v2\/categories?post=739"},{"taxonomy":"post_tag","embeddable":true,"href":"https:\/\/telepolice.be\/index.php\/wp-json\/wp\/v2\/tags?post=739"}],"curies":[{"name":"wp","href":"https:\/\/api.w.org\/{rel}","templated":true}]}}