{"id":734,"date":"2019-04-01T11:15:37","date_gmt":"2019-04-01T11:15:37","guid":{"rendered":"https:\/\/telepolice.be\/index.php\/2019\/04\/01\/menace-de-mort-le-juge-dierickx-beneficiera-dune-premiere-telepolice-vision-dans-un-tribunal\/"},"modified":"2019-05-09T11:35:37","modified_gmt":"2019-05-09T09:35:37","slug":"menace-de-mort-le-juge-dierickx-beneficiera-dune-premiere-telepolice-vision-dans-un-tribunal","status":"publish","type":"post","link":"https:\/\/telepolice.be\/index.php\/2019\/04\/01\/menace-de-mort-le-juge-dierickx-beneficiera-dune-premiere-telepolice-vision-dans-un-tribunal\/","title":{"rendered":"Menac\u00e9 de mort, le juge Dierickx b\u00e9n\u00e9ficiera d\u2019une premi\u00e8re : T\u00e9l\u00e9police Vision dans un tribunal"},"content":{"rendered":"<p><strong>S\u00c9CURIT\u00c9 SCHAERBEEK<\/strong> Le juge de paix de Schaerbeek Eric Dierickx, qui se plaignait d\u2019avoir \u00e9t\u00e9 menac\u00e9 de mort \u00e0 plusieurs reprises et avait annonc\u00e9 qu\u2019il ne si\u00e9gerait plus s\u2019il n\u2019obtenait pas une pr\u00e9sence polici\u00e8re, b\u00e9n\u00e9ficie depuis cette semaine d\u2019une premi\u00e8re en Belgique.<\/p>\n<p>Le syst\u00e8me T\u00e9l\u00e9Police Vision a \u00e9t\u00e9 install\u00e9 dans sa salle d\u2019audience et est d\u00e8s \u00e0 pr\u00e9sent op\u00e9rationnel, nous confirme-t-on au si\u00e8ge de la firme.<\/p>\n<p>Le SPF Justice ne disposait pourtant pas des cr\u00e9dits n\u00e9cessaires : puisque aucun budget ne pouvait \u00eatre d\u00e9bloqu\u00e9, la firme am\u00e9ricaine,\u00a0 a d\u00e9cid\u00e9\u2026 d\u2019en faire cadeau.<\/p>\n<p>Le syst\u00e8me T\u00e9l\u00e9Police Vision de derni\u00e8re g\u00e9n\u00e9ration plac\u00e9 dans la salle d\u2019audience de la justice de paix de la rue Royale, \u00e0 Schaerbeek, est identique \u00e0 celui qui \u00e9quipe plus d\u2019un millier de commerces en Wallonie et \u00e0 Bruxelles.<\/p>\n<p>Pour la premi\u00e8re fois en Belgique , un tel syst\u00e8me est install\u00e9 dans une salle d\u2019audience. Il est directement reli\u00e9 \u00e0 la zone de police Bruxelles-Nord, laquelle avait d\u00e9j\u00e0 \u00e9t\u00e9 la premi\u00e8re en 2009 \u00e0 l\u2019adopter en R\u00e9gion bruxelloise, et \u00e0 la promouvoir aupr\u00e8s des commer\u00e7ants de Saint-Josse, Schaerbeek et Evere.<\/p>\n<p>En deux ans, la criminalit\u00e9 a fortement recul\u00e9. Le\u00e7on du drame de la Fabeltjesland \u00e0 Termonde : c\u2019est aussi \u00e0 Schaerbeek que se trouve la premi\u00e8re cr\u00e8che pour petits enfants \u00e9quip\u00e9e de la m\u00eame technologie.<\/p>\n<p>Le 14 novembre, le juge de paix Eric Dierickx avait encore une fois subi des menaces de mort. Le juge schaerbeekois avait publiquement regrett\u00e9 que le ministre de la Justice, qui avait promis de prendre des mesures apr\u00e8s le drame de la justice de paix de Bruxelles \u2013 faute de moyens budg\u00e9taires certes \u2013 n\u2019avait en r\u00e9alit\u00e9\u2026 rien fait.<\/p>\n<p>Au cours de ce drame, survenu l\u2019ann\u00e9e derni\u00e8re, une juge de paix bruxelloise et son greffier avaient \u00e9t\u00e9 tu\u00e9s par un d\u00e9s\u00e9quilibr\u00e9 en plein tribunal. Depuis lors, l\u2019argent n\u2019est toujours pas l\u00e0 mais le priv\u00e9, qui a sans doute des int\u00e9r\u00eats, a propos\u00e9 de faire ce cadeau. Sur le principe , la cam\u00e9ra install\u00e9e dans la salle d\u2019audiences est dirig\u00e9e sur le juge, et donc pas sur le public. Elle ne devient active que lorsque le magistrat, qui d\u00e9tient la t\u00e9l\u00e9commande, et seulement si et quand le magistrat le d\u00e9cide.<\/p>\n<p>T\u00e9l\u00e9Police Vision ne fonctionne pas en permanence. Il n\u2019enregistre pas les proc\u00e8s.<\/p>\n<p><strong>Gilbert Dupont<\/strong><\/p>\n","protected":false},"excerpt":{"rendered":"<p>S\u00c9CURIT\u00c9 SCHAERBEEK Le juge de paix de Schaerbeek Eric Dierickx, qui se plaignait d\u2019avoir \u00e9t\u00e9 menac\u00e9 de mort \u00e0 plusieurs reprises et avait annonc\u00e9 qu\u2019il ne si\u00e9gerait plus s\u2019il n\u2019obtenait pas une pr\u00e9sence polici\u00e8re, b\u00e9n\u00e9ficie depuis cette semaine d\u2019une premi\u00e8re en Belgique. Le syst\u00e8me T\u00e9l\u00e9Police Vision a \u00e9t\u00e9 install\u00e9 dans sa salle d\u2019audience et est&hellip; <br \/> <a class=\"read-more\" href=\"https:\/\/telepolice.be\/index.php\/2019\/04\/01\/menace-de-mort-le-juge-dierickx-beneficiera-dune-premiere-telepolice-vision-dans-un-tribunal\/\">Lire la suite<\/a><\/p>\n","protected":false},"author":1,"featured_media":0,"comment_status":"open","ping_status":"closed","sticky":false,"template":"","format":"standard","meta":{"footnotes":""},"categories":[6],"tags":[],"class_list":["post-734","post","type-post","status-publish","format-standard","hentry","category-revue-de-presse"],"yoast_head":"<!-- This site is optimized with the Yoast SEO plugin v27.5 - https:\/\/yoast.com\/product\/yoast-seo-wordpress\/ -->\n<title>Menac\u00e9 de mort, le juge Dierickx b\u00e9n\u00e9ficiera d\u2019une premi\u00e8re : T\u00e9l\u00e9police Vision dans un tribunal - TELEPOLICE<\/title>\n<meta name=\"robots\" content=\"index, follow, max-snippet:-1, max-image-preview:large, max-video-preview:-1\" \/>\n<link rel=\"canonical\" href=\"https:\/\/telepolice.be\/index.php\/2019\/04\/01\/menace-de-mort-le-juge-dierickx-beneficiera-dune-premiere-telepolice-vision-dans-un-tribunal\/\" \/>\n<meta property=\"og:locale\" content=\"fr_FR\" \/>\n<meta property=\"og:type\" content=\"article\" \/>\n<meta property=\"og:title\" content=\"Menac\u00e9 de mort, le juge Dierickx b\u00e9n\u00e9ficiera d\u2019une premi\u00e8re : T\u00e9l\u00e9police Vision dans un tribunal - TELEPOLICE\" \/>\n<meta property=\"og:description\" content=\"S\u00c9CURIT\u00c9 SCHAERBEEK Le juge de paix de Schaerbeek Eric Dierickx, qui se plaignait d\u2019avoir \u00e9t\u00e9 menac\u00e9 de mort \u00e0 plusieurs reprises et avait annonc\u00e9 qu\u2019il ne si\u00e9gerait plus s\u2019il n\u2019obtenait pas une pr\u00e9sence polici\u00e8re, b\u00e9n\u00e9ficie depuis cette semaine d\u2019une premi\u00e8re en Belgique. Le syst\u00e8me T\u00e9l\u00e9Police Vision a \u00e9t\u00e9 install\u00e9 dans sa salle d\u2019audience et est&hellip; Lire la suite\" \/>\n<meta property=\"og:url\" content=\"https:\/\/telepolice.be\/index.php\/2019\/04\/01\/menace-de-mort-le-juge-dierickx-beneficiera-dune-premiere-telepolice-vision-dans-un-tribunal\/\" \/>\n<meta property=\"og:site_name\" content=\"TELEPOLICE\" \/>\n<meta property=\"article:published_time\" content=\"2019-04-01T11:15:37+00:00\" \/>\n<meta property=\"article:modified_time\" content=\"2019-05-09T09:35:37+00:00\" \/>\n<meta name=\"author\" content=\"admin\" \/>\n<meta name=\"twitter:card\" content=\"summary_large_image\" \/>\n<meta name=\"twitter:label1\" content=\"\u00c9crit par\" \/>\n\t<meta name=\"twitter:data1\" content=\"admin\" \/>\n\t<meta name=\"twitter:label2\" content=\"Dur\u00e9e de lecture estim\u00e9e\" \/>\n\t<meta name=\"twitter:data2\" content=\"2 minutes\" \/>\n<script type=\"application\/ld+json\" class=\"yoast-schema-graph\">{\"@context\":\"https:\\\/\\\/schema.org\",\"@graph\":[{\"@type\":\"Article\",\"@id\":\"https:\\\/\\\/telepolice.be\\\/index.php\\\/2019\\\/04\\\/01\\\/menace-de-mort-le-juge-dierickx-beneficiera-dune-premiere-telepolice-vision-dans-un-tribunal\\\/#article\",\"isPartOf\":{\"@id\":\"https:\\\/\\\/telepolice.be\\\/index.php\\\/2019\\\/04\\\/01\\\/menace-de-mort-le-juge-dierickx-beneficiera-dune-premiere-telepolice-vision-dans-un-tribunal\\\/\"},\"author\":{\"name\":\"admin\",\"@id\":\"https:\\\/\\\/telepolice.be\\\/#\\\/schema\\\/person\\\/ca479b77454640f8f918dd017bd028bf\"},\"headline\":\"Menac\u00e9 de mort, le juge Dierickx b\u00e9n\u00e9ficiera d\u2019une premi\u00e8re : T\u00e9l\u00e9police Vision dans un tribunal\",\"datePublished\":\"2019-04-01T11:15:37+00:00\",\"dateModified\":\"2019-05-09T09:35:37+00:00\",\"mainEntityOfPage\":{\"@id\":\"https:\\\/\\\/telepolice.be\\\/index.php\\\/2019\\\/04\\\/01\\\/menace-de-mort-le-juge-dierickx-beneficiera-dune-premiere-telepolice-vision-dans-un-tribunal\\\/\"},\"wordCount\":457,\"commentCount\":0,\"publisher\":{\"@id\":\"https:\\\/\\\/telepolice.be\\\/#organization\"},\"articleSection\":[\"Revue De Presse\"],\"inLanguage\":\"fr-FR\",\"potentialAction\":[{\"@type\":\"CommentAction\",\"name\":\"Comment\",\"target\":[\"https:\\\/\\\/telepolice.be\\\/index.php\\\/2019\\\/04\\\/01\\\/menace-de-mort-le-juge-dierickx-beneficiera-dune-premiere-telepolice-vision-dans-un-tribunal\\\/#respond\"]}]},{\"@type\":\"WebPage\",\"@id\":\"https:\\\/\\\/telepolice.be\\\/index.php\\\/2019\\\/04\\\/01\\\/menace-de-mort-le-juge-dierickx-beneficiera-dune-premiere-telepolice-vision-dans-un-tribunal\\\/\",\"url\":\"https:\\\/\\\/telepolice.be\\\/index.php\\\/2019\\\/04\\\/01\\\/menace-de-mort-le-juge-dierickx-beneficiera-dune-premiere-telepolice-vision-dans-un-tribunal\\\/\",\"name\":\"Menac\u00e9 de mort, le juge Dierickx b\u00e9n\u00e9ficiera d\u2019une premi\u00e8re : T\u00e9l\u00e9police Vision dans un tribunal - TELEPOLICE\",\"isPartOf\":{\"@id\":\"https:\\\/\\\/telepolice.be\\\/#website\"},\"datePublished\":\"2019-04-01T11:15:37+00:00\",\"dateModified\":\"2019-05-09T09:35:37+00:00\",\"breadcrumb\":{\"@id\":\"https:\\\/\\\/telepolice.be\\\/index.php\\\/2019\\\/04\\\/01\\\/menace-de-mort-le-juge-dierickx-beneficiera-dune-premiere-telepolice-vision-dans-un-tribunal\\\/#breadcrumb\"},\"inLanguage\":\"fr-FR\",\"potentialAction\":[{\"@type\":\"ReadAction\",\"target\":[\"https:\\\/\\\/telepolice.be\\\/index.php\\\/2019\\\/04\\\/01\\\/menace-de-mort-le-juge-dierickx-beneficiera-dune-premiere-telepolice-vision-dans-un-tribunal\\\/\"]}]},{\"@type\":\"BreadcrumbList\",\"@id\":\"https:\\\/\\\/telepolice.be\\\/index.php\\\/2019\\\/04\\\/01\\\/menace-de-mort-le-juge-dierickx-beneficiera-dune-premiere-telepolice-vision-dans-un-tribunal\\\/#breadcrumb\",\"itemListElement\":[{\"@type\":\"ListItem\",\"position\":1,\"name\":\"Accueil\",\"item\":\"https:\\\/\\\/telepolice.be\\\/\"},{\"@type\":\"ListItem\",\"position\":2,\"name\":\"Menac\u00e9 de mort, le juge Dierickx b\u00e9n\u00e9ficiera d\u2019une premi\u00e8re : T\u00e9l\u00e9police Vision dans un tribunal\"}]},{\"@type\":\"WebSite\",\"@id\":\"https:\\\/\\\/telepolice.be\\\/#website\",\"url\":\"https:\\\/\\\/telepolice.be\\\/\",\"name\":\"TELEPOLICE\",\"description\":\"Prot\u00e9gez votre entreprise\",\"publisher\":{\"@id\":\"https:\\\/\\\/telepolice.be\\\/#organization\"},\"potentialAction\":[{\"@type\":\"SearchAction\",\"target\":{\"@type\":\"EntryPoint\",\"urlTemplate\":\"https:\\\/\\\/telepolice.be\\\/?s={search_term_string}\"},\"query-input\":{\"@type\":\"PropertyValueSpecification\",\"valueRequired\":true,\"valueName\":\"search_term_string\"}}],\"inLanguage\":\"fr-FR\"},{\"@type\":\"Organization\",\"@id\":\"https:\\\/\\\/telepolice.be\\\/#organization\",\"name\":\"TELE POLICE\",\"url\":\"https:\\\/\\\/telepolice.be\\\/\",\"logo\":{\"@type\":\"ImageObject\",\"inLanguage\":\"fr-FR\",\"@id\":\"https:\\\/\\\/telepolice.be\\\/#\\\/schema\\\/logo\\\/image\\\/\",\"url\":\"https:\\\/\\\/telepolice.be\\\/wp-content\\\/uploads\\\/2019\\\/04\\\/cropped-logotelepolice-3.png\",\"contentUrl\":\"https:\\\/\\\/telepolice.be\\\/wp-content\\\/uploads\\\/2019\\\/04\\\/cropped-logotelepolice-3.png\",\"width\":408,\"height\":65,\"caption\":\"TELE POLICE\"},\"image\":{\"@id\":\"https:\\\/\\\/telepolice.be\\\/#\\\/schema\\\/logo\\\/image\\\/\"}},{\"@type\":\"Person\",\"@id\":\"https:\\\/\\\/telepolice.be\\\/#\\\/schema\\\/person\\\/ca479b77454640f8f918dd017bd028bf\",\"name\":\"admin\",\"image\":{\"@type\":\"ImageObject\",\"inLanguage\":\"fr-FR\",\"@id\":\"https:\\\/\\\/secure.gravatar.com\\\/avatar\\\/dd9167fd60efcd6c24559ffa4f391e918347b9cf398a5593e29d658b4ae5d443?s=96&d=mm&r=g\",\"url\":\"https:\\\/\\\/secure.gravatar.com\\\/avatar\\\/dd9167fd60efcd6c24559ffa4f391e918347b9cf398a5593e29d658b4ae5d443?s=96&d=mm&r=g\",\"contentUrl\":\"https:\\\/\\\/secure.gravatar.com\\\/avatar\\\/dd9167fd60efcd6c24559ffa4f391e918347b9cf398a5593e29d658b4ae5d443?s=96&d=mm&r=g\",\"caption\":\"admin\"},\"url\":\"https:\\\/\\\/telepolice.be\\\/index.php\\\/author\\\/web_telepolice\\\/\"}]}<\/script>\n<!-- \/ Yoast SEO plugin. -->","yoast_head_json":{"title":"Menac\u00e9 de mort, le juge Dierickx b\u00e9n\u00e9ficiera d\u2019une premi\u00e8re : T\u00e9l\u00e9police Vision dans un tribunal - TELEPOLICE","robots":{"index":"index","follow":"follow","max-snippet":"max-snippet:-1","max-image-preview":"max-image-preview:large","max-video-preview":"max-video-preview:-1"},"canonical":"https:\/\/telepolice.be\/index.php\/2019\/04\/01\/menace-de-mort-le-juge-dierickx-beneficiera-dune-premiere-telepolice-vision-dans-un-tribunal\/","og_locale":"fr_FR","og_type":"article","og_title":"Menac\u00e9 de mort, le juge Dierickx b\u00e9n\u00e9ficiera d\u2019une premi\u00e8re : T\u00e9l\u00e9police Vision dans un tribunal - TELEPOLICE","og_description":"S\u00c9CURIT\u00c9 SCHAERBEEK Le juge de paix de Schaerbeek Eric Dierickx, qui se plaignait d\u2019avoir \u00e9t\u00e9 menac\u00e9 de mort \u00e0 plusieurs reprises et avait annonc\u00e9 qu\u2019il ne si\u00e9gerait plus s\u2019il n\u2019obtenait pas une pr\u00e9sence polici\u00e8re, b\u00e9n\u00e9ficie depuis cette semaine d\u2019une premi\u00e8re en Belgique. Le syst\u00e8me T\u00e9l\u00e9Police Vision a \u00e9t\u00e9 install\u00e9 dans sa salle d\u2019audience et est&hellip; Lire la suite","og_url":"https:\/\/telepolice.be\/index.php\/2019\/04\/01\/menace-de-mort-le-juge-dierickx-beneficiera-dune-premiere-telepolice-vision-dans-un-tribunal\/","og_site_name":"TELEPOLICE","article_published_time":"2019-04-01T11:15:37+00:00","article_modified_time":"2019-05-09T09:35:37+00:00","author":"admin","twitter_card":"summary_large_image","twitter_misc":{"\u00c9crit par":"admin","Dur\u00e9e de lecture estim\u00e9e":"2 minutes"},"schema":{"@context":"https:\/\/schema.org","@graph":[{"@type":"Article","@id":"https:\/\/telepolice.be\/index.php\/2019\/04\/01\/menace-de-mort-le-juge-dierickx-beneficiera-dune-premiere-telepolice-vision-dans-un-tribunal\/#article","isPartOf":{"@id":"https:\/\/telepolice.be\/index.php\/2019\/04\/01\/menace-de-mort-le-juge-dierickx-beneficiera-dune-premiere-telepolice-vision-dans-un-tribunal\/"},"author":{"name":"admin","@id":"https:\/\/telepolice.be\/#\/schema\/person\/ca479b77454640f8f918dd017bd028bf"},"headline":"Menac\u00e9 de mort, le juge Dierickx b\u00e9n\u00e9ficiera d\u2019une premi\u00e8re : T\u00e9l\u00e9police Vision dans un tribunal","datePublished":"2019-04-01T11:15:37+00:00","dateModified":"2019-05-09T09:35:37+00:00","mainEntityOfPage":{"@id":"https:\/\/telepolice.be\/index.php\/2019\/04\/01\/menace-de-mort-le-juge-dierickx-beneficiera-dune-premiere-telepolice-vision-dans-un-tribunal\/"},"wordCount":457,"commentCount":0,"publisher":{"@id":"https:\/\/telepolice.be\/#organization"},"articleSection":["Revue De Presse"],"inLanguage":"fr-FR","potentialAction":[{"@type":"CommentAction","name":"Comment","target":["https:\/\/telepolice.be\/index.php\/2019\/04\/01\/menace-de-mort-le-juge-dierickx-beneficiera-dune-premiere-telepolice-vision-dans-un-tribunal\/#respond"]}]},{"@type":"WebPage","@id":"https:\/\/telepolice.be\/index.php\/2019\/04\/01\/menace-de-mort-le-juge-dierickx-beneficiera-dune-premiere-telepolice-vision-dans-un-tribunal\/","url":"https:\/\/telepolice.be\/index.php\/2019\/04\/01\/menace-de-mort-le-juge-dierickx-beneficiera-dune-premiere-telepolice-vision-dans-un-tribunal\/","name":"Menac\u00e9 de mort, le juge Dierickx b\u00e9n\u00e9ficiera d\u2019une premi\u00e8re : T\u00e9l\u00e9police Vision dans un tribunal - TELEPOLICE","isPartOf":{"@id":"https:\/\/telepolice.be\/#website"},"datePublished":"2019-04-01T11:15:37+00:00","dateModified":"2019-05-09T09:35:37+00:00","breadcrumb":{"@id":"https:\/\/telepolice.be\/index.php\/2019\/04\/01\/menace-de-mort-le-juge-dierickx-beneficiera-dune-premiere-telepolice-vision-dans-un-tribunal\/#breadcrumb"},"inLanguage":"fr-FR","potentialAction":[{"@type":"ReadAction","target":["https:\/\/telepolice.be\/index.php\/2019\/04\/01\/menace-de-mort-le-juge-dierickx-beneficiera-dune-premiere-telepolice-vision-dans-un-tribunal\/"]}]},{"@type":"BreadcrumbList","@id":"https:\/\/telepolice.be\/index.php\/2019\/04\/01\/menace-de-mort-le-juge-dierickx-beneficiera-dune-premiere-telepolice-vision-dans-un-tribunal\/#breadcrumb","itemListElement":[{"@type":"ListItem","position":1,"name":"Accueil","item":"https:\/\/telepolice.be\/"},{"@type":"ListItem","position":2,"name":"Menac\u00e9 de mort, le juge Dierickx b\u00e9n\u00e9ficiera d\u2019une premi\u00e8re : T\u00e9l\u00e9police Vision dans un tribunal"}]},{"@type":"WebSite","@id":"https:\/\/telepolice.be\/#website","url":"https:\/\/telepolice.be\/","name":"TELEPOLICE","description":"Prot\u00e9gez votre entreprise","publisher":{"@id":"https:\/\/telepolice.be\/#organization"},"potentialAction":[{"@type":"SearchAction","target":{"@type":"EntryPoint","urlTemplate":"https:\/\/telepolice.be\/?s={search_term_string}"},"query-input":{"@type":"PropertyValueSpecification","valueRequired":true,"valueName":"search_term_string"}}],"inLanguage":"fr-FR"},{"@type":"Organization","@id":"https:\/\/telepolice.be\/#organization","name":"TELE POLICE","url":"https:\/\/telepolice.be\/","logo":{"@type":"ImageObject","inLanguage":"fr-FR","@id":"https:\/\/telepolice.be\/#\/schema\/logo\/image\/","url":"https:\/\/telepolice.be\/wp-content\/uploads\/2019\/04\/cropped-logotelepolice-3.png","contentUrl":"https:\/\/telepolice.be\/wp-content\/uploads\/2019\/04\/cropped-logotelepolice-3.png","width":408,"height":65,"caption":"TELE POLICE"},"image":{"@id":"https:\/\/telepolice.be\/#\/schema\/logo\/image\/"}},{"@type":"Person","@id":"https:\/\/telepolice.be\/#\/schema\/person\/ca479b77454640f8f918dd017bd028bf","name":"admin","image":{"@type":"ImageObject","inLanguage":"fr-FR","@id":"https:\/\/secure.gravatar.com\/avatar\/dd9167fd60efcd6c24559ffa4f391e918347b9cf398a5593e29d658b4ae5d443?s=96&d=mm&r=g","url":"https:\/\/secure.gravatar.com\/avatar\/dd9167fd60efcd6c24559ffa4f391e918347b9cf398a5593e29d658b4ae5d443?s=96&d=mm&r=g","contentUrl":"https:\/\/secure.gravatar.com\/avatar\/dd9167fd60efcd6c24559ffa4f391e918347b9cf398a5593e29d658b4ae5d443?s=96&d=mm&r=g","caption":"admin"},"url":"https:\/\/telepolice.be\/index.php\/author\/web_telepolice\/"}]}},"_links":{"self":[{"href":"https:\/\/telepolice.be\/index.php\/wp-json\/wp\/v2\/posts\/734","targetHints":{"allow":["GET"]}}],"collection":[{"href":"https:\/\/telepolice.be\/index.php\/wp-json\/wp\/v2\/posts"}],"about":[{"href":"https:\/\/telepolice.be\/index.php\/wp-json\/wp\/v2\/types\/post"}],"author":[{"embeddable":true,"href":"https:\/\/telepolice.be\/index.php\/wp-json\/wp\/v2\/users\/1"}],"replies":[{"embeddable":true,"href":"https:\/\/telepolice.be\/index.php\/wp-json\/wp\/v2\/comments?post=734"}],"version-history":[{"count":5,"href":"https:\/\/telepolice.be\/index.php\/wp-json\/wp\/v2\/posts\/734\/revisions"}],"predecessor-version":[{"id":2638,"href":"https:\/\/telepolice.be\/index.php\/wp-json\/wp\/v2\/posts\/734\/revisions\/2638"}],"wp:attachment":[{"href":"https:\/\/telepolice.be\/index.php\/wp-json\/wp\/v2\/media?parent=734"}],"wp:term":[{"taxonomy":"category","embeddable":true,"href":"https:\/\/telepolice.be\/index.php\/wp-json\/wp\/v2\/categories?post=734"},{"taxonomy":"post_tag","embeddable":true,"href":"https:\/\/telepolice.be\/index.php\/wp-json\/wp\/v2\/tags?post=734"}],"curies":[{"name":"wp","href":"https:\/\/api.w.org\/{rel}","templated":true}]}}