{"id":672,"date":"2010-01-03T11:01:06","date_gmt":"2010-01-03T11:01:06","guid":{"rendered":"https:\/\/telepolice.be\/index.php\/2019\/04\/01\/il-braquait-des-pharmacies-en-serie\/"},"modified":"2019-05-09T15:24:54","modified_gmt":"2019-05-09T13:24:54","slug":"il-braquait-des-pharmacies-en-serie","status":"publish","type":"post","link":"https:\/\/telepolice.be\/index.php\/2010\/01\/03\/il-braquait-des-pharmacies-en-serie\/","title":{"rendered":"Il braquait des pharmacies en s\u00e9rie"},"content":{"rendered":"<p><b>Abdelkarim, 35 ans, \u00e9tait connu pour 55 faits. Entretiens avec ses victimes<\/b><\/p>\n<p><b>ARRESTATION BRUXELLES\/IXELLES\/ETTERBEEK\/MOLENBEEK<\/b> Il n\u2019y a pas que la zone Nord qui a \u00e9t\u00e9 confront\u00e9e, r\u00e9cemment, \u00e0 une vague de vols \u00e0 main arm\u00e9e. La zone Bruxelles-Ixelles \u00e9galement, depuis fin f\u00e9vrier, connaissait sur ses communes une s\u00e9rie noire inhabituelle de petits braquages, tous, ciblant des pharmacies. Tous selon un m\u00eame modus operandi.<\/p>\n<p>Seuls deux autres faits ont \u00e9t\u00e9 r\u00e9pertori\u00e9s sur Molenbeek et Etterbeek (avenue de Roovere et rue Gray). Apr\u00e8s visionnage des images de vid\u00e9osurveillance, pas de doute : c\u2019est le m\u00eame auteur. L\u2019enqu\u00eate a commenc\u00e9 le 8 mars\u2026 et le suspect a \u00e9t\u00e9 arr\u00eat\u00e9 ce lundi. Comment ? Le long du boulevard Adolphe Max, un inspecteur avait remarqu\u00e9 un homme dont l\u2019habillement et la d\u00e9marche lui semblaient familiers : les m\u00eames que ceux port\u00e9s par le braqueur des pharmacies rue Van Artevelde, place Emile Bockstael, rue Antoine Dansaert, avenue Brugmann et avenue des Citronniers. Il n\u2019\u00e9tait autre qu\u2019Abdelkarim, un Bruxellois \u00e2g\u00e9 de 35 ans.<\/p>\n<p>Lors de son interpellation, le suspect allait visiblement encore faire une victime; il portait en effet une grande lame, entour\u00e9e de papier, gliss\u00e9e au niveau de la ceinture. L\u2019homme, connu de la police pour 55 faits (!), notamment des faux en \u00e9criture, coups et blessures volontaires, d\u00e9tention de drogue, \u00e9vasion, a avou\u00e9 les attaques. Il a \u00e9t\u00e9 plac\u00e9 sous mandat d\u2019arr\u00eat.<\/p>\n<p>Ce qui a soulag\u00e9 les nombreuses victimes de son \u201camateurisme\u201d, comme le d\u00e9crit l\u2019une des pharmaciennes : \u201cIl est rentr\u00e9 avec une \u00e9charpe sur la bouche. J\u2019ai d\u2019abord cru qu\u2019il avait mal aux dents ! Il ne regardait pas droit dans les yeux et il marmonnait. Il m\u2019a demand\u00e9 d\u2019ouvrir la caisse, mais il s\u2019en est finalement charg\u00e9 lui-m\u00eame pour empocher 180 \u20ac avant de prendre la fuite. \u201d La pharmacienne ne s\u2019est pas rendue compte sur le coup que Abdelkarim faisait mine de la braquer avec une arme planqu\u00e9e dans sa poche. R\u00e9sultat de cette attaque : la pharmacie privil\u00e9gie aujourd\u2019hui au maximum les paiements par Bancontact, m\u00eame pour les petits montants. En sus, il faudra tr\u00e8s prochainement sonner pour y p\u00e9n\u00e9trer.<\/p>\n<p>Alex est stagiaire pharmacien et s\u2019est \u00e9galement retrouv\u00e9 face \u00e0 Abdelkarim. \u201cIl cachait son visage avec une \u00e9charpe et avait un bonnet. Il n\u2019a pas \u00e9t\u00e9 agressif, mais faisait mine d\u2019avoir un couteau ou une arme \u00e0 feu dans la poche. Je n\u2019ai pas h\u00e9sit\u00e9, j\u2019ai tout donn\u00e9, mais il n\u2019y avait pas grand-chose car il n\u2019\u00e9tait que 10 h\u201d. Malheureusement pour Alex, le syst\u00e8me t\u00e9l\u00e9police r\u00e9cemment install\u00e9 n\u2019a pas fonctionn\u00e9. Le fait \u201cqu\u2019il a fait plusieurs victimes\u201d, dit une autre g\u00e9rante de pharmacie, \u201cmontre peut-\u00eatre sa volont\u00e9 de brouiller les pistes\u201d.Tous devaient identifier leur braqueur, hier soir. En croisant les doigts pour que la prochaine fois, ils soient \u00e9pargn\u00e9s\u2026<\/p>\n<p>F. Sc et D. H.Film\u00e9, Abdelkarim \u201cbraque\u201d une pharmacie d\u2019Etterbeek. \u201cIl a empoch\u00e9 180 euros\u201d, dit la pharmacienne.<\/p>\n","protected":false},"excerpt":{"rendered":"<p>Abdelkarim, 35 ans, \u00e9tait connu pour 55 faits. Entretiens avec ses victimes ARRESTATION BRUXELLES\/IXELLES\/ETTERBEEK\/MOLENBEEK Il n\u2019y a pas que la zone Nord qui a \u00e9t\u00e9 confront\u00e9e, r\u00e9cemment, \u00e0 une vague de vols \u00e0 main arm\u00e9e. La zone Bruxelles-Ixelles \u00e9galement, depuis fin f\u00e9vrier, connaissait sur ses communes une s\u00e9rie noire inhabituelle de petits braquages, tous, ciblant&hellip; <br \/> <a class=\"read-more\" href=\"https:\/\/telepolice.be\/index.php\/2010\/01\/03\/il-braquait-des-pharmacies-en-serie\/\">Lire la suite<\/a><\/p>\n","protected":false},"author":1,"featured_media":0,"comment_status":"closed","ping_status":"closed","sticky":false,"template":"","format":"standard","meta":{"footnotes":""},"categories":[6],"tags":[],"class_list":["post-672","post","type-post","status-publish","format-standard","hentry","category-revue-de-presse"],"yoast_head":"<!-- This site is optimized with the Yoast SEO plugin v27.5 - https:\/\/yoast.com\/product\/yoast-seo-wordpress\/ -->\n<title>Il braquait des pharmacies en s\u00e9rie - TELEPOLICE<\/title>\n<meta name=\"robots\" content=\"index, follow, max-snippet:-1, max-image-preview:large, max-video-preview:-1\" \/>\n<link rel=\"canonical\" href=\"https:\/\/telepolice.be\/index.php\/2010\/01\/03\/il-braquait-des-pharmacies-en-serie\/\" \/>\n<meta property=\"og:locale\" content=\"fr_FR\" \/>\n<meta property=\"og:type\" content=\"article\" \/>\n<meta property=\"og:title\" content=\"Il braquait des pharmacies en s\u00e9rie - TELEPOLICE\" \/>\n<meta property=\"og:description\" content=\"Abdelkarim, 35 ans, \u00e9tait connu pour 55 faits. Entretiens avec ses victimes ARRESTATION BRUXELLES\/IXELLES\/ETTERBEEK\/MOLENBEEK Il n\u2019y a pas que la zone Nord qui a \u00e9t\u00e9 confront\u00e9e, r\u00e9cemment, \u00e0 une vague de vols \u00e0 main arm\u00e9e. La zone Bruxelles-Ixelles \u00e9galement, depuis fin f\u00e9vrier, connaissait sur ses communes une s\u00e9rie noire inhabituelle de petits braquages, tous, ciblant&hellip; Lire la suite\" \/>\n<meta property=\"og:url\" content=\"https:\/\/telepolice.be\/index.php\/2010\/01\/03\/il-braquait-des-pharmacies-en-serie\/\" \/>\n<meta property=\"og:site_name\" content=\"TELEPOLICE\" \/>\n<meta property=\"article:published_time\" content=\"2010-01-03T11:01:06+00:00\" \/>\n<meta property=\"article:modified_time\" content=\"2019-05-09T13:24:54+00:00\" \/>\n<meta name=\"author\" content=\"admin\" \/>\n<meta name=\"twitter:card\" content=\"summary_large_image\" \/>\n<meta name=\"twitter:label1\" content=\"\u00c9crit par\" \/>\n\t<meta name=\"twitter:data1\" content=\"admin\" \/>\n\t<meta name=\"twitter:label2\" content=\"Dur\u00e9e de lecture estim\u00e9e\" \/>\n\t<meta name=\"twitter:data2\" content=\"3 minutes\" \/>\n<script type=\"application\/ld+json\" class=\"yoast-schema-graph\">{\"@context\":\"https:\\\/\\\/schema.org\",\"@graph\":[{\"@type\":\"Article\",\"@id\":\"https:\\\/\\\/telepolice.be\\\/index.php\\\/2010\\\/01\\\/03\\\/il-braquait-des-pharmacies-en-serie\\\/#article\",\"isPartOf\":{\"@id\":\"https:\\\/\\\/telepolice.be\\\/index.php\\\/2010\\\/01\\\/03\\\/il-braquait-des-pharmacies-en-serie\\\/\"},\"author\":{\"name\":\"admin\",\"@id\":\"https:\\\/\\\/telepolice.be\\\/#\\\/schema\\\/person\\\/ca479b77454640f8f918dd017bd028bf\"},\"headline\":\"Il braquait des pharmacies en s\u00e9rie\",\"datePublished\":\"2010-01-03T11:01:06+00:00\",\"dateModified\":\"2019-05-09T13:24:54+00:00\",\"mainEntityOfPage\":{\"@id\":\"https:\\\/\\\/telepolice.be\\\/index.php\\\/2010\\\/01\\\/03\\\/il-braquait-des-pharmacies-en-serie\\\/\"},\"wordCount\":533,\"publisher\":{\"@id\":\"https:\\\/\\\/telepolice.be\\\/#organization\"},\"articleSection\":[\"Revue De Presse\"],\"inLanguage\":\"fr-FR\"},{\"@type\":\"WebPage\",\"@id\":\"https:\\\/\\\/telepolice.be\\\/index.php\\\/2010\\\/01\\\/03\\\/il-braquait-des-pharmacies-en-serie\\\/\",\"url\":\"https:\\\/\\\/telepolice.be\\\/index.php\\\/2010\\\/01\\\/03\\\/il-braquait-des-pharmacies-en-serie\\\/\",\"name\":\"Il braquait des pharmacies en s\u00e9rie - TELEPOLICE\",\"isPartOf\":{\"@id\":\"https:\\\/\\\/telepolice.be\\\/#website\"},\"datePublished\":\"2010-01-03T11:01:06+00:00\",\"dateModified\":\"2019-05-09T13:24:54+00:00\",\"breadcrumb\":{\"@id\":\"https:\\\/\\\/telepolice.be\\\/index.php\\\/2010\\\/01\\\/03\\\/il-braquait-des-pharmacies-en-serie\\\/#breadcrumb\"},\"inLanguage\":\"fr-FR\",\"potentialAction\":[{\"@type\":\"ReadAction\",\"target\":[\"https:\\\/\\\/telepolice.be\\\/index.php\\\/2010\\\/01\\\/03\\\/il-braquait-des-pharmacies-en-serie\\\/\"]}]},{\"@type\":\"BreadcrumbList\",\"@id\":\"https:\\\/\\\/telepolice.be\\\/index.php\\\/2010\\\/01\\\/03\\\/il-braquait-des-pharmacies-en-serie\\\/#breadcrumb\",\"itemListElement\":[{\"@type\":\"ListItem\",\"position\":1,\"name\":\"Accueil\",\"item\":\"https:\\\/\\\/telepolice.be\\\/\"},{\"@type\":\"ListItem\",\"position\":2,\"name\":\"Il braquait des pharmacies en s\u00e9rie\"}]},{\"@type\":\"WebSite\",\"@id\":\"https:\\\/\\\/telepolice.be\\\/#website\",\"url\":\"https:\\\/\\\/telepolice.be\\\/\",\"name\":\"TELEPOLICE\",\"description\":\"Prot\u00e9gez votre entreprise\",\"publisher\":{\"@id\":\"https:\\\/\\\/telepolice.be\\\/#organization\"},\"potentialAction\":[{\"@type\":\"SearchAction\",\"target\":{\"@type\":\"EntryPoint\",\"urlTemplate\":\"https:\\\/\\\/telepolice.be\\\/?s={search_term_string}\"},\"query-input\":{\"@type\":\"PropertyValueSpecification\",\"valueRequired\":true,\"valueName\":\"search_term_string\"}}],\"inLanguage\":\"fr-FR\"},{\"@type\":\"Organization\",\"@id\":\"https:\\\/\\\/telepolice.be\\\/#organization\",\"name\":\"TELE POLICE\",\"url\":\"https:\\\/\\\/telepolice.be\\\/\",\"logo\":{\"@type\":\"ImageObject\",\"inLanguage\":\"fr-FR\",\"@id\":\"https:\\\/\\\/telepolice.be\\\/#\\\/schema\\\/logo\\\/image\\\/\",\"url\":\"https:\\\/\\\/telepolice.be\\\/wp-content\\\/uploads\\\/2019\\\/04\\\/cropped-logotelepolice-3.png\",\"contentUrl\":\"https:\\\/\\\/telepolice.be\\\/wp-content\\\/uploads\\\/2019\\\/04\\\/cropped-logotelepolice-3.png\",\"width\":408,\"height\":65,\"caption\":\"TELE POLICE\"},\"image\":{\"@id\":\"https:\\\/\\\/telepolice.be\\\/#\\\/schema\\\/logo\\\/image\\\/\"}},{\"@type\":\"Person\",\"@id\":\"https:\\\/\\\/telepolice.be\\\/#\\\/schema\\\/person\\\/ca479b77454640f8f918dd017bd028bf\",\"name\":\"admin\",\"image\":{\"@type\":\"ImageObject\",\"inLanguage\":\"fr-FR\",\"@id\":\"https:\\\/\\\/secure.gravatar.com\\\/avatar\\\/dd9167fd60efcd6c24559ffa4f391e918347b9cf398a5593e29d658b4ae5d443?s=96&d=mm&r=g\",\"url\":\"https:\\\/\\\/secure.gravatar.com\\\/avatar\\\/dd9167fd60efcd6c24559ffa4f391e918347b9cf398a5593e29d658b4ae5d443?s=96&d=mm&r=g\",\"contentUrl\":\"https:\\\/\\\/secure.gravatar.com\\\/avatar\\\/dd9167fd60efcd6c24559ffa4f391e918347b9cf398a5593e29d658b4ae5d443?s=96&d=mm&r=g\",\"caption\":\"admin\"},\"url\":\"https:\\\/\\\/telepolice.be\\\/index.php\\\/author\\\/web_telepolice\\\/\"}]}<\/script>\n<!-- \/ Yoast SEO plugin. -->","yoast_head_json":{"title":"Il braquait des pharmacies en s\u00e9rie - TELEPOLICE","robots":{"index":"index","follow":"follow","max-snippet":"max-snippet:-1","max-image-preview":"max-image-preview:large","max-video-preview":"max-video-preview:-1"},"canonical":"https:\/\/telepolice.be\/index.php\/2010\/01\/03\/il-braquait-des-pharmacies-en-serie\/","og_locale":"fr_FR","og_type":"article","og_title":"Il braquait des pharmacies en s\u00e9rie - TELEPOLICE","og_description":"Abdelkarim, 35 ans, \u00e9tait connu pour 55 faits. Entretiens avec ses victimes ARRESTATION BRUXELLES\/IXELLES\/ETTERBEEK\/MOLENBEEK Il n\u2019y a pas que la zone Nord qui a \u00e9t\u00e9 confront\u00e9e, r\u00e9cemment, \u00e0 une vague de vols \u00e0 main arm\u00e9e. La zone Bruxelles-Ixelles \u00e9galement, depuis fin f\u00e9vrier, connaissait sur ses communes une s\u00e9rie noire inhabituelle de petits braquages, tous, ciblant&hellip; Lire la suite","og_url":"https:\/\/telepolice.be\/index.php\/2010\/01\/03\/il-braquait-des-pharmacies-en-serie\/","og_site_name":"TELEPOLICE","article_published_time":"2010-01-03T11:01:06+00:00","article_modified_time":"2019-05-09T13:24:54+00:00","author":"admin","twitter_card":"summary_large_image","twitter_misc":{"\u00c9crit par":"admin","Dur\u00e9e de lecture estim\u00e9e":"3 minutes"},"schema":{"@context":"https:\/\/schema.org","@graph":[{"@type":"Article","@id":"https:\/\/telepolice.be\/index.php\/2010\/01\/03\/il-braquait-des-pharmacies-en-serie\/#article","isPartOf":{"@id":"https:\/\/telepolice.be\/index.php\/2010\/01\/03\/il-braquait-des-pharmacies-en-serie\/"},"author":{"name":"admin","@id":"https:\/\/telepolice.be\/#\/schema\/person\/ca479b77454640f8f918dd017bd028bf"},"headline":"Il braquait des pharmacies en s\u00e9rie","datePublished":"2010-01-03T11:01:06+00:00","dateModified":"2019-05-09T13:24:54+00:00","mainEntityOfPage":{"@id":"https:\/\/telepolice.be\/index.php\/2010\/01\/03\/il-braquait-des-pharmacies-en-serie\/"},"wordCount":533,"publisher":{"@id":"https:\/\/telepolice.be\/#organization"},"articleSection":["Revue De Presse"],"inLanguage":"fr-FR"},{"@type":"WebPage","@id":"https:\/\/telepolice.be\/index.php\/2010\/01\/03\/il-braquait-des-pharmacies-en-serie\/","url":"https:\/\/telepolice.be\/index.php\/2010\/01\/03\/il-braquait-des-pharmacies-en-serie\/","name":"Il braquait des pharmacies en s\u00e9rie - TELEPOLICE","isPartOf":{"@id":"https:\/\/telepolice.be\/#website"},"datePublished":"2010-01-03T11:01:06+00:00","dateModified":"2019-05-09T13:24:54+00:00","breadcrumb":{"@id":"https:\/\/telepolice.be\/index.php\/2010\/01\/03\/il-braquait-des-pharmacies-en-serie\/#breadcrumb"},"inLanguage":"fr-FR","potentialAction":[{"@type":"ReadAction","target":["https:\/\/telepolice.be\/index.php\/2010\/01\/03\/il-braquait-des-pharmacies-en-serie\/"]}]},{"@type":"BreadcrumbList","@id":"https:\/\/telepolice.be\/index.php\/2010\/01\/03\/il-braquait-des-pharmacies-en-serie\/#breadcrumb","itemListElement":[{"@type":"ListItem","position":1,"name":"Accueil","item":"https:\/\/telepolice.be\/"},{"@type":"ListItem","position":2,"name":"Il braquait des pharmacies en s\u00e9rie"}]},{"@type":"WebSite","@id":"https:\/\/telepolice.be\/#website","url":"https:\/\/telepolice.be\/","name":"TELEPOLICE","description":"Prot\u00e9gez votre entreprise","publisher":{"@id":"https:\/\/telepolice.be\/#organization"},"potentialAction":[{"@type":"SearchAction","target":{"@type":"EntryPoint","urlTemplate":"https:\/\/telepolice.be\/?s={search_term_string}"},"query-input":{"@type":"PropertyValueSpecification","valueRequired":true,"valueName":"search_term_string"}}],"inLanguage":"fr-FR"},{"@type":"Organization","@id":"https:\/\/telepolice.be\/#organization","name":"TELE POLICE","url":"https:\/\/telepolice.be\/","logo":{"@type":"ImageObject","inLanguage":"fr-FR","@id":"https:\/\/telepolice.be\/#\/schema\/logo\/image\/","url":"https:\/\/telepolice.be\/wp-content\/uploads\/2019\/04\/cropped-logotelepolice-3.png","contentUrl":"https:\/\/telepolice.be\/wp-content\/uploads\/2019\/04\/cropped-logotelepolice-3.png","width":408,"height":65,"caption":"TELE POLICE"},"image":{"@id":"https:\/\/telepolice.be\/#\/schema\/logo\/image\/"}},{"@type":"Person","@id":"https:\/\/telepolice.be\/#\/schema\/person\/ca479b77454640f8f918dd017bd028bf","name":"admin","image":{"@type":"ImageObject","inLanguage":"fr-FR","@id":"https:\/\/secure.gravatar.com\/avatar\/dd9167fd60efcd6c24559ffa4f391e918347b9cf398a5593e29d658b4ae5d443?s=96&d=mm&r=g","url":"https:\/\/secure.gravatar.com\/avatar\/dd9167fd60efcd6c24559ffa4f391e918347b9cf398a5593e29d658b4ae5d443?s=96&d=mm&r=g","contentUrl":"https:\/\/secure.gravatar.com\/avatar\/dd9167fd60efcd6c24559ffa4f391e918347b9cf398a5593e29d658b4ae5d443?s=96&d=mm&r=g","caption":"admin"},"url":"https:\/\/telepolice.be\/index.php\/author\/web_telepolice\/"}]}},"_links":{"self":[{"href":"https:\/\/telepolice.be\/index.php\/wp-json\/wp\/v2\/posts\/672","targetHints":{"allow":["GET"]}}],"collection":[{"href":"https:\/\/telepolice.be\/index.php\/wp-json\/wp\/v2\/posts"}],"about":[{"href":"https:\/\/telepolice.be\/index.php\/wp-json\/wp\/v2\/types\/post"}],"author":[{"embeddable":true,"href":"https:\/\/telepolice.be\/index.php\/wp-json\/wp\/v2\/users\/1"}],"replies":[{"embeddable":true,"href":"https:\/\/telepolice.be\/index.php\/wp-json\/wp\/v2\/comments?post=672"}],"version-history":[{"count":4,"href":"https:\/\/telepolice.be\/index.php\/wp-json\/wp\/v2\/posts\/672\/revisions"}],"predecessor-version":[{"id":2699,"href":"https:\/\/telepolice.be\/index.php\/wp-json\/wp\/v2\/posts\/672\/revisions\/2699"}],"wp:attachment":[{"href":"https:\/\/telepolice.be\/index.php\/wp-json\/wp\/v2\/media?parent=672"}],"wp:term":[{"taxonomy":"category","embeddable":true,"href":"https:\/\/telepolice.be\/index.php\/wp-json\/wp\/v2\/categories?post=672"},{"taxonomy":"post_tag","embeddable":true,"href":"https:\/\/telepolice.be\/index.php\/wp-json\/wp\/v2\/tags?post=672"}],"curies":[{"name":"wp","href":"https:\/\/api.w.org\/{rel}","templated":true}]}}