{"id":671,"date":"2019-04-01T11:01:05","date_gmt":"2019-04-01T11:01:05","guid":{"rendered":"https:\/\/telepolice.be\/index.php\/2019\/04\/01\/des-cameras-a-schaerbeek-en-lien-avec-telepolice\/"},"modified":"2019-05-10T15:39:10","modified_gmt":"2019-05-10T13:39:10","slug":"des-cameras-a-schaerbeek-en-lien-avec-telepolice","status":"publish","type":"post","link":"https:\/\/telepolice.be\/index.php\/2019\/04\/01\/des-cameras-a-schaerbeek-en-lien-avec-telepolice\/","title":{"rendered":"Des cam\u00e9ras \u00e0 Schaerbeek en lien avec T\u00e9l\u00e9police"},"content":{"rendered":"<h4 class=\"title\"><strong>Des cam\u00e9ras \u00e0 Schaerbeek : tranquillit\u00e9 et s\u00e9r\u00e9nit\u00e9 !<\/strong><\/h4>\n<p>Depuis le mois de juin, 66 cam\u00e9ras de surveillance intelligentes sont en cours d\u2019installation dans une s\u00e9rie de quartiers de la commune, choisis sur base d\u2019une \u00e9tude de s\u00e9curit\u00e9 r\u00e9alis\u00e9e par la police f\u00e9d\u00e9rale et approuv\u00e9s \u00e0 l\u2019unanimit\u00e9 lors du dernier conseil communal. L\u2019enjeu est de taille : r\u00e9pondre au besoin \u00e9vident de s\u00e9curit\u00e9 et de surveillance de l\u2019espace public tout en tenant compte de l\u2019inqui\u00e9tude des citoyens en mati\u00e8re de protection de la vie priv\u00e9e.<\/p>\n<h4><strong>Une commune \u00e0 la pointe du progr\u00e8s !<\/strong><\/h4>\n<p>Ces cam\u00e9ras, tout \u00e0 fait sp\u00e9cifiques, se diff\u00e9rencient des autres cam\u00e9ras ant\u00e9rieurement install\u00e9es, par leurs nouvelles capacit\u00e9s techniques. Elles peuvent analyser les vid\u00e9os et agrandir 36 fois l\u2019objet du d\u00e9lit, traquer tous les comportements suspects, tels que les attroupements suspects, les graffitis, les d\u00e9p\u00f4ts clandestins, les embouteillages. Elles peuvent \u00e9galement \u00eatre programm\u00e9es pour capter les fum\u00e9es et s\u2019alarmer du moindre bruit suspect\u2026 Ind\u00e9pendamment de la surveillance des \u00e9crans par des op\u00e9rateurs, le syst\u00e8me d\u00e9tectera donc des situations anormales et d\u00e9clenchera des alarmes au sein du dispatching zonal.<\/p>\n<p>Cela permet de mobiliser moins de personnel devant les \u00e9crans et d\u00e8s lors envoyer plus d\u2019effectifs sur le terrain !<\/p>\n<p>Ces nouvelles cam\u00e9ras permettent \u00e0 la police d\u2019intervenir de mani\u00e8re r\u00e9active et proactive au moindre incident.<\/p>\n<h4><strong>Le respect de la vie priv\u00e9e\u2026 incontournable<\/strong><\/h4>\n<p>Pour beaucoup, qui dit \u00ab cam\u00e9ras \u00bb dit atteinte \u00e0 la vie priv\u00e9e. A Schaerbeek, il n\u2019en est rien ! En effet, gr\u00e2ce \u00e0 cette technologie, les cam\u00e9ras ne s\u2019activent qu\u2019en cas de besoin. Conform\u00e9ment \u00e0 la loi du 21 mars 2007, les images prises ne sont sauvegard\u00e9es que pendant maximum un mois.<\/p>\n<p>En outre, elles ne peuvent \u00eatre visionn\u00e9es en temps r\u00e9el que par des policiers ou sous contr\u00f4le de la police.<\/p>\n<p><strong>Autre avantage de ce nouveau syst\u00e8me : le r\u00e9seau de cam\u00e9ras sera coupl\u00e9 au syst\u00e8me d\u2019alarme agression \u00ab t\u00e9l\u00e9police \u00bb install\u00e9 chez de nombreux commer\u00e7ants. Ainsi, dans le cas d\u2019une alarme d\u2019agression, les cam\u00e9ras pourront \u00eatre orient\u00e9es vers des positions pr\u00e9d\u00e9finies afin de retracer l\u2019itin\u00e9raire du suspect\u2026 et l\u2019interpeller plus rapidement !<\/strong><\/p>\n<h4><strong>L\u2019argent, le nerf de la guerre\u2026<\/strong><\/h4>\n<p>D\u00e8s 2008, les bourgmestres de Schaerbeek\/ Evere\/Saint-Josse et le chef de la zone de police d\u00e9cidaient de renouveler et d\u2019augmenter le nombre de cam\u00e9ras de surveillance sur les voies et les espaces publics du territoire. L\u2019installation de 127 cam\u00e9ras intelligentes est pr\u00e9vue sur le territoire des trois communes pour un budget total de 5.964.393 \u20ac dont 3 millions pour Schaerbeek qui n\u2019a pas h\u00e9sit\u00e9 \u00e0 puiser dans ses r\u00e9serves ! Un choix judicieux pour une commune de la taille et de la densit\u00e9 d\u00e9mographique de Schaerbeek\u2026<\/p>\n<p>L\u2019ensemble du dispositif sera compl\u00e8tement install\u00e9 pour la fin 2014.<\/p>\n","protected":false},"excerpt":{"rendered":"<p>Des cam\u00e9ras \u00e0 Schaerbeek : tranquillit\u00e9 et s\u00e9r\u00e9nit\u00e9 ! Depuis le mois de juin, 66 cam\u00e9ras de surveillance intelligentes sont en cours d\u2019installation dans une s\u00e9rie de quartiers de la commune, choisis sur base d\u2019une \u00e9tude de s\u00e9curit\u00e9 r\u00e9alis\u00e9e par la police f\u00e9d\u00e9rale et approuv\u00e9s \u00e0 l\u2019unanimit\u00e9 lors du dernier conseil communal. L\u2019enjeu est de&hellip; <br \/> <a class=\"read-more\" href=\"https:\/\/telepolice.be\/index.php\/2019\/04\/01\/des-cameras-a-schaerbeek-en-lien-avec-telepolice\/\">Lire la suite<\/a><\/p>\n","protected":false},"author":1,"featured_media":0,"comment_status":"open","ping_status":"closed","sticky":false,"template":"","format":"standard","meta":{"footnotes":""},"categories":[6],"tags":[],"class_list":["post-671","post","type-post","status-publish","format-standard","hentry","category-revue-de-presse"],"yoast_head":"<!-- This site is optimized with the Yoast SEO plugin v27.5 - https:\/\/yoast.com\/product\/yoast-seo-wordpress\/ -->\n<title>Des cam\u00e9ras \u00e0 Schaerbeek en lien avec T\u00e9l\u00e9police - TELEPOLICE<\/title>\n<meta name=\"robots\" content=\"index, follow, max-snippet:-1, max-image-preview:large, max-video-preview:-1\" \/>\n<link rel=\"canonical\" href=\"https:\/\/telepolice.be\/index.php\/2019\/04\/01\/des-cameras-a-schaerbeek-en-lien-avec-telepolice\/\" \/>\n<meta property=\"og:locale\" content=\"fr_FR\" \/>\n<meta property=\"og:type\" content=\"article\" \/>\n<meta property=\"og:title\" content=\"Des cam\u00e9ras \u00e0 Schaerbeek en lien avec T\u00e9l\u00e9police - TELEPOLICE\" \/>\n<meta property=\"og:description\" content=\"Des cam\u00e9ras \u00e0 Schaerbeek : tranquillit\u00e9 et s\u00e9r\u00e9nit\u00e9 ! Depuis le mois de juin, 66 cam\u00e9ras de surveillance intelligentes sont en cours d\u2019installation dans une s\u00e9rie de quartiers de la commune, choisis sur base d\u2019une \u00e9tude de s\u00e9curit\u00e9 r\u00e9alis\u00e9e par la police f\u00e9d\u00e9rale et approuv\u00e9s \u00e0 l\u2019unanimit\u00e9 lors du dernier conseil communal. L\u2019enjeu est de&hellip; Lire la suite\" \/>\n<meta property=\"og:url\" content=\"https:\/\/telepolice.be\/index.php\/2019\/04\/01\/des-cameras-a-schaerbeek-en-lien-avec-telepolice\/\" \/>\n<meta property=\"og:site_name\" content=\"TELEPOLICE\" \/>\n<meta property=\"article:published_time\" content=\"2019-04-01T11:01:05+00:00\" \/>\n<meta property=\"article:modified_time\" content=\"2019-05-10T13:39:10+00:00\" \/>\n<meta name=\"author\" content=\"admin\" \/>\n<meta name=\"twitter:card\" content=\"summary_large_image\" \/>\n<meta name=\"twitter:label1\" content=\"\u00c9crit par\" \/>\n\t<meta name=\"twitter:data1\" content=\"admin\" \/>\n\t<meta name=\"twitter:label2\" content=\"Dur\u00e9e de lecture estim\u00e9e\" \/>\n\t<meta name=\"twitter:data2\" content=\"3 minutes\" \/>\n<script type=\"application\/ld+json\" class=\"yoast-schema-graph\">{\"@context\":\"https:\\\/\\\/schema.org\",\"@graph\":[{\"@type\":\"Article\",\"@id\":\"https:\\\/\\\/telepolice.be\\\/index.php\\\/2019\\\/04\\\/01\\\/des-cameras-a-schaerbeek-en-lien-avec-telepolice\\\/#article\",\"isPartOf\":{\"@id\":\"https:\\\/\\\/telepolice.be\\\/index.php\\\/2019\\\/04\\\/01\\\/des-cameras-a-schaerbeek-en-lien-avec-telepolice\\\/\"},\"author\":{\"name\":\"admin\",\"@id\":\"https:\\\/\\\/telepolice.be\\\/#\\\/schema\\\/person\\\/ca479b77454640f8f918dd017bd028bf\"},\"headline\":\"Des cam\u00e9ras \u00e0 Schaerbeek en lien avec T\u00e9l\u00e9police\",\"datePublished\":\"2019-04-01T11:01:05+00:00\",\"dateModified\":\"2019-05-10T13:39:10+00:00\",\"mainEntityOfPage\":{\"@id\":\"https:\\\/\\\/telepolice.be\\\/index.php\\\/2019\\\/04\\\/01\\\/des-cameras-a-schaerbeek-en-lien-avec-telepolice\\\/\"},\"wordCount\":522,\"commentCount\":0,\"publisher\":{\"@id\":\"https:\\\/\\\/telepolice.be\\\/#organization\"},\"articleSection\":[\"Revue De Presse\"],\"inLanguage\":\"fr-FR\",\"potentialAction\":[{\"@type\":\"CommentAction\",\"name\":\"Comment\",\"target\":[\"https:\\\/\\\/telepolice.be\\\/index.php\\\/2019\\\/04\\\/01\\\/des-cameras-a-schaerbeek-en-lien-avec-telepolice\\\/#respond\"]}]},{\"@type\":\"WebPage\",\"@id\":\"https:\\\/\\\/telepolice.be\\\/index.php\\\/2019\\\/04\\\/01\\\/des-cameras-a-schaerbeek-en-lien-avec-telepolice\\\/\",\"url\":\"https:\\\/\\\/telepolice.be\\\/index.php\\\/2019\\\/04\\\/01\\\/des-cameras-a-schaerbeek-en-lien-avec-telepolice\\\/\",\"name\":\"Des cam\u00e9ras \u00e0 Schaerbeek en lien avec T\u00e9l\u00e9police - TELEPOLICE\",\"isPartOf\":{\"@id\":\"https:\\\/\\\/telepolice.be\\\/#website\"},\"datePublished\":\"2019-04-01T11:01:05+00:00\",\"dateModified\":\"2019-05-10T13:39:10+00:00\",\"breadcrumb\":{\"@id\":\"https:\\\/\\\/telepolice.be\\\/index.php\\\/2019\\\/04\\\/01\\\/des-cameras-a-schaerbeek-en-lien-avec-telepolice\\\/#breadcrumb\"},\"inLanguage\":\"fr-FR\",\"potentialAction\":[{\"@type\":\"ReadAction\",\"target\":[\"https:\\\/\\\/telepolice.be\\\/index.php\\\/2019\\\/04\\\/01\\\/des-cameras-a-schaerbeek-en-lien-avec-telepolice\\\/\"]}]},{\"@type\":\"BreadcrumbList\",\"@id\":\"https:\\\/\\\/telepolice.be\\\/index.php\\\/2019\\\/04\\\/01\\\/des-cameras-a-schaerbeek-en-lien-avec-telepolice\\\/#breadcrumb\",\"itemListElement\":[{\"@type\":\"ListItem\",\"position\":1,\"name\":\"Accueil\",\"item\":\"https:\\\/\\\/telepolice.be\\\/\"},{\"@type\":\"ListItem\",\"position\":2,\"name\":\"Des cam\u00e9ras \u00e0 Schaerbeek en lien avec T\u00e9l\u00e9police\"}]},{\"@type\":\"WebSite\",\"@id\":\"https:\\\/\\\/telepolice.be\\\/#website\",\"url\":\"https:\\\/\\\/telepolice.be\\\/\",\"name\":\"TELEPOLICE\",\"description\":\"Prot\u00e9gez votre entreprise\",\"publisher\":{\"@id\":\"https:\\\/\\\/telepolice.be\\\/#organization\"},\"potentialAction\":[{\"@type\":\"SearchAction\",\"target\":{\"@type\":\"EntryPoint\",\"urlTemplate\":\"https:\\\/\\\/telepolice.be\\\/?s={search_term_string}\"},\"query-input\":{\"@type\":\"PropertyValueSpecification\",\"valueRequired\":true,\"valueName\":\"search_term_string\"}}],\"inLanguage\":\"fr-FR\"},{\"@type\":\"Organization\",\"@id\":\"https:\\\/\\\/telepolice.be\\\/#organization\",\"name\":\"TELE POLICE\",\"url\":\"https:\\\/\\\/telepolice.be\\\/\",\"logo\":{\"@type\":\"ImageObject\",\"inLanguage\":\"fr-FR\",\"@id\":\"https:\\\/\\\/telepolice.be\\\/#\\\/schema\\\/logo\\\/image\\\/\",\"url\":\"https:\\\/\\\/telepolice.be\\\/wp-content\\\/uploads\\\/2019\\\/04\\\/cropped-logotelepolice-3.png\",\"contentUrl\":\"https:\\\/\\\/telepolice.be\\\/wp-content\\\/uploads\\\/2019\\\/04\\\/cropped-logotelepolice-3.png\",\"width\":408,\"height\":65,\"caption\":\"TELE POLICE\"},\"image\":{\"@id\":\"https:\\\/\\\/telepolice.be\\\/#\\\/schema\\\/logo\\\/image\\\/\"}},{\"@type\":\"Person\",\"@id\":\"https:\\\/\\\/telepolice.be\\\/#\\\/schema\\\/person\\\/ca479b77454640f8f918dd017bd028bf\",\"name\":\"admin\",\"image\":{\"@type\":\"ImageObject\",\"inLanguage\":\"fr-FR\",\"@id\":\"https:\\\/\\\/secure.gravatar.com\\\/avatar\\\/dd9167fd60efcd6c24559ffa4f391e918347b9cf398a5593e29d658b4ae5d443?s=96&d=mm&r=g\",\"url\":\"https:\\\/\\\/secure.gravatar.com\\\/avatar\\\/dd9167fd60efcd6c24559ffa4f391e918347b9cf398a5593e29d658b4ae5d443?s=96&d=mm&r=g\",\"contentUrl\":\"https:\\\/\\\/secure.gravatar.com\\\/avatar\\\/dd9167fd60efcd6c24559ffa4f391e918347b9cf398a5593e29d658b4ae5d443?s=96&d=mm&r=g\",\"caption\":\"admin\"},\"url\":\"https:\\\/\\\/telepolice.be\\\/index.php\\\/author\\\/web_telepolice\\\/\"}]}<\/script>\n<!-- \/ Yoast SEO plugin. -->","yoast_head_json":{"title":"Des cam\u00e9ras \u00e0 Schaerbeek en lien avec T\u00e9l\u00e9police - TELEPOLICE","robots":{"index":"index","follow":"follow","max-snippet":"max-snippet:-1","max-image-preview":"max-image-preview:large","max-video-preview":"max-video-preview:-1"},"canonical":"https:\/\/telepolice.be\/index.php\/2019\/04\/01\/des-cameras-a-schaerbeek-en-lien-avec-telepolice\/","og_locale":"fr_FR","og_type":"article","og_title":"Des cam\u00e9ras \u00e0 Schaerbeek en lien avec T\u00e9l\u00e9police - TELEPOLICE","og_description":"Des cam\u00e9ras \u00e0 Schaerbeek : tranquillit\u00e9 et s\u00e9r\u00e9nit\u00e9 ! Depuis le mois de juin, 66 cam\u00e9ras de surveillance intelligentes sont en cours d\u2019installation dans une s\u00e9rie de quartiers de la commune, choisis sur base d\u2019une \u00e9tude de s\u00e9curit\u00e9 r\u00e9alis\u00e9e par la police f\u00e9d\u00e9rale et approuv\u00e9s \u00e0 l\u2019unanimit\u00e9 lors du dernier conseil communal. L\u2019enjeu est de&hellip; Lire la suite","og_url":"https:\/\/telepolice.be\/index.php\/2019\/04\/01\/des-cameras-a-schaerbeek-en-lien-avec-telepolice\/","og_site_name":"TELEPOLICE","article_published_time":"2019-04-01T11:01:05+00:00","article_modified_time":"2019-05-10T13:39:10+00:00","author":"admin","twitter_card":"summary_large_image","twitter_misc":{"\u00c9crit par":"admin","Dur\u00e9e de lecture estim\u00e9e":"3 minutes"},"schema":{"@context":"https:\/\/schema.org","@graph":[{"@type":"Article","@id":"https:\/\/telepolice.be\/index.php\/2019\/04\/01\/des-cameras-a-schaerbeek-en-lien-avec-telepolice\/#article","isPartOf":{"@id":"https:\/\/telepolice.be\/index.php\/2019\/04\/01\/des-cameras-a-schaerbeek-en-lien-avec-telepolice\/"},"author":{"name":"admin","@id":"https:\/\/telepolice.be\/#\/schema\/person\/ca479b77454640f8f918dd017bd028bf"},"headline":"Des cam\u00e9ras \u00e0 Schaerbeek en lien avec T\u00e9l\u00e9police","datePublished":"2019-04-01T11:01:05+00:00","dateModified":"2019-05-10T13:39:10+00:00","mainEntityOfPage":{"@id":"https:\/\/telepolice.be\/index.php\/2019\/04\/01\/des-cameras-a-schaerbeek-en-lien-avec-telepolice\/"},"wordCount":522,"commentCount":0,"publisher":{"@id":"https:\/\/telepolice.be\/#organization"},"articleSection":["Revue De Presse"],"inLanguage":"fr-FR","potentialAction":[{"@type":"CommentAction","name":"Comment","target":["https:\/\/telepolice.be\/index.php\/2019\/04\/01\/des-cameras-a-schaerbeek-en-lien-avec-telepolice\/#respond"]}]},{"@type":"WebPage","@id":"https:\/\/telepolice.be\/index.php\/2019\/04\/01\/des-cameras-a-schaerbeek-en-lien-avec-telepolice\/","url":"https:\/\/telepolice.be\/index.php\/2019\/04\/01\/des-cameras-a-schaerbeek-en-lien-avec-telepolice\/","name":"Des cam\u00e9ras \u00e0 Schaerbeek en lien avec T\u00e9l\u00e9police - TELEPOLICE","isPartOf":{"@id":"https:\/\/telepolice.be\/#website"},"datePublished":"2019-04-01T11:01:05+00:00","dateModified":"2019-05-10T13:39:10+00:00","breadcrumb":{"@id":"https:\/\/telepolice.be\/index.php\/2019\/04\/01\/des-cameras-a-schaerbeek-en-lien-avec-telepolice\/#breadcrumb"},"inLanguage":"fr-FR","potentialAction":[{"@type":"ReadAction","target":["https:\/\/telepolice.be\/index.php\/2019\/04\/01\/des-cameras-a-schaerbeek-en-lien-avec-telepolice\/"]}]},{"@type":"BreadcrumbList","@id":"https:\/\/telepolice.be\/index.php\/2019\/04\/01\/des-cameras-a-schaerbeek-en-lien-avec-telepolice\/#breadcrumb","itemListElement":[{"@type":"ListItem","position":1,"name":"Accueil","item":"https:\/\/telepolice.be\/"},{"@type":"ListItem","position":2,"name":"Des cam\u00e9ras \u00e0 Schaerbeek en lien avec T\u00e9l\u00e9police"}]},{"@type":"WebSite","@id":"https:\/\/telepolice.be\/#website","url":"https:\/\/telepolice.be\/","name":"TELEPOLICE","description":"Prot\u00e9gez votre entreprise","publisher":{"@id":"https:\/\/telepolice.be\/#organization"},"potentialAction":[{"@type":"SearchAction","target":{"@type":"EntryPoint","urlTemplate":"https:\/\/telepolice.be\/?s={search_term_string}"},"query-input":{"@type":"PropertyValueSpecification","valueRequired":true,"valueName":"search_term_string"}}],"inLanguage":"fr-FR"},{"@type":"Organization","@id":"https:\/\/telepolice.be\/#organization","name":"TELE POLICE","url":"https:\/\/telepolice.be\/","logo":{"@type":"ImageObject","inLanguage":"fr-FR","@id":"https:\/\/telepolice.be\/#\/schema\/logo\/image\/","url":"https:\/\/telepolice.be\/wp-content\/uploads\/2019\/04\/cropped-logotelepolice-3.png","contentUrl":"https:\/\/telepolice.be\/wp-content\/uploads\/2019\/04\/cropped-logotelepolice-3.png","width":408,"height":65,"caption":"TELE POLICE"},"image":{"@id":"https:\/\/telepolice.be\/#\/schema\/logo\/image\/"}},{"@type":"Person","@id":"https:\/\/telepolice.be\/#\/schema\/person\/ca479b77454640f8f918dd017bd028bf","name":"admin","image":{"@type":"ImageObject","inLanguage":"fr-FR","@id":"https:\/\/secure.gravatar.com\/avatar\/dd9167fd60efcd6c24559ffa4f391e918347b9cf398a5593e29d658b4ae5d443?s=96&d=mm&r=g","url":"https:\/\/secure.gravatar.com\/avatar\/dd9167fd60efcd6c24559ffa4f391e918347b9cf398a5593e29d658b4ae5d443?s=96&d=mm&r=g","contentUrl":"https:\/\/secure.gravatar.com\/avatar\/dd9167fd60efcd6c24559ffa4f391e918347b9cf398a5593e29d658b4ae5d443?s=96&d=mm&r=g","caption":"admin"},"url":"https:\/\/telepolice.be\/index.php\/author\/web_telepolice\/"}]}},"_links":{"self":[{"href":"https:\/\/telepolice.be\/index.php\/wp-json\/wp\/v2\/posts\/671","targetHints":{"allow":["GET"]}}],"collection":[{"href":"https:\/\/telepolice.be\/index.php\/wp-json\/wp\/v2\/posts"}],"about":[{"href":"https:\/\/telepolice.be\/index.php\/wp-json\/wp\/v2\/types\/post"}],"author":[{"embeddable":true,"href":"https:\/\/telepolice.be\/index.php\/wp-json\/wp\/v2\/users\/1"}],"replies":[{"embeddable":true,"href":"https:\/\/telepolice.be\/index.php\/wp-json\/wp\/v2\/comments?post=671"}],"version-history":[{"count":3,"href":"https:\/\/telepolice.be\/index.php\/wp-json\/wp\/v2\/posts\/671\/revisions"}],"predecessor-version":[{"id":2855,"href":"https:\/\/telepolice.be\/index.php\/wp-json\/wp\/v2\/posts\/671\/revisions\/2855"}],"wp:attachment":[{"href":"https:\/\/telepolice.be\/index.php\/wp-json\/wp\/v2\/media?parent=671"}],"wp:term":[{"taxonomy":"category","embeddable":true,"href":"https:\/\/telepolice.be\/index.php\/wp-json\/wp\/v2\/categories?post=671"},{"taxonomy":"post_tag","embeddable":true,"href":"https:\/\/telepolice.be\/index.php\/wp-json\/wp\/v2\/tags?post=671"}],"curies":[{"name":"wp","href":"https:\/\/api.w.org\/{rel}","templated":true}]}}