{"id":666,"date":"2019-02-01T11:01:02","date_gmt":"2019-02-01T11:01:02","guid":{"rendered":"https:\/\/telepolice.be\/index.php\/2019\/04\/01\/criminalite-a-bruxelles-le-fruit-de-linaction-politique-et-du-laxisme-ambiant\/"},"modified":"2019-05-10T10:24:34","modified_gmt":"2019-05-10T08:24:34","slug":"criminalite-a-bruxelles","status":"publish","type":"post","link":"https:\/\/telepolice.be\/index.php\/2019\/02\/01\/criminalite-a-bruxelles\/","title":{"rendered":"Criminalit\u00e9 \u00e0 Bruxelles : \u00ab\u00a0le fruit de l&rsquo;inaction politique et du laxisme ambiant\u00a0\u00bb"},"content":{"rendered":"<div>Le parti r\u00e9formateur entend par ailleurs d\u00e9manteler les bandes \u00ab\u00a0qui pourrissent les quartiers du centre-ville et europ\u00e9en\u00a0\u00bb.<\/div>\n<p>Le MR de Bruxelles-Ville a d\u00e9nonc\u00e9 jeudi \u00ab\u00a0l&rsquo;inaction politique et le laxisme ambiant depuis des ann\u00e9es en mati\u00e8re de s\u00e9curit\u00e9\u00a0\u00bb apr\u00e8s la publication de chiffres peu favorables sur la criminalit\u00e9 dans la capitale.<\/p>\n<p>\u00ab\u00a0Avec 37 d\u00e9lits par 100 habitants, la Ville de Bruxelles est la commune avec le plus haut taux de criminalit\u00e9 du Royaume\u00a0\u00bb, pointe Alain Courtois, t\u00eate de liste MR \u00e0 Bruxelles-Ville lors des prochaines \u00e9lections communales.<\/p>\n<p>\u00ab\u00a0La s\u00e9curit\u00e9 est la premi\u00e8re des libert\u00e9s. Il faut donner envie \u00e0 tous les Bruxellois de se promener, de circuler, de prendre un verre, ou tout simplement de rentrer chez soi, dans tous les quartiers de Bruxelles&#8230;\u00a0\u00bb, souligne le MR qui avance 5 propositions.<\/p>\n<p>Celui-ci entend redonner aux commissariats un r\u00f4le pr\u00e9ventif et r\u00e9pressif, avec l&rsquo;ouverture de tous les commissariats 24h\/24 et 7j\/7 \u00ab\u00a0dans tous les quartiers de Bruxelles\u00a0\u00bb, d&rsquo;interdire la prostitution de rue, et d&rsquo;assurer la protection des commer\u00e7ants par la\u00a0<strong>mise en place du Syst\u00e8me T\u00e9l\u00e9police-Vision<\/strong>\u00a0mettant les commer\u00e7ants en contact avec le dispatching policier le plus proche.<\/p>\n<p>Le parti r\u00e9formateur entend par ailleurs d\u00e9manteler les bandes \u00ab\u00a0qui pourrissent les quartiers du centre-ville et europ\u00e9en, de Neder-Over-Heembeek, Haren et Laeken par une traque sans merci faite aux dealers, aux voleurs et \u00e0 tout acte de violence\u00a0\u00bb, et cr\u00e9er une \u00c9cole des cadets de la police.<\/p>\n","protected":false},"excerpt":{"rendered":"<p>Le parti r\u00e9formateur entend par ailleurs d\u00e9manteler les bandes \u00ab\u00a0qui pourrissent les quartiers du centre-ville et europ\u00e9en\u00a0\u00bb. Le MR de Bruxelles-Ville a d\u00e9nonc\u00e9 jeudi \u00ab\u00a0l&rsquo;inaction politique et le laxisme ambiant depuis des ann\u00e9es en mati\u00e8re de s\u00e9curit\u00e9\u00a0\u00bb apr\u00e8s la publication de chiffres peu favorables sur la criminalit\u00e9 dans la capitale. \u00ab\u00a0Avec 37 d\u00e9lits par 100&hellip; <br \/> <a class=\"read-more\" href=\"https:\/\/telepolice.be\/index.php\/2019\/02\/01\/criminalite-a-bruxelles\/\">Lire la suite<\/a><\/p>\n","protected":false},"author":1,"featured_media":0,"comment_status":"open","ping_status":"closed","sticky":false,"template":"","format":"standard","meta":{"footnotes":""},"categories":[6],"tags":[],"class_list":["post-666","post","type-post","status-publish","format-standard","hentry","category-revue-de-presse"],"yoast_head":"<!-- This site is optimized with the Yoast SEO plugin v27.5 - https:\/\/yoast.com\/product\/yoast-seo-wordpress\/ -->\n<title>Criminalit\u00e9 \u00e0 Bruxelles : &quot;le fruit de l&#039;inaction politique et du laxisme ambiant&quot; - TELEPOLICE<\/title>\n<meta name=\"robots\" content=\"index, follow, max-snippet:-1, max-image-preview:large, max-video-preview:-1\" \/>\n<link rel=\"canonical\" href=\"https:\/\/telepolice.be\/index.php\/2019\/02\/01\/criminalite-a-bruxelles\/\" \/>\n<meta property=\"og:locale\" content=\"fr_FR\" \/>\n<meta property=\"og:type\" content=\"article\" \/>\n<meta property=\"og:title\" content=\"Criminalit\u00e9 \u00e0 Bruxelles : &quot;le fruit de l&#039;inaction politique et du laxisme ambiant&quot; - TELEPOLICE\" \/>\n<meta property=\"og:description\" content=\"Le parti r\u00e9formateur entend par ailleurs d\u00e9manteler les bandes \u00ab\u00a0qui pourrissent les quartiers du centre-ville et europ\u00e9en\u00a0\u00bb. Le MR de Bruxelles-Ville a d\u00e9nonc\u00e9 jeudi \u00ab\u00a0l&rsquo;inaction politique et le laxisme ambiant depuis des ann\u00e9es en mati\u00e8re de s\u00e9curit\u00e9\u00a0\u00bb apr\u00e8s la publication de chiffres peu favorables sur la criminalit\u00e9 dans la capitale. \u00ab\u00a0Avec 37 d\u00e9lits par 100&hellip; Lire la suite\" \/>\n<meta property=\"og:url\" content=\"https:\/\/telepolice.be\/index.php\/2019\/02\/01\/criminalite-a-bruxelles\/\" \/>\n<meta property=\"og:site_name\" content=\"TELEPOLICE\" \/>\n<meta property=\"article:published_time\" content=\"2019-02-01T11:01:02+00:00\" \/>\n<meta property=\"article:modified_time\" content=\"2019-05-10T08:24:34+00:00\" \/>\n<meta name=\"author\" content=\"admin\" \/>\n<meta name=\"twitter:card\" content=\"summary_large_image\" \/>\n<meta name=\"twitter:label1\" content=\"\u00c9crit par\" \/>\n\t<meta name=\"twitter:data1\" content=\"admin\" \/>\n\t<meta name=\"twitter:label2\" content=\"Dur\u00e9e de lecture estim\u00e9e\" \/>\n\t<meta name=\"twitter:data2\" content=\"1 minute\" \/>\n<script type=\"application\/ld+json\" class=\"yoast-schema-graph\">{\"@context\":\"https:\\\/\\\/schema.org\",\"@graph\":[{\"@type\":\"Article\",\"@id\":\"https:\\\/\\\/telepolice.be\\\/index.php\\\/2019\\\/02\\\/01\\\/criminalite-a-bruxelles\\\/#article\",\"isPartOf\":{\"@id\":\"https:\\\/\\\/telepolice.be\\\/index.php\\\/2019\\\/02\\\/01\\\/criminalite-a-bruxelles\\\/\"},\"author\":{\"name\":\"admin\",\"@id\":\"https:\\\/\\\/telepolice.be\\\/#\\\/schema\\\/person\\\/ca479b77454640f8f918dd017bd028bf\"},\"headline\":\"Criminalit\u00e9 \u00e0 Bruxelles : \u00ab\u00a0le fruit de l&rsquo;inaction politique et du laxisme ambiant\u00a0\u00bb\",\"datePublished\":\"2019-02-01T11:01:02+00:00\",\"dateModified\":\"2019-05-10T08:24:34+00:00\",\"mainEntityOfPage\":{\"@id\":\"https:\\\/\\\/telepolice.be\\\/index.php\\\/2019\\\/02\\\/01\\\/criminalite-a-bruxelles\\\/\"},\"wordCount\":268,\"commentCount\":0,\"publisher\":{\"@id\":\"https:\\\/\\\/telepolice.be\\\/#organization\"},\"articleSection\":[\"Revue De Presse\"],\"inLanguage\":\"fr-FR\",\"potentialAction\":[{\"@type\":\"CommentAction\",\"name\":\"Comment\",\"target\":[\"https:\\\/\\\/telepolice.be\\\/index.php\\\/2019\\\/02\\\/01\\\/criminalite-a-bruxelles\\\/#respond\"]}]},{\"@type\":\"WebPage\",\"@id\":\"https:\\\/\\\/telepolice.be\\\/index.php\\\/2019\\\/02\\\/01\\\/criminalite-a-bruxelles\\\/\",\"url\":\"https:\\\/\\\/telepolice.be\\\/index.php\\\/2019\\\/02\\\/01\\\/criminalite-a-bruxelles\\\/\",\"name\":\"Criminalit\u00e9 \u00e0 Bruxelles : \\\"le fruit de l'inaction politique et du laxisme ambiant\\\" - TELEPOLICE\",\"isPartOf\":{\"@id\":\"https:\\\/\\\/telepolice.be\\\/#website\"},\"datePublished\":\"2019-02-01T11:01:02+00:00\",\"dateModified\":\"2019-05-10T08:24:34+00:00\",\"breadcrumb\":{\"@id\":\"https:\\\/\\\/telepolice.be\\\/index.php\\\/2019\\\/02\\\/01\\\/criminalite-a-bruxelles\\\/#breadcrumb\"},\"inLanguage\":\"fr-FR\",\"potentialAction\":[{\"@type\":\"ReadAction\",\"target\":[\"https:\\\/\\\/telepolice.be\\\/index.php\\\/2019\\\/02\\\/01\\\/criminalite-a-bruxelles\\\/\"]}]},{\"@type\":\"BreadcrumbList\",\"@id\":\"https:\\\/\\\/telepolice.be\\\/index.php\\\/2019\\\/02\\\/01\\\/criminalite-a-bruxelles\\\/#breadcrumb\",\"itemListElement\":[{\"@type\":\"ListItem\",\"position\":1,\"name\":\"Accueil\",\"item\":\"https:\\\/\\\/telepolice.be\\\/\"},{\"@type\":\"ListItem\",\"position\":2,\"name\":\"Criminalit\u00e9 \u00e0 Bruxelles : \u00ab\u00a0le fruit de l&rsquo;inaction politique et du laxisme ambiant\u00a0\u00bb\"}]},{\"@type\":\"WebSite\",\"@id\":\"https:\\\/\\\/telepolice.be\\\/#website\",\"url\":\"https:\\\/\\\/telepolice.be\\\/\",\"name\":\"TELEPOLICE\",\"description\":\"Prot\u00e9gez votre entreprise\",\"publisher\":{\"@id\":\"https:\\\/\\\/telepolice.be\\\/#organization\"},\"potentialAction\":[{\"@type\":\"SearchAction\",\"target\":{\"@type\":\"EntryPoint\",\"urlTemplate\":\"https:\\\/\\\/telepolice.be\\\/?s={search_term_string}\"},\"query-input\":{\"@type\":\"PropertyValueSpecification\",\"valueRequired\":true,\"valueName\":\"search_term_string\"}}],\"inLanguage\":\"fr-FR\"},{\"@type\":\"Organization\",\"@id\":\"https:\\\/\\\/telepolice.be\\\/#organization\",\"name\":\"TELE POLICE\",\"url\":\"https:\\\/\\\/telepolice.be\\\/\",\"logo\":{\"@type\":\"ImageObject\",\"inLanguage\":\"fr-FR\",\"@id\":\"https:\\\/\\\/telepolice.be\\\/#\\\/schema\\\/logo\\\/image\\\/\",\"url\":\"https:\\\/\\\/telepolice.be\\\/wp-content\\\/uploads\\\/2019\\\/04\\\/cropped-logotelepolice-3.png\",\"contentUrl\":\"https:\\\/\\\/telepolice.be\\\/wp-content\\\/uploads\\\/2019\\\/04\\\/cropped-logotelepolice-3.png\",\"width\":408,\"height\":65,\"caption\":\"TELE POLICE\"},\"image\":{\"@id\":\"https:\\\/\\\/telepolice.be\\\/#\\\/schema\\\/logo\\\/image\\\/\"}},{\"@type\":\"Person\",\"@id\":\"https:\\\/\\\/telepolice.be\\\/#\\\/schema\\\/person\\\/ca479b77454640f8f918dd017bd028bf\",\"name\":\"admin\",\"image\":{\"@type\":\"ImageObject\",\"inLanguage\":\"fr-FR\",\"@id\":\"https:\\\/\\\/secure.gravatar.com\\\/avatar\\\/dd9167fd60efcd6c24559ffa4f391e918347b9cf398a5593e29d658b4ae5d443?s=96&d=mm&r=g\",\"url\":\"https:\\\/\\\/secure.gravatar.com\\\/avatar\\\/dd9167fd60efcd6c24559ffa4f391e918347b9cf398a5593e29d658b4ae5d443?s=96&d=mm&r=g\",\"contentUrl\":\"https:\\\/\\\/secure.gravatar.com\\\/avatar\\\/dd9167fd60efcd6c24559ffa4f391e918347b9cf398a5593e29d658b4ae5d443?s=96&d=mm&r=g\",\"caption\":\"admin\"},\"url\":\"https:\\\/\\\/telepolice.be\\\/index.php\\\/author\\\/web_telepolice\\\/\"}]}<\/script>\n<!-- \/ Yoast SEO plugin. -->","yoast_head_json":{"title":"Criminalit\u00e9 \u00e0 Bruxelles : \"le fruit de l'inaction politique et du laxisme ambiant\" - TELEPOLICE","robots":{"index":"index","follow":"follow","max-snippet":"max-snippet:-1","max-image-preview":"max-image-preview:large","max-video-preview":"max-video-preview:-1"},"canonical":"https:\/\/telepolice.be\/index.php\/2019\/02\/01\/criminalite-a-bruxelles\/","og_locale":"fr_FR","og_type":"article","og_title":"Criminalit\u00e9 \u00e0 Bruxelles : \"le fruit de l'inaction politique et du laxisme ambiant\" - TELEPOLICE","og_description":"Le parti r\u00e9formateur entend par ailleurs d\u00e9manteler les bandes \u00ab\u00a0qui pourrissent les quartiers du centre-ville et europ\u00e9en\u00a0\u00bb. Le MR de Bruxelles-Ville a d\u00e9nonc\u00e9 jeudi \u00ab\u00a0l&rsquo;inaction politique et le laxisme ambiant depuis des ann\u00e9es en mati\u00e8re de s\u00e9curit\u00e9\u00a0\u00bb apr\u00e8s la publication de chiffres peu favorables sur la criminalit\u00e9 dans la capitale. \u00ab\u00a0Avec 37 d\u00e9lits par 100&hellip; Lire la suite","og_url":"https:\/\/telepolice.be\/index.php\/2019\/02\/01\/criminalite-a-bruxelles\/","og_site_name":"TELEPOLICE","article_published_time":"2019-02-01T11:01:02+00:00","article_modified_time":"2019-05-10T08:24:34+00:00","author":"admin","twitter_card":"summary_large_image","twitter_misc":{"\u00c9crit par":"admin","Dur\u00e9e de lecture estim\u00e9e":"1 minute"},"schema":{"@context":"https:\/\/schema.org","@graph":[{"@type":"Article","@id":"https:\/\/telepolice.be\/index.php\/2019\/02\/01\/criminalite-a-bruxelles\/#article","isPartOf":{"@id":"https:\/\/telepolice.be\/index.php\/2019\/02\/01\/criminalite-a-bruxelles\/"},"author":{"name":"admin","@id":"https:\/\/telepolice.be\/#\/schema\/person\/ca479b77454640f8f918dd017bd028bf"},"headline":"Criminalit\u00e9 \u00e0 Bruxelles : \u00ab\u00a0le fruit de l&rsquo;inaction politique et du laxisme ambiant\u00a0\u00bb","datePublished":"2019-02-01T11:01:02+00:00","dateModified":"2019-05-10T08:24:34+00:00","mainEntityOfPage":{"@id":"https:\/\/telepolice.be\/index.php\/2019\/02\/01\/criminalite-a-bruxelles\/"},"wordCount":268,"commentCount":0,"publisher":{"@id":"https:\/\/telepolice.be\/#organization"},"articleSection":["Revue De Presse"],"inLanguage":"fr-FR","potentialAction":[{"@type":"CommentAction","name":"Comment","target":["https:\/\/telepolice.be\/index.php\/2019\/02\/01\/criminalite-a-bruxelles\/#respond"]}]},{"@type":"WebPage","@id":"https:\/\/telepolice.be\/index.php\/2019\/02\/01\/criminalite-a-bruxelles\/","url":"https:\/\/telepolice.be\/index.php\/2019\/02\/01\/criminalite-a-bruxelles\/","name":"Criminalit\u00e9 \u00e0 Bruxelles : \"le fruit de l'inaction politique et du laxisme ambiant\" - TELEPOLICE","isPartOf":{"@id":"https:\/\/telepolice.be\/#website"},"datePublished":"2019-02-01T11:01:02+00:00","dateModified":"2019-05-10T08:24:34+00:00","breadcrumb":{"@id":"https:\/\/telepolice.be\/index.php\/2019\/02\/01\/criminalite-a-bruxelles\/#breadcrumb"},"inLanguage":"fr-FR","potentialAction":[{"@type":"ReadAction","target":["https:\/\/telepolice.be\/index.php\/2019\/02\/01\/criminalite-a-bruxelles\/"]}]},{"@type":"BreadcrumbList","@id":"https:\/\/telepolice.be\/index.php\/2019\/02\/01\/criminalite-a-bruxelles\/#breadcrumb","itemListElement":[{"@type":"ListItem","position":1,"name":"Accueil","item":"https:\/\/telepolice.be\/"},{"@type":"ListItem","position":2,"name":"Criminalit\u00e9 \u00e0 Bruxelles : \u00ab\u00a0le fruit de l&rsquo;inaction politique et du laxisme ambiant\u00a0\u00bb"}]},{"@type":"WebSite","@id":"https:\/\/telepolice.be\/#website","url":"https:\/\/telepolice.be\/","name":"TELEPOLICE","description":"Prot\u00e9gez votre entreprise","publisher":{"@id":"https:\/\/telepolice.be\/#organization"},"potentialAction":[{"@type":"SearchAction","target":{"@type":"EntryPoint","urlTemplate":"https:\/\/telepolice.be\/?s={search_term_string}"},"query-input":{"@type":"PropertyValueSpecification","valueRequired":true,"valueName":"search_term_string"}}],"inLanguage":"fr-FR"},{"@type":"Organization","@id":"https:\/\/telepolice.be\/#organization","name":"TELE POLICE","url":"https:\/\/telepolice.be\/","logo":{"@type":"ImageObject","inLanguage":"fr-FR","@id":"https:\/\/telepolice.be\/#\/schema\/logo\/image\/","url":"https:\/\/telepolice.be\/wp-content\/uploads\/2019\/04\/cropped-logotelepolice-3.png","contentUrl":"https:\/\/telepolice.be\/wp-content\/uploads\/2019\/04\/cropped-logotelepolice-3.png","width":408,"height":65,"caption":"TELE POLICE"},"image":{"@id":"https:\/\/telepolice.be\/#\/schema\/logo\/image\/"}},{"@type":"Person","@id":"https:\/\/telepolice.be\/#\/schema\/person\/ca479b77454640f8f918dd017bd028bf","name":"admin","image":{"@type":"ImageObject","inLanguage":"fr-FR","@id":"https:\/\/secure.gravatar.com\/avatar\/dd9167fd60efcd6c24559ffa4f391e918347b9cf398a5593e29d658b4ae5d443?s=96&d=mm&r=g","url":"https:\/\/secure.gravatar.com\/avatar\/dd9167fd60efcd6c24559ffa4f391e918347b9cf398a5593e29d658b4ae5d443?s=96&d=mm&r=g","contentUrl":"https:\/\/secure.gravatar.com\/avatar\/dd9167fd60efcd6c24559ffa4f391e918347b9cf398a5593e29d658b4ae5d443?s=96&d=mm&r=g","caption":"admin"},"url":"https:\/\/telepolice.be\/index.php\/author\/web_telepolice\/"}]}},"_links":{"self":[{"href":"https:\/\/telepolice.be\/index.php\/wp-json\/wp\/v2\/posts\/666","targetHints":{"allow":["GET"]}}],"collection":[{"href":"https:\/\/telepolice.be\/index.php\/wp-json\/wp\/v2\/posts"}],"about":[{"href":"https:\/\/telepolice.be\/index.php\/wp-json\/wp\/v2\/types\/post"}],"author":[{"embeddable":true,"href":"https:\/\/telepolice.be\/index.php\/wp-json\/wp\/v2\/users\/1"}],"replies":[{"embeddable":true,"href":"https:\/\/telepolice.be\/index.php\/wp-json\/wp\/v2\/comments?post=666"}],"version-history":[{"count":3,"href":"https:\/\/telepolice.be\/index.php\/wp-json\/wp\/v2\/posts\/666\/revisions"}],"predecessor-version":[{"id":2763,"href":"https:\/\/telepolice.be\/index.php\/wp-json\/wp\/v2\/posts\/666\/revisions\/2763"}],"wp:attachment":[{"href":"https:\/\/telepolice.be\/index.php\/wp-json\/wp\/v2\/media?parent=666"}],"wp:term":[{"taxonomy":"category","embeddable":true,"href":"https:\/\/telepolice.be\/index.php\/wp-json\/wp\/v2\/categories?post=666"},{"taxonomy":"post_tag","embeddable":true,"href":"https:\/\/telepolice.be\/index.php\/wp-json\/wp\/v2\/tags?post=666"}],"curies":[{"name":"wp","href":"https:\/\/api.w.org\/{rel}","templated":true}]}}