{"id":665,"date":"2019-04-01T11:01:02","date_gmt":"2019-04-01T09:01:02","guid":{"rendered":"https:\/\/telepolice.be\/index.php\/2019\/04\/01\/systeme-anti-agressionstelepolice-vision\/"},"modified":"2019-05-10T14:05:27","modified_gmt":"2019-05-10T12:05:27","slug":"systeme-anti-agressionstelepolice-vision","status":"publish","type":"post","link":"https:\/\/telepolice.be\/index.php\/2019\/04\/01\/systeme-anti-agressionstelepolice-vision\/","title":{"rendered":"Syst\u00e8me anti-agressions T\u00e9l\u00e9police Vision !"},"content":{"rendered":"<h4>B\u00e9n\u00e9ficiez d\u2019une prime communale pour prot\u00e9ger votre commerce contre les vols et les agressions.<\/h4>\n<p>Afin d\u2019am\u00e9liorer la s\u00e9curit\u00e9 des commer\u00e7ants et pour lutter plus efficacement contre l\u2019augmentation du nombre de vols et d\u2019agressions \u00e0 laquelle se voit confront\u00e9e cette profession, la commune d\u2019Etterbeek a d\u00e9cid\u00e9 de mettre en place une prime destin\u00e9e \u00e0 les aider dans l\u2019installation d\u2019un outil de pr\u00e9vention et de protection particuli\u00e8rement efficace : le syst\u00e8me T\u00e9l\u00e9police Vision.<\/p>\n<h4>Comment fonctionne ce syst\u00e8me ?<\/h4>\n<p>Une cam\u00e9ra est install\u00e9e dans votre commerce et enregistre en permanence (24h\/24, 365 jours par an) tout ce qui s\u2019y passe. Ces informations (images et sons) peuvent \u00e9galement \u00eatre consult\u00e9es \u00e0 tout moment et \u00e0 distance via internet. En cas de besoin, elles seront transmises en direct au dis-patching de la zone de police Montgomery sur simple pression du bouton \u00ab SOS \u00bb incorpor\u00e9 \u00e0 la t\u00e9l\u00e9commande qui vous sera fournie lors de l\u2019installation du syst\u00e8me.<\/p>\n<h4>Quel est le montant de la prime ?<\/h4>\n<p>Le soutien financier de la commune couvre jusqu\u2019\u00e0 50% maximum de la somme investie. Concr\u00e8tement, vos frais d\u2019installation vous sont rembours\u00e9s \u00e0 concurrence de 50% et la commune intervient aussi pour 50% dans vos frais mensuels d\u2019abonnement au syst\u00e8me T\u00e9l\u00e9\u00acpolice Vision.<\/p>\n<p>Pour b\u00e9n\u00e9ficier de cette prime, il suffit de r\u00e9pondre aux deux conditions suivantes :<\/p>\n<ul>\n<li>Votre commerce doit \u00eatre situ\u00e9 sur le territoire communal.<\/li>\n<li>Il doit \u00eatre reli\u00e9 au syst\u00e8me de vid\u00e9o surveillance T\u00e9l\u00e9police Vision.<\/li>\n<\/ul>\n<p>Int\u00e9ress\u00e9 ? Il ne vous reste alors plus qu\u2019\u00e0 effectuer les deux d\u00e9marches suivantes :<\/p>\n<p>1.\u00a0Faire installer dans votre commerce le syst\u00e8me de vid\u00e9o surveillance T\u00e9l\u00e9police Vision par la firme LMD sprl\u00a0 \u201302 318\u00a0 50\u00a0 90 \u2013\u00a0<a href=\"http:\/\/www.telepolice.be\/\" target=\"_blank\" rel=\"noopener noreferrer\">www.telepolice.be<\/a>)<\/p>\n<p>2.\u00a0Adresser votre demande de prime communale via le formulaire ad hoc (que vous pouvez\u00a0<a class=\"internal-link\" href=\"http:\/\/www.etterbeek.irisnet.be\/archives\/2012\/juin\/pdf\/Tlpolice.pdf\" target=\"_blank\" rel=\"noopener noreferrer\">t\u00e9l\u00e9charger ici<\/a>) par courrier recommand\u00e9 au coll\u00e8ge des bourgmestre et \u00e9chevins (guichet unique des Classes moyennes \u2013 rez-de-chauss\u00e9e de l\u2019h\u00f4tel communal \u2013 ave\u00acnue d\u2019Auderghem, 113 \u00e0 1040 Etterbeek). Ou d\u00e9posez-le, contre accus\u00e9 de r\u00e9ception, directement sur place.<\/p>\n<p><strong>Pour plus d\u2019information :<br \/>\n<\/strong>Guichet unique des Classes moyennes \u2013 02\/627.23.35 \u2013\u00a0<span id=\"cloak1de99619cae6071e4ddde37e96d9d4b1\"><a href=\"mailto:classesmoyennes@etterbeek.be\">classesmoyennes@etterbeek.be<\/a><\/span><\/p>\n","protected":false},"excerpt":{"rendered":"<p>B\u00e9n\u00e9ficiez d\u2019une prime communale pour prot\u00e9ger votre commerce contre les vols et les agressions. Afin d\u2019am\u00e9liorer la s\u00e9curit\u00e9 des commer\u00e7ants et pour lutter plus efficacement contre l\u2019augmentation du nombre de vols et d\u2019agressions \u00e0 laquelle se voit confront\u00e9e cette profession, la commune d\u2019Etterbeek a d\u00e9cid\u00e9 de mettre en place une prime destin\u00e9e \u00e0 les aider&hellip; <br \/> <a class=\"read-more\" href=\"https:\/\/telepolice.be\/index.php\/2019\/04\/01\/systeme-anti-agressionstelepolice-vision\/\">Lire la suite<\/a><\/p>\n","protected":false},"author":1,"featured_media":1044,"comment_status":"closed","ping_status":"closed","sticky":false,"template":"","format":"standard","meta":{"footnotes":""},"categories":[6],"tags":[],"class_list":["post-665","post","type-post","status-publish","format-standard","has-post-thumbnail","hentry","category-revue-de-presse"],"yoast_head":"<!-- This site is optimized with the Yoast SEO plugin v27.5 - https:\/\/yoast.com\/product\/yoast-seo-wordpress\/ -->\n<title>Syst\u00e8me anti-agressions T\u00e9l\u00e9police Vision ! - TELEPOLICE<\/title>\n<meta name=\"robots\" content=\"index, follow, max-snippet:-1, max-image-preview:large, max-video-preview:-1\" \/>\n<link rel=\"canonical\" href=\"https:\/\/telepolice.be\/index.php\/2019\/04\/01\/systeme-anti-agressionstelepolice-vision\/\" \/>\n<meta property=\"og:locale\" content=\"fr_FR\" \/>\n<meta property=\"og:type\" content=\"article\" \/>\n<meta property=\"og:title\" content=\"Syst\u00e8me anti-agressions T\u00e9l\u00e9police Vision ! - TELEPOLICE\" \/>\n<meta property=\"og:description\" content=\"B\u00e9n\u00e9ficiez d\u2019une prime communale pour prot\u00e9ger votre commerce contre les vols et les agressions. Afin d\u2019am\u00e9liorer la s\u00e9curit\u00e9 des commer\u00e7ants et pour lutter plus efficacement contre l\u2019augmentation du nombre de vols et d\u2019agressions \u00e0 laquelle se voit confront\u00e9e cette profession, la commune d\u2019Etterbeek a d\u00e9cid\u00e9 de mettre en place une prime destin\u00e9e \u00e0 les aider&hellip; Lire la suite\" \/>\n<meta property=\"og:url\" content=\"https:\/\/telepolice.be\/index.php\/2019\/04\/01\/systeme-anti-agressionstelepolice-vision\/\" \/>\n<meta property=\"og:site_name\" content=\"TELEPOLICE\" \/>\n<meta property=\"article:published_time\" content=\"2019-04-01T09:01:02+00:00\" \/>\n<meta property=\"article:modified_time\" content=\"2019-05-10T12:05:27+00:00\" \/>\n<meta property=\"og:image\" content=\"https:\/\/telepolice.be\/wp-content\/uploads\/2019\/04\/51b7955fe4b0de6db982cc39.jpg\" \/>\n\t<meta property=\"og:image:width\" content=\"620\" \/>\n\t<meta property=\"og:image:height\" content=\"310\" \/>\n\t<meta property=\"og:image:type\" content=\"image\/jpeg\" \/>\n<meta name=\"author\" content=\"admin\" \/>\n<meta name=\"twitter:card\" content=\"summary_large_image\" \/>\n<meta name=\"twitter:label1\" content=\"\u00c9crit par\" \/>\n\t<meta name=\"twitter:data1\" content=\"admin\" \/>\n\t<meta name=\"twitter:label2\" content=\"Dur\u00e9e de lecture estim\u00e9e\" \/>\n\t<meta name=\"twitter:data2\" content=\"2 minutes\" \/>\n<script type=\"application\/ld+json\" class=\"yoast-schema-graph\">{\"@context\":\"https:\\\/\\\/schema.org\",\"@graph\":[{\"@type\":\"Article\",\"@id\":\"https:\\\/\\\/telepolice.be\\\/index.php\\\/2019\\\/04\\\/01\\\/systeme-anti-agressionstelepolice-vision\\\/#article\",\"isPartOf\":{\"@id\":\"https:\\\/\\\/telepolice.be\\\/index.php\\\/2019\\\/04\\\/01\\\/systeme-anti-agressionstelepolice-vision\\\/\"},\"author\":{\"name\":\"admin\",\"@id\":\"https:\\\/\\\/telepolice.be\\\/#\\\/schema\\\/person\\\/ca479b77454640f8f918dd017bd028bf\"},\"headline\":\"Syst\u00e8me anti-agressions T\u00e9l\u00e9police Vision !\",\"datePublished\":\"2019-04-01T09:01:02+00:00\",\"dateModified\":\"2019-05-10T12:05:27+00:00\",\"mainEntityOfPage\":{\"@id\":\"https:\\\/\\\/telepolice.be\\\/index.php\\\/2019\\\/04\\\/01\\\/systeme-anti-agressionstelepolice-vision\\\/\"},\"wordCount\":377,\"publisher\":{\"@id\":\"https:\\\/\\\/telepolice.be\\\/#organization\"},\"image\":{\"@id\":\"https:\\\/\\\/telepolice.be\\\/index.php\\\/2019\\\/04\\\/01\\\/systeme-anti-agressionstelepolice-vision\\\/#primaryimage\"},\"thumbnailUrl\":\"https:\\\/\\\/telepolice.be\\\/wp-content\\\/uploads\\\/2019\\\/04\\\/51b7955fe4b0de6db982cc39.jpg\",\"articleSection\":[\"Revue De Presse\"],\"inLanguage\":\"fr-FR\"},{\"@type\":\"WebPage\",\"@id\":\"https:\\\/\\\/telepolice.be\\\/index.php\\\/2019\\\/04\\\/01\\\/systeme-anti-agressionstelepolice-vision\\\/\",\"url\":\"https:\\\/\\\/telepolice.be\\\/index.php\\\/2019\\\/04\\\/01\\\/systeme-anti-agressionstelepolice-vision\\\/\",\"name\":\"Syst\u00e8me anti-agressions T\u00e9l\u00e9police Vision ! - TELEPOLICE\",\"isPartOf\":{\"@id\":\"https:\\\/\\\/telepolice.be\\\/#website\"},\"primaryImageOfPage\":{\"@id\":\"https:\\\/\\\/telepolice.be\\\/index.php\\\/2019\\\/04\\\/01\\\/systeme-anti-agressionstelepolice-vision\\\/#primaryimage\"},\"image\":{\"@id\":\"https:\\\/\\\/telepolice.be\\\/index.php\\\/2019\\\/04\\\/01\\\/systeme-anti-agressionstelepolice-vision\\\/#primaryimage\"},\"thumbnailUrl\":\"https:\\\/\\\/telepolice.be\\\/wp-content\\\/uploads\\\/2019\\\/04\\\/51b7955fe4b0de6db982cc39.jpg\",\"datePublished\":\"2019-04-01T09:01:02+00:00\",\"dateModified\":\"2019-05-10T12:05:27+00:00\",\"breadcrumb\":{\"@id\":\"https:\\\/\\\/telepolice.be\\\/index.php\\\/2019\\\/04\\\/01\\\/systeme-anti-agressionstelepolice-vision\\\/#breadcrumb\"},\"inLanguage\":\"fr-FR\",\"potentialAction\":[{\"@type\":\"ReadAction\",\"target\":[\"https:\\\/\\\/telepolice.be\\\/index.php\\\/2019\\\/04\\\/01\\\/systeme-anti-agressionstelepolice-vision\\\/\"]}]},{\"@type\":\"ImageObject\",\"inLanguage\":\"fr-FR\",\"@id\":\"https:\\\/\\\/telepolice.be\\\/index.php\\\/2019\\\/04\\\/01\\\/systeme-anti-agressionstelepolice-vision\\\/#primaryimage\",\"url\":\"https:\\\/\\\/telepolice.be\\\/wp-content\\\/uploads\\\/2019\\\/04\\\/51b7955fe4b0de6db982cc39.jpg\",\"contentUrl\":\"https:\\\/\\\/telepolice.be\\\/wp-content\\\/uploads\\\/2019\\\/04\\\/51b7955fe4b0de6db982cc39.jpg\",\"width\":620,\"height\":310},{\"@type\":\"BreadcrumbList\",\"@id\":\"https:\\\/\\\/telepolice.be\\\/index.php\\\/2019\\\/04\\\/01\\\/systeme-anti-agressionstelepolice-vision\\\/#breadcrumb\",\"itemListElement\":[{\"@type\":\"ListItem\",\"position\":1,\"name\":\"Accueil\",\"item\":\"https:\\\/\\\/telepolice.be\\\/\"},{\"@type\":\"ListItem\",\"position\":2,\"name\":\"Syst\u00e8me anti-agressions T\u00e9l\u00e9police Vision !\"}]},{\"@type\":\"WebSite\",\"@id\":\"https:\\\/\\\/telepolice.be\\\/#website\",\"url\":\"https:\\\/\\\/telepolice.be\\\/\",\"name\":\"TELEPOLICE\",\"description\":\"Prot\u00e9gez votre entreprise\",\"publisher\":{\"@id\":\"https:\\\/\\\/telepolice.be\\\/#organization\"},\"potentialAction\":[{\"@type\":\"SearchAction\",\"target\":{\"@type\":\"EntryPoint\",\"urlTemplate\":\"https:\\\/\\\/telepolice.be\\\/?s={search_term_string}\"},\"query-input\":{\"@type\":\"PropertyValueSpecification\",\"valueRequired\":true,\"valueName\":\"search_term_string\"}}],\"inLanguage\":\"fr-FR\"},{\"@type\":\"Organization\",\"@id\":\"https:\\\/\\\/telepolice.be\\\/#organization\",\"name\":\"TELE POLICE\",\"url\":\"https:\\\/\\\/telepolice.be\\\/\",\"logo\":{\"@type\":\"ImageObject\",\"inLanguage\":\"fr-FR\",\"@id\":\"https:\\\/\\\/telepolice.be\\\/#\\\/schema\\\/logo\\\/image\\\/\",\"url\":\"https:\\\/\\\/telepolice.be\\\/wp-content\\\/uploads\\\/2019\\\/04\\\/cropped-logotelepolice-3.png\",\"contentUrl\":\"https:\\\/\\\/telepolice.be\\\/wp-content\\\/uploads\\\/2019\\\/04\\\/cropped-logotelepolice-3.png\",\"width\":408,\"height\":65,\"caption\":\"TELE POLICE\"},\"image\":{\"@id\":\"https:\\\/\\\/telepolice.be\\\/#\\\/schema\\\/logo\\\/image\\\/\"}},{\"@type\":\"Person\",\"@id\":\"https:\\\/\\\/telepolice.be\\\/#\\\/schema\\\/person\\\/ca479b77454640f8f918dd017bd028bf\",\"name\":\"admin\",\"image\":{\"@type\":\"ImageObject\",\"inLanguage\":\"fr-FR\",\"@id\":\"https:\\\/\\\/secure.gravatar.com\\\/avatar\\\/dd9167fd60efcd6c24559ffa4f391e918347b9cf398a5593e29d658b4ae5d443?s=96&d=mm&r=g\",\"url\":\"https:\\\/\\\/secure.gravatar.com\\\/avatar\\\/dd9167fd60efcd6c24559ffa4f391e918347b9cf398a5593e29d658b4ae5d443?s=96&d=mm&r=g\",\"contentUrl\":\"https:\\\/\\\/secure.gravatar.com\\\/avatar\\\/dd9167fd60efcd6c24559ffa4f391e918347b9cf398a5593e29d658b4ae5d443?s=96&d=mm&r=g\",\"caption\":\"admin\"},\"url\":\"https:\\\/\\\/telepolice.be\\\/index.php\\\/author\\\/web_telepolice\\\/\"}]}<\/script>\n<!-- \/ Yoast SEO plugin. -->","yoast_head_json":{"title":"Syst\u00e8me anti-agressions T\u00e9l\u00e9police Vision ! - TELEPOLICE","robots":{"index":"index","follow":"follow","max-snippet":"max-snippet:-1","max-image-preview":"max-image-preview:large","max-video-preview":"max-video-preview:-1"},"canonical":"https:\/\/telepolice.be\/index.php\/2019\/04\/01\/systeme-anti-agressionstelepolice-vision\/","og_locale":"fr_FR","og_type":"article","og_title":"Syst\u00e8me anti-agressions T\u00e9l\u00e9police Vision ! - TELEPOLICE","og_description":"B\u00e9n\u00e9ficiez d\u2019une prime communale pour prot\u00e9ger votre commerce contre les vols et les agressions. Afin d\u2019am\u00e9liorer la s\u00e9curit\u00e9 des commer\u00e7ants et pour lutter plus efficacement contre l\u2019augmentation du nombre de vols et d\u2019agressions \u00e0 laquelle se voit confront\u00e9e cette profession, la commune d\u2019Etterbeek a d\u00e9cid\u00e9 de mettre en place une prime destin\u00e9e \u00e0 les aider&hellip; Lire la suite","og_url":"https:\/\/telepolice.be\/index.php\/2019\/04\/01\/systeme-anti-agressionstelepolice-vision\/","og_site_name":"TELEPOLICE","article_published_time":"2019-04-01T09:01:02+00:00","article_modified_time":"2019-05-10T12:05:27+00:00","og_image":[{"width":620,"height":310,"url":"https:\/\/telepolice.be\/wp-content\/uploads\/2019\/04\/51b7955fe4b0de6db982cc39.jpg","type":"image\/jpeg"}],"author":"admin","twitter_card":"summary_large_image","twitter_misc":{"\u00c9crit par":"admin","Dur\u00e9e de lecture estim\u00e9e":"2 minutes"},"schema":{"@context":"https:\/\/schema.org","@graph":[{"@type":"Article","@id":"https:\/\/telepolice.be\/index.php\/2019\/04\/01\/systeme-anti-agressionstelepolice-vision\/#article","isPartOf":{"@id":"https:\/\/telepolice.be\/index.php\/2019\/04\/01\/systeme-anti-agressionstelepolice-vision\/"},"author":{"name":"admin","@id":"https:\/\/telepolice.be\/#\/schema\/person\/ca479b77454640f8f918dd017bd028bf"},"headline":"Syst\u00e8me anti-agressions T\u00e9l\u00e9police Vision !","datePublished":"2019-04-01T09:01:02+00:00","dateModified":"2019-05-10T12:05:27+00:00","mainEntityOfPage":{"@id":"https:\/\/telepolice.be\/index.php\/2019\/04\/01\/systeme-anti-agressionstelepolice-vision\/"},"wordCount":377,"publisher":{"@id":"https:\/\/telepolice.be\/#organization"},"image":{"@id":"https:\/\/telepolice.be\/index.php\/2019\/04\/01\/systeme-anti-agressionstelepolice-vision\/#primaryimage"},"thumbnailUrl":"https:\/\/telepolice.be\/wp-content\/uploads\/2019\/04\/51b7955fe4b0de6db982cc39.jpg","articleSection":["Revue De Presse"],"inLanguage":"fr-FR"},{"@type":"WebPage","@id":"https:\/\/telepolice.be\/index.php\/2019\/04\/01\/systeme-anti-agressionstelepolice-vision\/","url":"https:\/\/telepolice.be\/index.php\/2019\/04\/01\/systeme-anti-agressionstelepolice-vision\/","name":"Syst\u00e8me anti-agressions T\u00e9l\u00e9police Vision ! - TELEPOLICE","isPartOf":{"@id":"https:\/\/telepolice.be\/#website"},"primaryImageOfPage":{"@id":"https:\/\/telepolice.be\/index.php\/2019\/04\/01\/systeme-anti-agressionstelepolice-vision\/#primaryimage"},"image":{"@id":"https:\/\/telepolice.be\/index.php\/2019\/04\/01\/systeme-anti-agressionstelepolice-vision\/#primaryimage"},"thumbnailUrl":"https:\/\/telepolice.be\/wp-content\/uploads\/2019\/04\/51b7955fe4b0de6db982cc39.jpg","datePublished":"2019-04-01T09:01:02+00:00","dateModified":"2019-05-10T12:05:27+00:00","breadcrumb":{"@id":"https:\/\/telepolice.be\/index.php\/2019\/04\/01\/systeme-anti-agressionstelepolice-vision\/#breadcrumb"},"inLanguage":"fr-FR","potentialAction":[{"@type":"ReadAction","target":["https:\/\/telepolice.be\/index.php\/2019\/04\/01\/systeme-anti-agressionstelepolice-vision\/"]}]},{"@type":"ImageObject","inLanguage":"fr-FR","@id":"https:\/\/telepolice.be\/index.php\/2019\/04\/01\/systeme-anti-agressionstelepolice-vision\/#primaryimage","url":"https:\/\/telepolice.be\/wp-content\/uploads\/2019\/04\/51b7955fe4b0de6db982cc39.jpg","contentUrl":"https:\/\/telepolice.be\/wp-content\/uploads\/2019\/04\/51b7955fe4b0de6db982cc39.jpg","width":620,"height":310},{"@type":"BreadcrumbList","@id":"https:\/\/telepolice.be\/index.php\/2019\/04\/01\/systeme-anti-agressionstelepolice-vision\/#breadcrumb","itemListElement":[{"@type":"ListItem","position":1,"name":"Accueil","item":"https:\/\/telepolice.be\/"},{"@type":"ListItem","position":2,"name":"Syst\u00e8me anti-agressions T\u00e9l\u00e9police Vision !"}]},{"@type":"WebSite","@id":"https:\/\/telepolice.be\/#website","url":"https:\/\/telepolice.be\/","name":"TELEPOLICE","description":"Prot\u00e9gez votre entreprise","publisher":{"@id":"https:\/\/telepolice.be\/#organization"},"potentialAction":[{"@type":"SearchAction","target":{"@type":"EntryPoint","urlTemplate":"https:\/\/telepolice.be\/?s={search_term_string}"},"query-input":{"@type":"PropertyValueSpecification","valueRequired":true,"valueName":"search_term_string"}}],"inLanguage":"fr-FR"},{"@type":"Organization","@id":"https:\/\/telepolice.be\/#organization","name":"TELE POLICE","url":"https:\/\/telepolice.be\/","logo":{"@type":"ImageObject","inLanguage":"fr-FR","@id":"https:\/\/telepolice.be\/#\/schema\/logo\/image\/","url":"https:\/\/telepolice.be\/wp-content\/uploads\/2019\/04\/cropped-logotelepolice-3.png","contentUrl":"https:\/\/telepolice.be\/wp-content\/uploads\/2019\/04\/cropped-logotelepolice-3.png","width":408,"height":65,"caption":"TELE POLICE"},"image":{"@id":"https:\/\/telepolice.be\/#\/schema\/logo\/image\/"}},{"@type":"Person","@id":"https:\/\/telepolice.be\/#\/schema\/person\/ca479b77454640f8f918dd017bd028bf","name":"admin","image":{"@type":"ImageObject","inLanguage":"fr-FR","@id":"https:\/\/secure.gravatar.com\/avatar\/dd9167fd60efcd6c24559ffa4f391e918347b9cf398a5593e29d658b4ae5d443?s=96&d=mm&r=g","url":"https:\/\/secure.gravatar.com\/avatar\/dd9167fd60efcd6c24559ffa4f391e918347b9cf398a5593e29d658b4ae5d443?s=96&d=mm&r=g","contentUrl":"https:\/\/secure.gravatar.com\/avatar\/dd9167fd60efcd6c24559ffa4f391e918347b9cf398a5593e29d658b4ae5d443?s=96&d=mm&r=g","caption":"admin"},"url":"https:\/\/telepolice.be\/index.php\/author\/web_telepolice\/"}]}},"_links":{"self":[{"href":"https:\/\/telepolice.be\/index.php\/wp-json\/wp\/v2\/posts\/665","targetHints":{"allow":["GET"]}}],"collection":[{"href":"https:\/\/telepolice.be\/index.php\/wp-json\/wp\/v2\/posts"}],"about":[{"href":"https:\/\/telepolice.be\/index.php\/wp-json\/wp\/v2\/types\/post"}],"author":[{"embeddable":true,"href":"https:\/\/telepolice.be\/index.php\/wp-json\/wp\/v2\/users\/1"}],"replies":[{"embeddable":true,"href":"https:\/\/telepolice.be\/index.php\/wp-json\/wp\/v2\/comments?post=665"}],"version-history":[{"count":4,"href":"https:\/\/telepolice.be\/index.php\/wp-json\/wp\/v2\/posts\/665\/revisions"}],"predecessor-version":[{"id":2834,"href":"https:\/\/telepolice.be\/index.php\/wp-json\/wp\/v2\/posts\/665\/revisions\/2834"}],"wp:featuredmedia":[{"embeddable":true,"href":"https:\/\/telepolice.be\/index.php\/wp-json\/wp\/v2\/media\/1044"}],"wp:attachment":[{"href":"https:\/\/telepolice.be\/index.php\/wp-json\/wp\/v2\/media?parent=665"}],"wp:term":[{"taxonomy":"category","embeddable":true,"href":"https:\/\/telepolice.be\/index.php\/wp-json\/wp\/v2\/categories?post=665"},{"taxonomy":"post_tag","embeddable":true,"href":"https:\/\/telepolice.be\/index.php\/wp-json\/wp\/v2\/tags?post=665"}],"curies":[{"name":"wp","href":"https:\/\/api.w.org\/{rel}","templated":true}]}}