{"id":658,"date":"2019-04-01T11:00:57","date_gmt":"2019-04-01T11:00:57","guid":{"rendered":"https:\/\/telepolice.be\/index.php\/2019\/04\/01\/braqueur-arrete-a-evere\/"},"modified":"2019-05-10T12:20:42","modified_gmt":"2019-05-10T10:20:42","slug":"braqueur-arrete-a-evere","status":"publish","type":"post","link":"https:\/\/telepolice.be\/index.php\/2019\/04\/01\/braqueur-arrete-a-evere\/","title":{"rendered":"Braqueur arr\u00eat\u00e9 \u00e0 Evere"},"content":{"rendered":"<p style=\"font-weight: 400;\"><b><strong><img loading=\"lazy\" decoding=\"async\" class=\"alignleft size-full wp-image-2816\" src=\"https:\/\/telepolice.be\/wp-content\/uploads\/2019\/04\/001fd04cfc220e2a3df30c-1.jpg\" alt=\"\" width=\"300\" height=\"235\" \/>Un homme de 26 ans a braqu\u00e9, jeudi, peu avant 19 heure le magasin Delhaize, situ\u00e9 place de la Paix, \u00e0 Evere.\u00a0\u00a0Cette agression\u00a0a \u00e9t\u00e9 commise avec une arme \u00e0 feu, a indiqu\u00e9 vendredi, Roland Thi\u00e9bault, porte-parole de la zone de police Bruxelles-nord.<\/strong><\/b><\/p>\n<p style=\"font-weight: 400;\">Le syst\u00e8me de surveillance T\u00e9l\u00e9police Vision\u00a0a ainsi jou\u00e9 un r\u00f4le de premier plan. Comme plusieurs commer\u00e7ants de la zone Bruxelles-nord, le supermarch\u00e9 Delhaize de la place de la Paix s\u2019est \u00e9quip\u00e9 d\u2019un syst\u00e8me d\u2019appel audio et vid\u00e9o les reliant directement \u00e0 la police locale.<\/p>\n<p style=\"font-weight: 400;\">Apr\u00e8s avoir err\u00e9 dans le magasin comme un client, Bilal s\u2019est pr\u00e9sent\u00e9 \u00e0 la caisse avec des achats\u00a0 et a surpris la caissi\u00e8re en jaillissant une arme pendant qu\u2019elle commen\u00e7ait \u00e0 scanner les achats pos\u00e9s sur le tapis de la caisse.<br \/>\nL\u2019homme a sorti son arme\u00a0 et lui a\u00a0demand\u00e9 de vider le contenu de la caisse soit 600 \u20ac. Les deux employ\u00e9es pr\u00e9sentes ont \u00e9t\u00e9 ma\u00eetris\u00e9es sur la menace de l\u2019arme et elles \u00a0n&rsquo;ont pas\u00a0eu l&rsquo;occasion\u00a0de d\u00e9clencher imm\u00e9diatement\u00a0le syst\u00e8me de surveillance, mais,\u00a0seulement apr\u00e8s le d\u00e9part de leur agresseur.<br \/>\nLa vid\u00e9o du T\u00e9l\u00e9police que la police zonale\u00a0a re\u00e7u dans les secondes de l\u2019appel,\u00a0a \u00e9t\u00e9\u00a0 cruciale, souligne la police,\u00a0 pour\u00a0l\u2019arrestation de l\u2019agresseur le m\u00eame jour.<\/p>\n<p style=\"font-weight: 400;\">Gr\u00e2ce aux images d\u2019excellente qualit\u00e9, les policiers ont ainsi reconnu le suspect. Il se sont directement rendu au domicile de ce dernier\u00a0\u00e0\u00a0Schaerbeek\u00a0pour effectuer une perquisition. Le braqueur se trouvait chez lui et \u00e9tait\u00a0toujours en possession du butin et de l&rsquo;arme qui s&rsquo;est r\u00e9v\u00e9l\u00e9e factice :\u00a0une reproduction duGlock 9\u00a0mm. Il est pass\u00e9 aux aveux confondu par les preuves que le syst\u00e8me Vision avait apport\u00e9 aux policiers car lors de l\u2019appel T\u00e9l\u00e9police, il\u00a0a \u00e9t\u00e9 identifi\u00e9 \u00e9galement par les deux employ\u00e9es. L&rsquo;homme a \u00e9t\u00e9 priv\u00e9 de libert\u00e9 et mis \u00e0 la disposition du parquet de Bruxelles.<\/p>\n<p style=\"font-weight: 400;\"><em>R.J.<\/em><\/p>\n<p style=\"font-weight: 400;\"><em>info presse<\/em><\/p>\n<p style=\"font-weight: 400;\">\n","protected":false},"excerpt":{"rendered":"<p>Un homme de 26 ans a braqu\u00e9, jeudi, peu avant 19 heure le magasin Delhaize, situ\u00e9 place de la Paix, \u00e0 Evere.\u00a0\u00a0Cette agression\u00a0a \u00e9t\u00e9 commise avec une arme \u00e0 feu, a indiqu\u00e9 vendredi, Roland Thi\u00e9bault, porte-parole de la zone de police Bruxelles-nord. Le syst\u00e8me de surveillance T\u00e9l\u00e9police Vision\u00a0a ainsi jou\u00e9 un r\u00f4le de premier plan.&hellip; <br \/> <a class=\"read-more\" href=\"https:\/\/telepolice.be\/index.php\/2019\/04\/01\/braqueur-arrete-a-evere\/\">Lire la suite<\/a><\/p>\n","protected":false},"author":1,"featured_media":0,"comment_status":"open","ping_status":"closed","sticky":false,"template":"","format":"standard","meta":{"footnotes":""},"categories":[6],"tags":[],"class_list":["post-658","post","type-post","status-publish","format-standard","hentry","category-revue-de-presse"],"yoast_head":"<!-- This site is optimized with the Yoast SEO plugin v27.5 - https:\/\/yoast.com\/product\/yoast-seo-wordpress\/ -->\n<title>Braqueur arr\u00eat\u00e9 \u00e0 Evere - TELEPOLICE<\/title>\n<meta name=\"robots\" content=\"index, follow, max-snippet:-1, max-image-preview:large, max-video-preview:-1\" \/>\n<link rel=\"canonical\" href=\"https:\/\/telepolice.be\/index.php\/2019\/04\/01\/braqueur-arrete-a-evere\/\" \/>\n<meta property=\"og:locale\" content=\"fr_FR\" \/>\n<meta property=\"og:type\" content=\"article\" \/>\n<meta property=\"og:title\" content=\"Braqueur arr\u00eat\u00e9 \u00e0 Evere - TELEPOLICE\" \/>\n<meta property=\"og:description\" content=\"Un homme de 26 ans a braqu\u00e9, jeudi, peu avant 19 heure le magasin Delhaize, situ\u00e9 place de la Paix, \u00e0 Evere.\u00a0\u00a0Cette agression\u00a0a \u00e9t\u00e9 commise avec une arme \u00e0 feu, a indiqu\u00e9 vendredi, Roland Thi\u00e9bault, porte-parole de la zone de police Bruxelles-nord. Le syst\u00e8me de surveillance T\u00e9l\u00e9police Vision\u00a0a ainsi jou\u00e9 un r\u00f4le de premier plan.&hellip; Lire la suite\" \/>\n<meta property=\"og:url\" content=\"https:\/\/telepolice.be\/index.php\/2019\/04\/01\/braqueur-arrete-a-evere\/\" \/>\n<meta property=\"og:site_name\" content=\"TELEPOLICE\" \/>\n<meta property=\"article:published_time\" content=\"2019-04-01T11:00:57+00:00\" \/>\n<meta property=\"article:modified_time\" content=\"2019-05-10T10:20:42+00:00\" \/>\n<meta property=\"og:image\" content=\"https:\/\/telepolice.be\/wp-content\/uploads\/2019\/04\/001fd04cfc220e2a3df30c-1.jpg\" \/>\n<meta name=\"author\" content=\"admin\" \/>\n<meta name=\"twitter:card\" content=\"summary_large_image\" \/>\n<meta name=\"twitter:label1\" content=\"\u00c9crit par\" \/>\n\t<meta name=\"twitter:data1\" content=\"admin\" \/>\n\t<meta name=\"twitter:label2\" content=\"Dur\u00e9e de lecture estim\u00e9e\" \/>\n\t<meta name=\"twitter:data2\" content=\"2 minutes\" \/>\n<script type=\"application\/ld+json\" class=\"yoast-schema-graph\">{\"@context\":\"https:\\\/\\\/schema.org\",\"@graph\":[{\"@type\":\"Article\",\"@id\":\"https:\\\/\\\/telepolice.be\\\/index.php\\\/2019\\\/04\\\/01\\\/braqueur-arrete-a-evere\\\/#article\",\"isPartOf\":{\"@id\":\"https:\\\/\\\/telepolice.be\\\/index.php\\\/2019\\\/04\\\/01\\\/braqueur-arrete-a-evere\\\/\"},\"author\":{\"name\":\"admin\",\"@id\":\"https:\\\/\\\/telepolice.be\\\/#\\\/schema\\\/person\\\/ca479b77454640f8f918dd017bd028bf\"},\"headline\":\"Braqueur arr\u00eat\u00e9 \u00e0 Evere\",\"datePublished\":\"2019-04-01T11:00:57+00:00\",\"dateModified\":\"2019-05-10T10:20:42+00:00\",\"mainEntityOfPage\":{\"@id\":\"https:\\\/\\\/telepolice.be\\\/index.php\\\/2019\\\/04\\\/01\\\/braqueur-arrete-a-evere\\\/\"},\"wordCount\":357,\"commentCount\":0,\"publisher\":{\"@id\":\"https:\\\/\\\/telepolice.be\\\/#organization\"},\"image\":{\"@id\":\"https:\\\/\\\/telepolice.be\\\/index.php\\\/2019\\\/04\\\/01\\\/braqueur-arrete-a-evere\\\/#primaryimage\"},\"thumbnailUrl\":\"https:\\\/\\\/telepolice.be\\\/wp-content\\\/uploads\\\/2019\\\/04\\\/001fd04cfc220e2a3df30c-1.jpg\",\"articleSection\":[\"Revue De Presse\"],\"inLanguage\":\"fr-FR\",\"potentialAction\":[{\"@type\":\"CommentAction\",\"name\":\"Comment\",\"target\":[\"https:\\\/\\\/telepolice.be\\\/index.php\\\/2019\\\/04\\\/01\\\/braqueur-arrete-a-evere\\\/#respond\"]}]},{\"@type\":\"WebPage\",\"@id\":\"https:\\\/\\\/telepolice.be\\\/index.php\\\/2019\\\/04\\\/01\\\/braqueur-arrete-a-evere\\\/\",\"url\":\"https:\\\/\\\/telepolice.be\\\/index.php\\\/2019\\\/04\\\/01\\\/braqueur-arrete-a-evere\\\/\",\"name\":\"Braqueur arr\u00eat\u00e9 \u00e0 Evere - TELEPOLICE\",\"isPartOf\":{\"@id\":\"https:\\\/\\\/telepolice.be\\\/#website\"},\"primaryImageOfPage\":{\"@id\":\"https:\\\/\\\/telepolice.be\\\/index.php\\\/2019\\\/04\\\/01\\\/braqueur-arrete-a-evere\\\/#primaryimage\"},\"image\":{\"@id\":\"https:\\\/\\\/telepolice.be\\\/index.php\\\/2019\\\/04\\\/01\\\/braqueur-arrete-a-evere\\\/#primaryimage\"},\"thumbnailUrl\":\"https:\\\/\\\/telepolice.be\\\/wp-content\\\/uploads\\\/2019\\\/04\\\/001fd04cfc220e2a3df30c-1.jpg\",\"datePublished\":\"2019-04-01T11:00:57+00:00\",\"dateModified\":\"2019-05-10T10:20:42+00:00\",\"breadcrumb\":{\"@id\":\"https:\\\/\\\/telepolice.be\\\/index.php\\\/2019\\\/04\\\/01\\\/braqueur-arrete-a-evere\\\/#breadcrumb\"},\"inLanguage\":\"fr-FR\",\"potentialAction\":[{\"@type\":\"ReadAction\",\"target\":[\"https:\\\/\\\/telepolice.be\\\/index.php\\\/2019\\\/04\\\/01\\\/braqueur-arrete-a-evere\\\/\"]}]},{\"@type\":\"ImageObject\",\"inLanguage\":\"fr-FR\",\"@id\":\"https:\\\/\\\/telepolice.be\\\/index.php\\\/2019\\\/04\\\/01\\\/braqueur-arrete-a-evere\\\/#primaryimage\",\"url\":\"https:\\\/\\\/telepolice.be\\\/wp-content\\\/uploads\\\/2019\\\/04\\\/001fd04cfc220e2a3df30c-1.jpg\",\"contentUrl\":\"https:\\\/\\\/telepolice.be\\\/wp-content\\\/uploads\\\/2019\\\/04\\\/001fd04cfc220e2a3df30c-1.jpg\",\"width\":300,\"height\":235},{\"@type\":\"BreadcrumbList\",\"@id\":\"https:\\\/\\\/telepolice.be\\\/index.php\\\/2019\\\/04\\\/01\\\/braqueur-arrete-a-evere\\\/#breadcrumb\",\"itemListElement\":[{\"@type\":\"ListItem\",\"position\":1,\"name\":\"Accueil\",\"item\":\"https:\\\/\\\/telepolice.be\\\/\"},{\"@type\":\"ListItem\",\"position\":2,\"name\":\"Braqueur arr\u00eat\u00e9 \u00e0 Evere\"}]},{\"@type\":\"WebSite\",\"@id\":\"https:\\\/\\\/telepolice.be\\\/#website\",\"url\":\"https:\\\/\\\/telepolice.be\\\/\",\"name\":\"TELEPOLICE\",\"description\":\"Prot\u00e9gez votre entreprise\",\"publisher\":{\"@id\":\"https:\\\/\\\/telepolice.be\\\/#organization\"},\"potentialAction\":[{\"@type\":\"SearchAction\",\"target\":{\"@type\":\"EntryPoint\",\"urlTemplate\":\"https:\\\/\\\/telepolice.be\\\/?s={search_term_string}\"},\"query-input\":{\"@type\":\"PropertyValueSpecification\",\"valueRequired\":true,\"valueName\":\"search_term_string\"}}],\"inLanguage\":\"fr-FR\"},{\"@type\":\"Organization\",\"@id\":\"https:\\\/\\\/telepolice.be\\\/#organization\",\"name\":\"TELE POLICE\",\"url\":\"https:\\\/\\\/telepolice.be\\\/\",\"logo\":{\"@type\":\"ImageObject\",\"inLanguage\":\"fr-FR\",\"@id\":\"https:\\\/\\\/telepolice.be\\\/#\\\/schema\\\/logo\\\/image\\\/\",\"url\":\"https:\\\/\\\/telepolice.be\\\/wp-content\\\/uploads\\\/2019\\\/04\\\/cropped-logotelepolice-3.png\",\"contentUrl\":\"https:\\\/\\\/telepolice.be\\\/wp-content\\\/uploads\\\/2019\\\/04\\\/cropped-logotelepolice-3.png\",\"width\":408,\"height\":65,\"caption\":\"TELE POLICE\"},\"image\":{\"@id\":\"https:\\\/\\\/telepolice.be\\\/#\\\/schema\\\/logo\\\/image\\\/\"}},{\"@type\":\"Person\",\"@id\":\"https:\\\/\\\/telepolice.be\\\/#\\\/schema\\\/person\\\/ca479b77454640f8f918dd017bd028bf\",\"name\":\"admin\",\"image\":{\"@type\":\"ImageObject\",\"inLanguage\":\"fr-FR\",\"@id\":\"https:\\\/\\\/secure.gravatar.com\\\/avatar\\\/dd9167fd60efcd6c24559ffa4f391e918347b9cf398a5593e29d658b4ae5d443?s=96&d=mm&r=g\",\"url\":\"https:\\\/\\\/secure.gravatar.com\\\/avatar\\\/dd9167fd60efcd6c24559ffa4f391e918347b9cf398a5593e29d658b4ae5d443?s=96&d=mm&r=g\",\"contentUrl\":\"https:\\\/\\\/secure.gravatar.com\\\/avatar\\\/dd9167fd60efcd6c24559ffa4f391e918347b9cf398a5593e29d658b4ae5d443?s=96&d=mm&r=g\",\"caption\":\"admin\"},\"url\":\"https:\\\/\\\/telepolice.be\\\/index.php\\\/author\\\/web_telepolice\\\/\"}]}<\/script>\n<!-- \/ Yoast SEO plugin. -->","yoast_head_json":{"title":"Braqueur arr\u00eat\u00e9 \u00e0 Evere - TELEPOLICE","robots":{"index":"index","follow":"follow","max-snippet":"max-snippet:-1","max-image-preview":"max-image-preview:large","max-video-preview":"max-video-preview:-1"},"canonical":"https:\/\/telepolice.be\/index.php\/2019\/04\/01\/braqueur-arrete-a-evere\/","og_locale":"fr_FR","og_type":"article","og_title":"Braqueur arr\u00eat\u00e9 \u00e0 Evere - TELEPOLICE","og_description":"Un homme de 26 ans a braqu\u00e9, jeudi, peu avant 19 heure le magasin Delhaize, situ\u00e9 place de la Paix, \u00e0 Evere.\u00a0\u00a0Cette agression\u00a0a \u00e9t\u00e9 commise avec une arme \u00e0 feu, a indiqu\u00e9 vendredi, Roland Thi\u00e9bault, porte-parole de la zone de police Bruxelles-nord. Le syst\u00e8me de surveillance T\u00e9l\u00e9police Vision\u00a0a ainsi jou\u00e9 un r\u00f4le de premier plan.&hellip; Lire la suite","og_url":"https:\/\/telepolice.be\/index.php\/2019\/04\/01\/braqueur-arrete-a-evere\/","og_site_name":"TELEPOLICE","article_published_time":"2019-04-01T11:00:57+00:00","article_modified_time":"2019-05-10T10:20:42+00:00","og_image":[{"url":"https:\/\/telepolice.be\/wp-content\/uploads\/2019\/04\/001fd04cfc220e2a3df30c-1.jpg","type":"","width":"","height":""}],"author":"admin","twitter_card":"summary_large_image","twitter_misc":{"\u00c9crit par":"admin","Dur\u00e9e de lecture estim\u00e9e":"2 minutes"},"schema":{"@context":"https:\/\/schema.org","@graph":[{"@type":"Article","@id":"https:\/\/telepolice.be\/index.php\/2019\/04\/01\/braqueur-arrete-a-evere\/#article","isPartOf":{"@id":"https:\/\/telepolice.be\/index.php\/2019\/04\/01\/braqueur-arrete-a-evere\/"},"author":{"name":"admin","@id":"https:\/\/telepolice.be\/#\/schema\/person\/ca479b77454640f8f918dd017bd028bf"},"headline":"Braqueur arr\u00eat\u00e9 \u00e0 Evere","datePublished":"2019-04-01T11:00:57+00:00","dateModified":"2019-05-10T10:20:42+00:00","mainEntityOfPage":{"@id":"https:\/\/telepolice.be\/index.php\/2019\/04\/01\/braqueur-arrete-a-evere\/"},"wordCount":357,"commentCount":0,"publisher":{"@id":"https:\/\/telepolice.be\/#organization"},"image":{"@id":"https:\/\/telepolice.be\/index.php\/2019\/04\/01\/braqueur-arrete-a-evere\/#primaryimage"},"thumbnailUrl":"https:\/\/telepolice.be\/wp-content\/uploads\/2019\/04\/001fd04cfc220e2a3df30c-1.jpg","articleSection":["Revue De Presse"],"inLanguage":"fr-FR","potentialAction":[{"@type":"CommentAction","name":"Comment","target":["https:\/\/telepolice.be\/index.php\/2019\/04\/01\/braqueur-arrete-a-evere\/#respond"]}]},{"@type":"WebPage","@id":"https:\/\/telepolice.be\/index.php\/2019\/04\/01\/braqueur-arrete-a-evere\/","url":"https:\/\/telepolice.be\/index.php\/2019\/04\/01\/braqueur-arrete-a-evere\/","name":"Braqueur arr\u00eat\u00e9 \u00e0 Evere - TELEPOLICE","isPartOf":{"@id":"https:\/\/telepolice.be\/#website"},"primaryImageOfPage":{"@id":"https:\/\/telepolice.be\/index.php\/2019\/04\/01\/braqueur-arrete-a-evere\/#primaryimage"},"image":{"@id":"https:\/\/telepolice.be\/index.php\/2019\/04\/01\/braqueur-arrete-a-evere\/#primaryimage"},"thumbnailUrl":"https:\/\/telepolice.be\/wp-content\/uploads\/2019\/04\/001fd04cfc220e2a3df30c-1.jpg","datePublished":"2019-04-01T11:00:57+00:00","dateModified":"2019-05-10T10:20:42+00:00","breadcrumb":{"@id":"https:\/\/telepolice.be\/index.php\/2019\/04\/01\/braqueur-arrete-a-evere\/#breadcrumb"},"inLanguage":"fr-FR","potentialAction":[{"@type":"ReadAction","target":["https:\/\/telepolice.be\/index.php\/2019\/04\/01\/braqueur-arrete-a-evere\/"]}]},{"@type":"ImageObject","inLanguage":"fr-FR","@id":"https:\/\/telepolice.be\/index.php\/2019\/04\/01\/braqueur-arrete-a-evere\/#primaryimage","url":"https:\/\/telepolice.be\/wp-content\/uploads\/2019\/04\/001fd04cfc220e2a3df30c-1.jpg","contentUrl":"https:\/\/telepolice.be\/wp-content\/uploads\/2019\/04\/001fd04cfc220e2a3df30c-1.jpg","width":300,"height":235},{"@type":"BreadcrumbList","@id":"https:\/\/telepolice.be\/index.php\/2019\/04\/01\/braqueur-arrete-a-evere\/#breadcrumb","itemListElement":[{"@type":"ListItem","position":1,"name":"Accueil","item":"https:\/\/telepolice.be\/"},{"@type":"ListItem","position":2,"name":"Braqueur arr\u00eat\u00e9 \u00e0 Evere"}]},{"@type":"WebSite","@id":"https:\/\/telepolice.be\/#website","url":"https:\/\/telepolice.be\/","name":"TELEPOLICE","description":"Prot\u00e9gez votre entreprise","publisher":{"@id":"https:\/\/telepolice.be\/#organization"},"potentialAction":[{"@type":"SearchAction","target":{"@type":"EntryPoint","urlTemplate":"https:\/\/telepolice.be\/?s={search_term_string}"},"query-input":{"@type":"PropertyValueSpecification","valueRequired":true,"valueName":"search_term_string"}}],"inLanguage":"fr-FR"},{"@type":"Organization","@id":"https:\/\/telepolice.be\/#organization","name":"TELE POLICE","url":"https:\/\/telepolice.be\/","logo":{"@type":"ImageObject","inLanguage":"fr-FR","@id":"https:\/\/telepolice.be\/#\/schema\/logo\/image\/","url":"https:\/\/telepolice.be\/wp-content\/uploads\/2019\/04\/cropped-logotelepolice-3.png","contentUrl":"https:\/\/telepolice.be\/wp-content\/uploads\/2019\/04\/cropped-logotelepolice-3.png","width":408,"height":65,"caption":"TELE POLICE"},"image":{"@id":"https:\/\/telepolice.be\/#\/schema\/logo\/image\/"}},{"@type":"Person","@id":"https:\/\/telepolice.be\/#\/schema\/person\/ca479b77454640f8f918dd017bd028bf","name":"admin","image":{"@type":"ImageObject","inLanguage":"fr-FR","@id":"https:\/\/secure.gravatar.com\/avatar\/dd9167fd60efcd6c24559ffa4f391e918347b9cf398a5593e29d658b4ae5d443?s=96&d=mm&r=g","url":"https:\/\/secure.gravatar.com\/avatar\/dd9167fd60efcd6c24559ffa4f391e918347b9cf398a5593e29d658b4ae5d443?s=96&d=mm&r=g","contentUrl":"https:\/\/secure.gravatar.com\/avatar\/dd9167fd60efcd6c24559ffa4f391e918347b9cf398a5593e29d658b4ae5d443?s=96&d=mm&r=g","caption":"admin"},"url":"https:\/\/telepolice.be\/index.php\/author\/web_telepolice\/"}]}},"_links":{"self":[{"href":"https:\/\/telepolice.be\/index.php\/wp-json\/wp\/v2\/posts\/658","targetHints":{"allow":["GET"]}}],"collection":[{"href":"https:\/\/telepolice.be\/index.php\/wp-json\/wp\/v2\/posts"}],"about":[{"href":"https:\/\/telepolice.be\/index.php\/wp-json\/wp\/v2\/types\/post"}],"author":[{"embeddable":true,"href":"https:\/\/telepolice.be\/index.php\/wp-json\/wp\/v2\/users\/1"}],"replies":[{"embeddable":true,"href":"https:\/\/telepolice.be\/index.php\/wp-json\/wp\/v2\/comments?post=658"}],"version-history":[{"count":3,"href":"https:\/\/telepolice.be\/index.php\/wp-json\/wp\/v2\/posts\/658\/revisions"}],"predecessor-version":[{"id":2817,"href":"https:\/\/telepolice.be\/index.php\/wp-json\/wp\/v2\/posts\/658\/revisions\/2817"}],"wp:attachment":[{"href":"https:\/\/telepolice.be\/index.php\/wp-json\/wp\/v2\/media?parent=658"}],"wp:term":[{"taxonomy":"category","embeddable":true,"href":"https:\/\/telepolice.be\/index.php\/wp-json\/wp\/v2\/categories?post=658"},{"taxonomy":"post_tag","embeddable":true,"href":"https:\/\/telepolice.be\/index.php\/wp-json\/wp\/v2\/tags?post=658"}],"curies":[{"name":"wp","href":"https:\/\/api.w.org\/{rel}","templated":true}]}}