{"id":656,"date":"2019-04-01T11:00:56","date_gmt":"2019-04-01T09:00:56","guid":{"rendered":"https:\/\/telepolice.be\/index.php\/2019\/04\/01\/telepolice-vision-setend-en-hainaut\/"},"modified":"2019-05-10T12:17:42","modified_gmt":"2019-05-10T10:17:42","slug":"telepolice-vision-setend-en-hainaut","status":"publish","type":"post","link":"https:\/\/telepolice.be\/index.php\/2019\/04\/01\/telepolice-vision-setend-en-hainaut\/","title":{"rendered":"T\u00e9l\u00e9police Vision s\u2019\u00e9tend en Hainaut"},"content":{"rendered":"<h4>Dix-huit mois apr\u00e8s le meurtre d\u2019un libraire, la zone Mariemont adopte cette vid\u00e9osurveillance<\/h4>\n<p><strong>S\u00c9CURIT\u00c9 MORLANWELZ<\/strong><\/p>\n<p>Dix-huit mois apr\u00e8s le meurtre d\u2019un libraire \u00e0 Houdeng-Aimeries qui avait mis en \u00e9vidence l\u2019int\u00e9r\u00eat et l\u2019urgence de d\u00e9velopper la vid\u00e9osurveillance dans les petits commerces, le syst\u00e8me T\u00e9l\u00e9police Vision s\u2019\u00e9tend en Wallonie\u00a0:<br \/>\nce lundi, T\u00e9l\u00e9police Vision, qui \u00e9quipe quatre des six zones de police bruxelloises et 7 en Wallonie dont 5 en Hainaut, est install\u00e9 dans la zone 5335 dite zone Mariemont. Pour tenir compte des \u00e9ventuelles mises au point, le syst\u00e8me raccordant les commer\u00e7ants \u00e9quip\u00e9s \u00e0 la police sera pleinement op\u00e9rationnel avant la fin de la semaine. \u00c0 Manage, Seneffe, Morlanwelz et Chapelle-lez-Herlaimont, les commer\u00e7ants int\u00e9ress\u00e9s seront avis\u00e9s de la fa\u00e7on de proc\u00e9der.<\/p>\n<p>Ce syst\u00e8me n\u2019est pas la panac\u00e9e universelle. Il n\u2019emp\u00eache pas les hold-up. Mais douze ans de pratique montrent qu\u2019il r\u00e9duit consid\u00e9rablement les vols \u00e0 main arm\u00e9e dans les commerces \u00e9quip\u00e9s : les auteurs choisissent tout simplement d\u2019aller voir ailleurs.<\/p>\n<p>Et pour ceux qui tentent le coup, les possibilit\u00e9s que ce syst\u00e8me offre en lien avec le service de police sont telles que les arrestations augmentent ainsi que les condamnations : le syst\u00e8me produit des preuves de qualit\u00e9. Selon T\u00e9l\u00e9police Vision, les services de police ont interpell\u00e9 environ 70 suspects depuis qu\u2019il s\u2019implante en Belgique, en 2002. Les zones \u00e9quip\u00e9es en Wallonie sont celles de Charleroi,Nivelles, Courcelles, Ciney, Fleurus, Ch\u00e2telet et la zone boraine. Dans la zone Mariemont, cinq commerces n\u2019ont pas attendu que le coll\u00e8ge de police d\u00e9cide \u00e0 son tour de s\u2019\u00e9quiper, pour malgr\u00e9 tout s\u2019abonner d\u00e9j\u00e0 \u00e0 cette vid\u00e9osurveillance qui leur co\u00fbte par mois exactement <strong>54,90\u00a0euros<\/strong>, location, entretien et maintenance du mat\u00e9riel compris.<\/p>\n<p>Le meurtre le <strong>19 septembre 2011<\/strong> du libraire M. Robert Campion dans sa librairie l\u2019\u00c9colier \u00e0 Houdeng est dramatiquement l\u00e0 pour le rappeler : les librairies figurent parmi les commerces prioritaires expos\u00e9s \u00e0 la d\u00e9linquance ainsi que les boulangeries, les \u00e9piceries, les pharmacies, les bijouteries, les stations-service et les professions lib\u00e9rales, en particulier les notaires et les huissiers.<\/p>\n<p><em><strong>Gilbert Dupont<\/strong><\/em><\/p>\n","protected":false},"excerpt":{"rendered":"<p>Dix-huit mois apr\u00e8s le meurtre d\u2019un libraire, la zone Mariemont adopte cette vid\u00e9osurveillance S\u00c9CURIT\u00c9 MORLANWELZ Dix-huit mois apr\u00e8s le meurtre d\u2019un libraire \u00e0 Houdeng-Aimeries qui avait mis en \u00e9vidence l\u2019int\u00e9r\u00eat et l\u2019urgence de d\u00e9velopper la vid\u00e9osurveillance dans les petits commerces, le syst\u00e8me T\u00e9l\u00e9police Vision s\u2019\u00e9tend en Wallonie\u00a0: ce lundi, T\u00e9l\u00e9police Vision, qui \u00e9quipe quatre des&hellip; <br \/> <a class=\"read-more\" href=\"https:\/\/telepolice.be\/index.php\/2019\/04\/01\/telepolice-vision-setend-en-hainaut\/\">Lire la suite<\/a><\/p>\n","protected":false},"author":1,"featured_media":0,"comment_status":"closed","ping_status":"closed","sticky":false,"template":"","format":"standard","meta":{"footnotes":""},"categories":[6],"tags":[],"class_list":["post-656","post","type-post","status-publish","format-standard","hentry","category-revue-de-presse"],"yoast_head":"<!-- This site is optimized with the Yoast SEO plugin v27.5 - https:\/\/yoast.com\/product\/yoast-seo-wordpress\/ -->\n<title>T\u00e9l\u00e9police Vision s\u2019\u00e9tend en Hainaut - TELEPOLICE<\/title>\n<meta name=\"robots\" content=\"index, follow, max-snippet:-1, max-image-preview:large, max-video-preview:-1\" \/>\n<link rel=\"canonical\" href=\"https:\/\/telepolice.be\/index.php\/2019\/04\/01\/telepolice-vision-setend-en-hainaut\/\" \/>\n<meta property=\"og:locale\" content=\"fr_FR\" \/>\n<meta property=\"og:type\" content=\"article\" \/>\n<meta property=\"og:title\" content=\"T\u00e9l\u00e9police Vision s\u2019\u00e9tend en Hainaut - TELEPOLICE\" \/>\n<meta property=\"og:description\" content=\"Dix-huit mois apr\u00e8s le meurtre d\u2019un libraire, la zone Mariemont adopte cette vid\u00e9osurveillance S\u00c9CURIT\u00c9 MORLANWELZ Dix-huit mois apr\u00e8s le meurtre d\u2019un libraire \u00e0 Houdeng-Aimeries qui avait mis en \u00e9vidence l\u2019int\u00e9r\u00eat et l\u2019urgence de d\u00e9velopper la vid\u00e9osurveillance dans les petits commerces, le syst\u00e8me T\u00e9l\u00e9police Vision s\u2019\u00e9tend en Wallonie\u00a0: ce lundi, T\u00e9l\u00e9police Vision, qui \u00e9quipe quatre des&hellip; Lire la suite\" \/>\n<meta property=\"og:url\" content=\"https:\/\/telepolice.be\/index.php\/2019\/04\/01\/telepolice-vision-setend-en-hainaut\/\" \/>\n<meta property=\"og:site_name\" content=\"TELEPOLICE\" \/>\n<meta property=\"article:published_time\" content=\"2019-04-01T09:00:56+00:00\" \/>\n<meta property=\"article:modified_time\" content=\"2019-05-10T10:17:42+00:00\" \/>\n<meta name=\"author\" content=\"admin\" \/>\n<meta name=\"twitter:card\" content=\"summary_large_image\" \/>\n<meta name=\"twitter:label1\" content=\"\u00c9crit par\" \/>\n\t<meta name=\"twitter:data1\" content=\"admin\" \/>\n\t<meta name=\"twitter:label2\" content=\"Dur\u00e9e de lecture estim\u00e9e\" \/>\n\t<meta name=\"twitter:data2\" content=\"2 minutes\" \/>\n<script type=\"application\/ld+json\" class=\"yoast-schema-graph\">{\"@context\":\"https:\\\/\\\/schema.org\",\"@graph\":[{\"@type\":\"Article\",\"@id\":\"https:\\\/\\\/telepolice.be\\\/index.php\\\/2019\\\/04\\\/01\\\/telepolice-vision-setend-en-hainaut\\\/#article\",\"isPartOf\":{\"@id\":\"https:\\\/\\\/telepolice.be\\\/index.php\\\/2019\\\/04\\\/01\\\/telepolice-vision-setend-en-hainaut\\\/\"},\"author\":{\"name\":\"admin\",\"@id\":\"https:\\\/\\\/telepolice.be\\\/#\\\/schema\\\/person\\\/ca479b77454640f8f918dd017bd028bf\"},\"headline\":\"T\u00e9l\u00e9police Vision s\u2019\u00e9tend en Hainaut\",\"datePublished\":\"2019-04-01T09:00:56+00:00\",\"dateModified\":\"2019-05-10T10:17:42+00:00\",\"mainEntityOfPage\":{\"@id\":\"https:\\\/\\\/telepolice.be\\\/index.php\\\/2019\\\/04\\\/01\\\/telepolice-vision-setend-en-hainaut\\\/\"},\"wordCount\":386,\"publisher\":{\"@id\":\"https:\\\/\\\/telepolice.be\\\/#organization\"},\"articleSection\":[\"Revue De Presse\"],\"inLanguage\":\"fr-FR\"},{\"@type\":\"WebPage\",\"@id\":\"https:\\\/\\\/telepolice.be\\\/index.php\\\/2019\\\/04\\\/01\\\/telepolice-vision-setend-en-hainaut\\\/\",\"url\":\"https:\\\/\\\/telepolice.be\\\/index.php\\\/2019\\\/04\\\/01\\\/telepolice-vision-setend-en-hainaut\\\/\",\"name\":\"T\u00e9l\u00e9police Vision s\u2019\u00e9tend en Hainaut - TELEPOLICE\",\"isPartOf\":{\"@id\":\"https:\\\/\\\/telepolice.be\\\/#website\"},\"datePublished\":\"2019-04-01T09:00:56+00:00\",\"dateModified\":\"2019-05-10T10:17:42+00:00\",\"breadcrumb\":{\"@id\":\"https:\\\/\\\/telepolice.be\\\/index.php\\\/2019\\\/04\\\/01\\\/telepolice-vision-setend-en-hainaut\\\/#breadcrumb\"},\"inLanguage\":\"fr-FR\",\"potentialAction\":[{\"@type\":\"ReadAction\",\"target\":[\"https:\\\/\\\/telepolice.be\\\/index.php\\\/2019\\\/04\\\/01\\\/telepolice-vision-setend-en-hainaut\\\/\"]}]},{\"@type\":\"BreadcrumbList\",\"@id\":\"https:\\\/\\\/telepolice.be\\\/index.php\\\/2019\\\/04\\\/01\\\/telepolice-vision-setend-en-hainaut\\\/#breadcrumb\",\"itemListElement\":[{\"@type\":\"ListItem\",\"position\":1,\"name\":\"Accueil\",\"item\":\"https:\\\/\\\/telepolice.be\\\/\"},{\"@type\":\"ListItem\",\"position\":2,\"name\":\"T\u00e9l\u00e9police Vision s\u2019\u00e9tend en Hainaut\"}]},{\"@type\":\"WebSite\",\"@id\":\"https:\\\/\\\/telepolice.be\\\/#website\",\"url\":\"https:\\\/\\\/telepolice.be\\\/\",\"name\":\"TELEPOLICE\",\"description\":\"Prot\u00e9gez votre entreprise\",\"publisher\":{\"@id\":\"https:\\\/\\\/telepolice.be\\\/#organization\"},\"potentialAction\":[{\"@type\":\"SearchAction\",\"target\":{\"@type\":\"EntryPoint\",\"urlTemplate\":\"https:\\\/\\\/telepolice.be\\\/?s={search_term_string}\"},\"query-input\":{\"@type\":\"PropertyValueSpecification\",\"valueRequired\":true,\"valueName\":\"search_term_string\"}}],\"inLanguage\":\"fr-FR\"},{\"@type\":\"Organization\",\"@id\":\"https:\\\/\\\/telepolice.be\\\/#organization\",\"name\":\"TELE POLICE\",\"url\":\"https:\\\/\\\/telepolice.be\\\/\",\"logo\":{\"@type\":\"ImageObject\",\"inLanguage\":\"fr-FR\",\"@id\":\"https:\\\/\\\/telepolice.be\\\/#\\\/schema\\\/logo\\\/image\\\/\",\"url\":\"https:\\\/\\\/telepolice.be\\\/wp-content\\\/uploads\\\/2019\\\/04\\\/cropped-logotelepolice-3.png\",\"contentUrl\":\"https:\\\/\\\/telepolice.be\\\/wp-content\\\/uploads\\\/2019\\\/04\\\/cropped-logotelepolice-3.png\",\"width\":408,\"height\":65,\"caption\":\"TELE POLICE\"},\"image\":{\"@id\":\"https:\\\/\\\/telepolice.be\\\/#\\\/schema\\\/logo\\\/image\\\/\"}},{\"@type\":\"Person\",\"@id\":\"https:\\\/\\\/telepolice.be\\\/#\\\/schema\\\/person\\\/ca479b77454640f8f918dd017bd028bf\",\"name\":\"admin\",\"image\":{\"@type\":\"ImageObject\",\"inLanguage\":\"fr-FR\",\"@id\":\"https:\\\/\\\/secure.gravatar.com\\\/avatar\\\/dd9167fd60efcd6c24559ffa4f391e918347b9cf398a5593e29d658b4ae5d443?s=96&d=mm&r=g\",\"url\":\"https:\\\/\\\/secure.gravatar.com\\\/avatar\\\/dd9167fd60efcd6c24559ffa4f391e918347b9cf398a5593e29d658b4ae5d443?s=96&d=mm&r=g\",\"contentUrl\":\"https:\\\/\\\/secure.gravatar.com\\\/avatar\\\/dd9167fd60efcd6c24559ffa4f391e918347b9cf398a5593e29d658b4ae5d443?s=96&d=mm&r=g\",\"caption\":\"admin\"},\"url\":\"https:\\\/\\\/telepolice.be\\\/index.php\\\/author\\\/web_telepolice\\\/\"}]}<\/script>\n<!-- \/ Yoast SEO plugin. -->","yoast_head_json":{"title":"T\u00e9l\u00e9police Vision s\u2019\u00e9tend en Hainaut - TELEPOLICE","robots":{"index":"index","follow":"follow","max-snippet":"max-snippet:-1","max-image-preview":"max-image-preview:large","max-video-preview":"max-video-preview:-1"},"canonical":"https:\/\/telepolice.be\/index.php\/2019\/04\/01\/telepolice-vision-setend-en-hainaut\/","og_locale":"fr_FR","og_type":"article","og_title":"T\u00e9l\u00e9police Vision s\u2019\u00e9tend en Hainaut - TELEPOLICE","og_description":"Dix-huit mois apr\u00e8s le meurtre d\u2019un libraire, la zone Mariemont adopte cette vid\u00e9osurveillance S\u00c9CURIT\u00c9 MORLANWELZ Dix-huit mois apr\u00e8s le meurtre d\u2019un libraire \u00e0 Houdeng-Aimeries qui avait mis en \u00e9vidence l\u2019int\u00e9r\u00eat et l\u2019urgence de d\u00e9velopper la vid\u00e9osurveillance dans les petits commerces, le syst\u00e8me T\u00e9l\u00e9police Vision s\u2019\u00e9tend en Wallonie\u00a0: ce lundi, T\u00e9l\u00e9police Vision, qui \u00e9quipe quatre des&hellip; Lire la suite","og_url":"https:\/\/telepolice.be\/index.php\/2019\/04\/01\/telepolice-vision-setend-en-hainaut\/","og_site_name":"TELEPOLICE","article_published_time":"2019-04-01T09:00:56+00:00","article_modified_time":"2019-05-10T10:17:42+00:00","author":"admin","twitter_card":"summary_large_image","twitter_misc":{"\u00c9crit par":"admin","Dur\u00e9e de lecture estim\u00e9e":"2 minutes"},"schema":{"@context":"https:\/\/schema.org","@graph":[{"@type":"Article","@id":"https:\/\/telepolice.be\/index.php\/2019\/04\/01\/telepolice-vision-setend-en-hainaut\/#article","isPartOf":{"@id":"https:\/\/telepolice.be\/index.php\/2019\/04\/01\/telepolice-vision-setend-en-hainaut\/"},"author":{"name":"admin","@id":"https:\/\/telepolice.be\/#\/schema\/person\/ca479b77454640f8f918dd017bd028bf"},"headline":"T\u00e9l\u00e9police Vision s\u2019\u00e9tend en Hainaut","datePublished":"2019-04-01T09:00:56+00:00","dateModified":"2019-05-10T10:17:42+00:00","mainEntityOfPage":{"@id":"https:\/\/telepolice.be\/index.php\/2019\/04\/01\/telepolice-vision-setend-en-hainaut\/"},"wordCount":386,"publisher":{"@id":"https:\/\/telepolice.be\/#organization"},"articleSection":["Revue De Presse"],"inLanguage":"fr-FR"},{"@type":"WebPage","@id":"https:\/\/telepolice.be\/index.php\/2019\/04\/01\/telepolice-vision-setend-en-hainaut\/","url":"https:\/\/telepolice.be\/index.php\/2019\/04\/01\/telepolice-vision-setend-en-hainaut\/","name":"T\u00e9l\u00e9police Vision s\u2019\u00e9tend en Hainaut - TELEPOLICE","isPartOf":{"@id":"https:\/\/telepolice.be\/#website"},"datePublished":"2019-04-01T09:00:56+00:00","dateModified":"2019-05-10T10:17:42+00:00","breadcrumb":{"@id":"https:\/\/telepolice.be\/index.php\/2019\/04\/01\/telepolice-vision-setend-en-hainaut\/#breadcrumb"},"inLanguage":"fr-FR","potentialAction":[{"@type":"ReadAction","target":["https:\/\/telepolice.be\/index.php\/2019\/04\/01\/telepolice-vision-setend-en-hainaut\/"]}]},{"@type":"BreadcrumbList","@id":"https:\/\/telepolice.be\/index.php\/2019\/04\/01\/telepolice-vision-setend-en-hainaut\/#breadcrumb","itemListElement":[{"@type":"ListItem","position":1,"name":"Accueil","item":"https:\/\/telepolice.be\/"},{"@type":"ListItem","position":2,"name":"T\u00e9l\u00e9police Vision s\u2019\u00e9tend en Hainaut"}]},{"@type":"WebSite","@id":"https:\/\/telepolice.be\/#website","url":"https:\/\/telepolice.be\/","name":"TELEPOLICE","description":"Prot\u00e9gez votre entreprise","publisher":{"@id":"https:\/\/telepolice.be\/#organization"},"potentialAction":[{"@type":"SearchAction","target":{"@type":"EntryPoint","urlTemplate":"https:\/\/telepolice.be\/?s={search_term_string}"},"query-input":{"@type":"PropertyValueSpecification","valueRequired":true,"valueName":"search_term_string"}}],"inLanguage":"fr-FR"},{"@type":"Organization","@id":"https:\/\/telepolice.be\/#organization","name":"TELE POLICE","url":"https:\/\/telepolice.be\/","logo":{"@type":"ImageObject","inLanguage":"fr-FR","@id":"https:\/\/telepolice.be\/#\/schema\/logo\/image\/","url":"https:\/\/telepolice.be\/wp-content\/uploads\/2019\/04\/cropped-logotelepolice-3.png","contentUrl":"https:\/\/telepolice.be\/wp-content\/uploads\/2019\/04\/cropped-logotelepolice-3.png","width":408,"height":65,"caption":"TELE POLICE"},"image":{"@id":"https:\/\/telepolice.be\/#\/schema\/logo\/image\/"}},{"@type":"Person","@id":"https:\/\/telepolice.be\/#\/schema\/person\/ca479b77454640f8f918dd017bd028bf","name":"admin","image":{"@type":"ImageObject","inLanguage":"fr-FR","@id":"https:\/\/secure.gravatar.com\/avatar\/dd9167fd60efcd6c24559ffa4f391e918347b9cf398a5593e29d658b4ae5d443?s=96&d=mm&r=g","url":"https:\/\/secure.gravatar.com\/avatar\/dd9167fd60efcd6c24559ffa4f391e918347b9cf398a5593e29d658b4ae5d443?s=96&d=mm&r=g","contentUrl":"https:\/\/secure.gravatar.com\/avatar\/dd9167fd60efcd6c24559ffa4f391e918347b9cf398a5593e29d658b4ae5d443?s=96&d=mm&r=g","caption":"admin"},"url":"https:\/\/telepolice.be\/index.php\/author\/web_telepolice\/"}]}},"_links":{"self":[{"href":"https:\/\/telepolice.be\/index.php\/wp-json\/wp\/v2\/posts\/656","targetHints":{"allow":["GET"]}}],"collection":[{"href":"https:\/\/telepolice.be\/index.php\/wp-json\/wp\/v2\/posts"}],"about":[{"href":"https:\/\/telepolice.be\/index.php\/wp-json\/wp\/v2\/types\/post"}],"author":[{"embeddable":true,"href":"https:\/\/telepolice.be\/index.php\/wp-json\/wp\/v2\/users\/1"}],"replies":[{"embeddable":true,"href":"https:\/\/telepolice.be\/index.php\/wp-json\/wp\/v2\/comments?post=656"}],"version-history":[{"count":4,"href":"https:\/\/telepolice.be\/index.php\/wp-json\/wp\/v2\/posts\/656\/revisions"}],"predecessor-version":[{"id":2813,"href":"https:\/\/telepolice.be\/index.php\/wp-json\/wp\/v2\/posts\/656\/revisions\/2813"}],"wp:attachment":[{"href":"https:\/\/telepolice.be\/index.php\/wp-json\/wp\/v2\/media?parent=656"}],"wp:term":[{"taxonomy":"category","embeddable":true,"href":"https:\/\/telepolice.be\/index.php\/wp-json\/wp\/v2\/categories?post=656"},{"taxonomy":"post_tag","embeddable":true,"href":"https:\/\/telepolice.be\/index.php\/wp-json\/wp\/v2\/tags?post=656"}],"curies":[{"name":"wp","href":"https:\/\/api.w.org\/{rel}","templated":true}]}}