{"id":654,"date":"2019-04-01T11:00:54","date_gmt":"2019-04-01T09:00:54","guid":{"rendered":"https:\/\/telepolice.be\/index.php\/2019\/04\/01\/telepolice-les-cameras-intelligentes-placees-dans-la-zone-schaerbeek-saint-josse-evere\/"},"modified":"2019-05-10T11:59:08","modified_gmt":"2019-05-10T09:59:08","slug":"telepolice-les-cameras-intelligentes-placees-dans-la-zone-schaerbeek-saint-josse-evere","status":"publish","type":"post","link":"https:\/\/telepolice.be\/index.php\/2019\/04\/01\/telepolice-les-cameras-intelligentes-placees-dans-la-zone-schaerbeek-saint-josse-evere\/","title":{"rendered":"TELEPOLICE : Les cam\u00e9ras intelligentes plac\u00e9es dans la zone Schaerbeek, Saint-Josse, Evere"},"content":{"rendered":"<h4><strong>Les cam\u00e9ras intelligentes plac\u00e9es dans la zone Schaerbeek, Saint-Josse, Evere<\/strong><\/h4>\n<p class=\"auteur\"><strong style=\"background-color: transparent;\">L\u2019installation des premi\u00e8res nouvelles cam\u00e9ras de surveillance \u00ab intelligentes \u00bb sur le territoire de police de la zone Nord (Schaerbeek, Evere et Saint-Josse) a d\u00e9but\u00e9. Depuis le d\u00e9but du mois, des techniciens fixent progressivement aux fa\u00e7ades d\u00e9termin\u00e9es de Saint-Josse, dans le quartier de la rue du M\u00e9ridien et de la chauss\u00e9e de Haecht, ces premi\u00e8res \u00ab boules \u00bb futuristes devant assurer la s\u00e9curit\u00e9 des quartiers. 22 cam\u00e9ras sur les 127 pr\u00e9vues viennent d\u2019\u00eatre plac\u00e9es.<\/strong><\/p>\n<div class=\"chapeau\"><span style=\"background-color: transparent;\">\u00a0De rue en rue, le v\u00e9hicule des techniciens progresse, depuis lundi, dans les rues de Saint-Josse-ten-Noode et Schaerbeek, pour river aux fa\u00e7ades des maisons d\u00e9sign\u00e9es les nouvelles cam\u00e9ras de surveillance \u00ab intelligentes \u00bb. Leur installation a \u00e9t\u00e9 d\u00e9cid\u00e9e par les autorit\u00e9s communales, voici plusieurs ann\u00e9es d\u00e9j\u00e0. Le plan est \u00e9tabli depuis 2008, pour placer dans la zone de police des trois communes concern\u00e9es pas moins de 127 cam\u00e9ras de rue.<\/span><\/div>\n<div class=\"chapeau\">\n<p>Et la mise en \u0153uvre de ce syst\u00e8me de s\u00e9curisation vient de d\u00e9buter concr\u00e8tement. L\u2019entreprise d\u00e9sign\u00e9e est \u00e0 l\u2019\u0153uvre actuellement pour installer ces cam\u00e9ras au look futuriste. Des petites boules blanches avec un verre fum\u00e9 en dessous (au design entre le \u00ab\u00a0Big Brother\u00a0\u00bb d\u2019Huxley et les feuilletons du \u00ab\u00a0Prisonnier\u00a0\u00bb), accroch\u00e9es \u00e0 4m du sol, qui vont surveiller tous vos faits et gestes. Ce mardi, elles notamment \u00e9taient dans la rue du Moulin ou \u00e0 l\u2019angle de la rue du M\u00e9ridien et de la rue Traversi\u00e8re. \u00ab<em>\u00a0\u00a022 cam\u00e9ras sur les 127 pr\u00e9vues ont actuellement \u00e9t\u00e9 install\u00e9es\u00a0\u00a0<\/em>\u00bb, nous pr\u00e9cise le porte-parole de la police de la zone Nord, le commissaire Roland Thi\u00e9bault.\u00a0<em>\u00ab\u00a0Toute l\u2019installation sur l\u2019ensemble de la zone devrait en principe \u00eatre termin\u00e9e d\u2019ici la fin du mois d\u2019ao\u00fbt\u00a0\u00bb.\u00a0<\/em><em>\u00ab\u00a0Ces cam\u00e9ras, qui peuvent \u00eatre command\u00e9es distance et filmer \u00e0 360\u00ba, seront reli\u00e9es \u00e0 un centre de dispatching disposant de onze \u00e9crans\u00a0\u00a0<\/em>\u00bb, nous pr\u00e9cise le commissaire Dauchy, qui supervise toute l\u2019op\u00e9ration.<\/p>\n<p>Une op\u00e9ration d\u2019envergure. Un budget de six millions d\u2019euros a \u00e9t\u00e9 d\u00e9bloqu\u00e9 par les autorit\u00e9s communales afin d\u2019installer ces 127 cam\u00e9ras fixes sur les trois territoires de la zone. \u00ab<em>\u00a0\u00a0Ces cam\u00e9ras ne sont pas l\u00e0 pour vider les rues de policiers, c\u2019est un outil qui permet de d\u00e9celer les seuls moments qui m\u00e9ritent une attention\u00a0\u00a0<\/em>\u00bb, avait alors expliqu\u00e9 le bourgmestre de Schaerbeek, Bernard Clerfayt (FDF).<\/p>\n<p><em><strong>Dans la majorit\u00e9 des lieux, l\u2019objectif poursuivi par ce r\u00e9seau de cam\u00e9ras est de renforcer la s\u00e9curit\u00e9 publique et de r\u00e9duire les nuisances. Il devrait aussi \u00eatre coupl\u00e9 au syst\u00e8me d\u2019alarme anti-agression T\u00e9l\u00e9police, d\u00e9j\u00e0 install\u00e9 chez beaucoup de commer\u00e7ants.<\/strong><\/em><\/p>\n<\/div>\n","protected":false},"excerpt":{"rendered":"<p>Les cam\u00e9ras intelligentes plac\u00e9es dans la zone Schaerbeek, Saint-Josse, Evere L\u2019installation des premi\u00e8res nouvelles cam\u00e9ras de surveillance \u00ab intelligentes \u00bb sur le territoire de police de la zone Nord (Schaerbeek, Evere et Saint-Josse) a d\u00e9but\u00e9. Depuis le d\u00e9but du mois, des techniciens fixent progressivement aux fa\u00e7ades d\u00e9termin\u00e9es de Saint-Josse, dans le quartier de la rue&hellip; <br \/> <a class=\"read-more\" href=\"https:\/\/telepolice.be\/index.php\/2019\/04\/01\/telepolice-les-cameras-intelligentes-placees-dans-la-zone-schaerbeek-saint-josse-evere\/\">Lire la suite<\/a><\/p>\n","protected":false},"author":1,"featured_media":0,"comment_status":"closed","ping_status":"closed","sticky":false,"template":"","format":"standard","meta":{"footnotes":""},"categories":[6],"tags":[],"class_list":["post-654","post","type-post","status-publish","format-standard","hentry","category-revue-de-presse"],"yoast_head":"<!-- This site is optimized with the Yoast SEO plugin v27.5 - https:\/\/yoast.com\/product\/yoast-seo-wordpress\/ -->\n<title>TELEPOLICE : Les cam\u00e9ras intelligentes plac\u00e9es dans la zone Schaerbeek, Saint-Josse, Evere - TELEPOLICE<\/title>\n<meta name=\"robots\" content=\"index, follow, max-snippet:-1, max-image-preview:large, max-video-preview:-1\" \/>\n<link rel=\"canonical\" href=\"https:\/\/telepolice.be\/index.php\/2019\/04\/01\/telepolice-les-cameras-intelligentes-placees-dans-la-zone-schaerbeek-saint-josse-evere\/\" \/>\n<meta property=\"og:locale\" content=\"fr_FR\" \/>\n<meta property=\"og:type\" content=\"article\" \/>\n<meta property=\"og:title\" content=\"TELEPOLICE : Les cam\u00e9ras intelligentes plac\u00e9es dans la zone Schaerbeek, Saint-Josse, Evere - TELEPOLICE\" \/>\n<meta property=\"og:description\" content=\"Les cam\u00e9ras intelligentes plac\u00e9es dans la zone Schaerbeek, Saint-Josse, Evere L\u2019installation des premi\u00e8res nouvelles cam\u00e9ras de surveillance \u00ab intelligentes \u00bb sur le territoire de police de la zone Nord (Schaerbeek, Evere et Saint-Josse) a d\u00e9but\u00e9. Depuis le d\u00e9but du mois, des techniciens fixent progressivement aux fa\u00e7ades d\u00e9termin\u00e9es de Saint-Josse, dans le quartier de la rue&hellip; Lire la suite\" \/>\n<meta property=\"og:url\" content=\"https:\/\/telepolice.be\/index.php\/2019\/04\/01\/telepolice-les-cameras-intelligentes-placees-dans-la-zone-schaerbeek-saint-josse-evere\/\" \/>\n<meta property=\"og:site_name\" content=\"TELEPOLICE\" \/>\n<meta property=\"article:published_time\" content=\"2019-04-01T09:00:54+00:00\" \/>\n<meta property=\"article:modified_time\" content=\"2019-05-10T09:59:08+00:00\" \/>\n<meta name=\"author\" content=\"admin\" \/>\n<meta name=\"twitter:card\" content=\"summary_large_image\" \/>\n<meta name=\"twitter:label1\" content=\"\u00c9crit par\" \/>\n\t<meta name=\"twitter:data1\" content=\"admin\" \/>\n\t<meta name=\"twitter:label2\" content=\"Dur\u00e9e de lecture estim\u00e9e\" \/>\n\t<meta name=\"twitter:data2\" content=\"2 minutes\" \/>\n<script type=\"application\/ld+json\" class=\"yoast-schema-graph\">{\"@context\":\"https:\\\/\\\/schema.org\",\"@graph\":[{\"@type\":\"Article\",\"@id\":\"https:\\\/\\\/telepolice.be\\\/index.php\\\/2019\\\/04\\\/01\\\/telepolice-les-cameras-intelligentes-placees-dans-la-zone-schaerbeek-saint-josse-evere\\\/#article\",\"isPartOf\":{\"@id\":\"https:\\\/\\\/telepolice.be\\\/index.php\\\/2019\\\/04\\\/01\\\/telepolice-les-cameras-intelligentes-placees-dans-la-zone-schaerbeek-saint-josse-evere\\\/\"},\"author\":{\"name\":\"admin\",\"@id\":\"https:\\\/\\\/telepolice.be\\\/#\\\/schema\\\/person\\\/ca479b77454640f8f918dd017bd028bf\"},\"headline\":\"TELEPOLICE : Les cam\u00e9ras intelligentes plac\u00e9es dans la zone Schaerbeek, Saint-Josse, Evere\",\"datePublished\":\"2019-04-01T09:00:54+00:00\",\"dateModified\":\"2019-05-10T09:59:08+00:00\",\"mainEntityOfPage\":{\"@id\":\"https:\\\/\\\/telepolice.be\\\/index.php\\\/2019\\\/04\\\/01\\\/telepolice-les-cameras-intelligentes-placees-dans-la-zone-schaerbeek-saint-josse-evere\\\/\"},\"wordCount\":494,\"publisher\":{\"@id\":\"https:\\\/\\\/telepolice.be\\\/#organization\"},\"articleSection\":[\"Revue De Presse\"],\"inLanguage\":\"fr-FR\"},{\"@type\":\"WebPage\",\"@id\":\"https:\\\/\\\/telepolice.be\\\/index.php\\\/2019\\\/04\\\/01\\\/telepolice-les-cameras-intelligentes-placees-dans-la-zone-schaerbeek-saint-josse-evere\\\/\",\"url\":\"https:\\\/\\\/telepolice.be\\\/index.php\\\/2019\\\/04\\\/01\\\/telepolice-les-cameras-intelligentes-placees-dans-la-zone-schaerbeek-saint-josse-evere\\\/\",\"name\":\"TELEPOLICE : Les cam\u00e9ras intelligentes plac\u00e9es dans la zone Schaerbeek, Saint-Josse, Evere - TELEPOLICE\",\"isPartOf\":{\"@id\":\"https:\\\/\\\/telepolice.be\\\/#website\"},\"datePublished\":\"2019-04-01T09:00:54+00:00\",\"dateModified\":\"2019-05-10T09:59:08+00:00\",\"breadcrumb\":{\"@id\":\"https:\\\/\\\/telepolice.be\\\/index.php\\\/2019\\\/04\\\/01\\\/telepolice-les-cameras-intelligentes-placees-dans-la-zone-schaerbeek-saint-josse-evere\\\/#breadcrumb\"},\"inLanguage\":\"fr-FR\",\"potentialAction\":[{\"@type\":\"ReadAction\",\"target\":[\"https:\\\/\\\/telepolice.be\\\/index.php\\\/2019\\\/04\\\/01\\\/telepolice-les-cameras-intelligentes-placees-dans-la-zone-schaerbeek-saint-josse-evere\\\/\"]}]},{\"@type\":\"BreadcrumbList\",\"@id\":\"https:\\\/\\\/telepolice.be\\\/index.php\\\/2019\\\/04\\\/01\\\/telepolice-les-cameras-intelligentes-placees-dans-la-zone-schaerbeek-saint-josse-evere\\\/#breadcrumb\",\"itemListElement\":[{\"@type\":\"ListItem\",\"position\":1,\"name\":\"Accueil\",\"item\":\"https:\\\/\\\/telepolice.be\\\/\"},{\"@type\":\"ListItem\",\"position\":2,\"name\":\"TELEPOLICE : Les cam\u00e9ras intelligentes plac\u00e9es dans la zone Schaerbeek, Saint-Josse, Evere\"}]},{\"@type\":\"WebSite\",\"@id\":\"https:\\\/\\\/telepolice.be\\\/#website\",\"url\":\"https:\\\/\\\/telepolice.be\\\/\",\"name\":\"TELEPOLICE\",\"description\":\"Prot\u00e9gez votre entreprise\",\"publisher\":{\"@id\":\"https:\\\/\\\/telepolice.be\\\/#organization\"},\"potentialAction\":[{\"@type\":\"SearchAction\",\"target\":{\"@type\":\"EntryPoint\",\"urlTemplate\":\"https:\\\/\\\/telepolice.be\\\/?s={search_term_string}\"},\"query-input\":{\"@type\":\"PropertyValueSpecification\",\"valueRequired\":true,\"valueName\":\"search_term_string\"}}],\"inLanguage\":\"fr-FR\"},{\"@type\":\"Organization\",\"@id\":\"https:\\\/\\\/telepolice.be\\\/#organization\",\"name\":\"TELE POLICE\",\"url\":\"https:\\\/\\\/telepolice.be\\\/\",\"logo\":{\"@type\":\"ImageObject\",\"inLanguage\":\"fr-FR\",\"@id\":\"https:\\\/\\\/telepolice.be\\\/#\\\/schema\\\/logo\\\/image\\\/\",\"url\":\"https:\\\/\\\/telepolice.be\\\/wp-content\\\/uploads\\\/2019\\\/04\\\/cropped-logotelepolice-3.png\",\"contentUrl\":\"https:\\\/\\\/telepolice.be\\\/wp-content\\\/uploads\\\/2019\\\/04\\\/cropped-logotelepolice-3.png\",\"width\":408,\"height\":65,\"caption\":\"TELE POLICE\"},\"image\":{\"@id\":\"https:\\\/\\\/telepolice.be\\\/#\\\/schema\\\/logo\\\/image\\\/\"}},{\"@type\":\"Person\",\"@id\":\"https:\\\/\\\/telepolice.be\\\/#\\\/schema\\\/person\\\/ca479b77454640f8f918dd017bd028bf\",\"name\":\"admin\",\"image\":{\"@type\":\"ImageObject\",\"inLanguage\":\"fr-FR\",\"@id\":\"https:\\\/\\\/secure.gravatar.com\\\/avatar\\\/dd9167fd60efcd6c24559ffa4f391e918347b9cf398a5593e29d658b4ae5d443?s=96&d=mm&r=g\",\"url\":\"https:\\\/\\\/secure.gravatar.com\\\/avatar\\\/dd9167fd60efcd6c24559ffa4f391e918347b9cf398a5593e29d658b4ae5d443?s=96&d=mm&r=g\",\"contentUrl\":\"https:\\\/\\\/secure.gravatar.com\\\/avatar\\\/dd9167fd60efcd6c24559ffa4f391e918347b9cf398a5593e29d658b4ae5d443?s=96&d=mm&r=g\",\"caption\":\"admin\"},\"url\":\"https:\\\/\\\/telepolice.be\\\/index.php\\\/author\\\/web_telepolice\\\/\"}]}<\/script>\n<!-- \/ Yoast SEO plugin. -->","yoast_head_json":{"title":"TELEPOLICE : Les cam\u00e9ras intelligentes plac\u00e9es dans la zone Schaerbeek, Saint-Josse, Evere - TELEPOLICE","robots":{"index":"index","follow":"follow","max-snippet":"max-snippet:-1","max-image-preview":"max-image-preview:large","max-video-preview":"max-video-preview:-1"},"canonical":"https:\/\/telepolice.be\/index.php\/2019\/04\/01\/telepolice-les-cameras-intelligentes-placees-dans-la-zone-schaerbeek-saint-josse-evere\/","og_locale":"fr_FR","og_type":"article","og_title":"TELEPOLICE : Les cam\u00e9ras intelligentes plac\u00e9es dans la zone Schaerbeek, Saint-Josse, Evere - TELEPOLICE","og_description":"Les cam\u00e9ras intelligentes plac\u00e9es dans la zone Schaerbeek, Saint-Josse, Evere L\u2019installation des premi\u00e8res nouvelles cam\u00e9ras de surveillance \u00ab intelligentes \u00bb sur le territoire de police de la zone Nord (Schaerbeek, Evere et Saint-Josse) a d\u00e9but\u00e9. Depuis le d\u00e9but du mois, des techniciens fixent progressivement aux fa\u00e7ades d\u00e9termin\u00e9es de Saint-Josse, dans le quartier de la rue&hellip; Lire la suite","og_url":"https:\/\/telepolice.be\/index.php\/2019\/04\/01\/telepolice-les-cameras-intelligentes-placees-dans-la-zone-schaerbeek-saint-josse-evere\/","og_site_name":"TELEPOLICE","article_published_time":"2019-04-01T09:00:54+00:00","article_modified_time":"2019-05-10T09:59:08+00:00","author":"admin","twitter_card":"summary_large_image","twitter_misc":{"\u00c9crit par":"admin","Dur\u00e9e de lecture estim\u00e9e":"2 minutes"},"schema":{"@context":"https:\/\/schema.org","@graph":[{"@type":"Article","@id":"https:\/\/telepolice.be\/index.php\/2019\/04\/01\/telepolice-les-cameras-intelligentes-placees-dans-la-zone-schaerbeek-saint-josse-evere\/#article","isPartOf":{"@id":"https:\/\/telepolice.be\/index.php\/2019\/04\/01\/telepolice-les-cameras-intelligentes-placees-dans-la-zone-schaerbeek-saint-josse-evere\/"},"author":{"name":"admin","@id":"https:\/\/telepolice.be\/#\/schema\/person\/ca479b77454640f8f918dd017bd028bf"},"headline":"TELEPOLICE : Les cam\u00e9ras intelligentes plac\u00e9es dans la zone Schaerbeek, Saint-Josse, Evere","datePublished":"2019-04-01T09:00:54+00:00","dateModified":"2019-05-10T09:59:08+00:00","mainEntityOfPage":{"@id":"https:\/\/telepolice.be\/index.php\/2019\/04\/01\/telepolice-les-cameras-intelligentes-placees-dans-la-zone-schaerbeek-saint-josse-evere\/"},"wordCount":494,"publisher":{"@id":"https:\/\/telepolice.be\/#organization"},"articleSection":["Revue De Presse"],"inLanguage":"fr-FR"},{"@type":"WebPage","@id":"https:\/\/telepolice.be\/index.php\/2019\/04\/01\/telepolice-les-cameras-intelligentes-placees-dans-la-zone-schaerbeek-saint-josse-evere\/","url":"https:\/\/telepolice.be\/index.php\/2019\/04\/01\/telepolice-les-cameras-intelligentes-placees-dans-la-zone-schaerbeek-saint-josse-evere\/","name":"TELEPOLICE : Les cam\u00e9ras intelligentes plac\u00e9es dans la zone Schaerbeek, Saint-Josse, Evere - TELEPOLICE","isPartOf":{"@id":"https:\/\/telepolice.be\/#website"},"datePublished":"2019-04-01T09:00:54+00:00","dateModified":"2019-05-10T09:59:08+00:00","breadcrumb":{"@id":"https:\/\/telepolice.be\/index.php\/2019\/04\/01\/telepolice-les-cameras-intelligentes-placees-dans-la-zone-schaerbeek-saint-josse-evere\/#breadcrumb"},"inLanguage":"fr-FR","potentialAction":[{"@type":"ReadAction","target":["https:\/\/telepolice.be\/index.php\/2019\/04\/01\/telepolice-les-cameras-intelligentes-placees-dans-la-zone-schaerbeek-saint-josse-evere\/"]}]},{"@type":"BreadcrumbList","@id":"https:\/\/telepolice.be\/index.php\/2019\/04\/01\/telepolice-les-cameras-intelligentes-placees-dans-la-zone-schaerbeek-saint-josse-evere\/#breadcrumb","itemListElement":[{"@type":"ListItem","position":1,"name":"Accueil","item":"https:\/\/telepolice.be\/"},{"@type":"ListItem","position":2,"name":"TELEPOLICE : Les cam\u00e9ras intelligentes plac\u00e9es dans la zone Schaerbeek, Saint-Josse, Evere"}]},{"@type":"WebSite","@id":"https:\/\/telepolice.be\/#website","url":"https:\/\/telepolice.be\/","name":"TELEPOLICE","description":"Prot\u00e9gez votre entreprise","publisher":{"@id":"https:\/\/telepolice.be\/#organization"},"potentialAction":[{"@type":"SearchAction","target":{"@type":"EntryPoint","urlTemplate":"https:\/\/telepolice.be\/?s={search_term_string}"},"query-input":{"@type":"PropertyValueSpecification","valueRequired":true,"valueName":"search_term_string"}}],"inLanguage":"fr-FR"},{"@type":"Organization","@id":"https:\/\/telepolice.be\/#organization","name":"TELE POLICE","url":"https:\/\/telepolice.be\/","logo":{"@type":"ImageObject","inLanguage":"fr-FR","@id":"https:\/\/telepolice.be\/#\/schema\/logo\/image\/","url":"https:\/\/telepolice.be\/wp-content\/uploads\/2019\/04\/cropped-logotelepolice-3.png","contentUrl":"https:\/\/telepolice.be\/wp-content\/uploads\/2019\/04\/cropped-logotelepolice-3.png","width":408,"height":65,"caption":"TELE POLICE"},"image":{"@id":"https:\/\/telepolice.be\/#\/schema\/logo\/image\/"}},{"@type":"Person","@id":"https:\/\/telepolice.be\/#\/schema\/person\/ca479b77454640f8f918dd017bd028bf","name":"admin","image":{"@type":"ImageObject","inLanguage":"fr-FR","@id":"https:\/\/secure.gravatar.com\/avatar\/dd9167fd60efcd6c24559ffa4f391e918347b9cf398a5593e29d658b4ae5d443?s=96&d=mm&r=g","url":"https:\/\/secure.gravatar.com\/avatar\/dd9167fd60efcd6c24559ffa4f391e918347b9cf398a5593e29d658b4ae5d443?s=96&d=mm&r=g","contentUrl":"https:\/\/secure.gravatar.com\/avatar\/dd9167fd60efcd6c24559ffa4f391e918347b9cf398a5593e29d658b4ae5d443?s=96&d=mm&r=g","caption":"admin"},"url":"https:\/\/telepolice.be\/index.php\/author\/web_telepolice\/"}]}},"_links":{"self":[{"href":"https:\/\/telepolice.be\/index.php\/wp-json\/wp\/v2\/posts\/654","targetHints":{"allow":["GET"]}}],"collection":[{"href":"https:\/\/telepolice.be\/index.php\/wp-json\/wp\/v2\/posts"}],"about":[{"href":"https:\/\/telepolice.be\/index.php\/wp-json\/wp\/v2\/types\/post"}],"author":[{"embeddable":true,"href":"https:\/\/telepolice.be\/index.php\/wp-json\/wp\/v2\/users\/1"}],"replies":[{"embeddable":true,"href":"https:\/\/telepolice.be\/index.php\/wp-json\/wp\/v2\/comments?post=654"}],"version-history":[{"count":3,"href":"https:\/\/telepolice.be\/index.php\/wp-json\/wp\/v2\/posts\/654\/revisions"}],"predecessor-version":[{"id":2803,"href":"https:\/\/telepolice.be\/index.php\/wp-json\/wp\/v2\/posts\/654\/revisions\/2803"}],"wp:attachment":[{"href":"https:\/\/telepolice.be\/index.php\/wp-json\/wp\/v2\/media?parent=654"}],"wp:term":[{"taxonomy":"category","embeddable":true,"href":"https:\/\/telepolice.be\/index.php\/wp-json\/wp\/v2\/categories?post=654"},{"taxonomy":"post_tag","embeddable":true,"href":"https:\/\/telepolice.be\/index.php\/wp-json\/wp\/v2\/tags?post=654"}],"curies":[{"name":"wp","href":"https:\/\/api.w.org\/{rel}","templated":true}]}}