{"id":650,"date":"2019-04-01T11:00:52","date_gmt":"2019-04-01T09:00:52","guid":{"rendered":"https:\/\/telepolice.be\/index.php\/2019\/04\/01\/un-systeme-pour-relier-les-commerces-a-la-police\/"},"modified":"2019-05-10T11:40:58","modified_gmt":"2019-05-10T09:40:58","slug":"un-systeme-pour-relier-les-commerces-a-la-police","status":"publish","type":"post","link":"https:\/\/telepolice.be\/index.php\/2019\/04\/01\/un-systeme-pour-relier-les-commerces-a-la-police\/","title":{"rendered":"Un syst\u00e8me pour relier les commerces \u00e0 la police"},"content":{"rendered":"<p><strong><span class=\"subsectionName REGIONS\">Bruxelles<\/span><\/strong><\/p>\n<p><strong>Woluwe-Saint-Lambert<\/strong><\/p>\n<p>T\u00e9l\u00e9police Vision, c\u2019est le nom du nouveau syst\u00e8me qui permettra aux commer\u00e7ants d\u2019enclencher une connexion visuelle et auditive imm\u00e9diate avec la police, en cas d\u2019agression. Compos\u00e9 de cam\u00e9ras et d\u2019une t\u00e9l\u00e9commande munie d\u2019un bouton SOS reli\u00e9e au dispatching de la zone Montgomery, le dispositif permettra aux policiers d\u2019intervenir plus efficacement. L\u2019installation s\u2019\u00e9l\u00e8ve \u00e0 150 \u20ac et les frais d\u2019abonnement reviennent \u00e0 54,90 \u20ac\/mois. Les autorit\u00e9s prennent en charge 50 % des frais, avec un plafond de 550 \u20ac par commerce et par an.<\/p>\n<p><a class=\"brand\" title=\"Accueil\" href=\"http:\/\/www.lalibre.be\/\"><img decoding=\"async\" src=\"http:\/\/r.llb.be\/img\/logoNavbar-886.png\" alt=\"La Libre.be\" border=\"0\" \/><\/a><\/p>\n<p><a href=\"http:\/\/www.lalibre.be\/\">http:\/\/www.lalibre.be<\/a><\/p>\n","protected":false},"excerpt":{"rendered":"<p>Bruxelles Woluwe-Saint-Lambert T\u00e9l\u00e9police Vision, c\u2019est le nom du nouveau syst\u00e8me qui permettra aux commer\u00e7ants d\u2019enclencher une connexion visuelle et auditive imm\u00e9diate avec la police, en cas d\u2019agression. Compos\u00e9 de cam\u00e9ras et d\u2019une t\u00e9l\u00e9commande munie d\u2019un bouton SOS reli\u00e9e au dispatching de la zone Montgomery, le dispositif permettra aux policiers d\u2019intervenir plus efficacement. L\u2019installation s\u2019\u00e9l\u00e8ve \u00e0&hellip; <br \/> <a class=\"read-more\" href=\"https:\/\/telepolice.be\/index.php\/2019\/04\/01\/un-systeme-pour-relier-les-commerces-a-la-police\/\">Lire la suite<\/a><\/p>\n","protected":false},"author":1,"featured_media":0,"comment_status":"closed","ping_status":"closed","sticky":false,"template":"","format":"standard","meta":{"footnotes":""},"categories":[6],"tags":[],"class_list":["post-650","post","type-post","status-publish","format-standard","hentry","category-revue-de-presse"],"yoast_head":"<!-- This site is optimized with the Yoast SEO plugin v27.5 - https:\/\/yoast.com\/product\/yoast-seo-wordpress\/ -->\n<title>Un syst\u00e8me pour relier les commerces \u00e0 la police - TELEPOLICE<\/title>\n<meta name=\"robots\" content=\"index, follow, max-snippet:-1, max-image-preview:large, max-video-preview:-1\" \/>\n<link rel=\"canonical\" href=\"https:\/\/telepolice.be\/index.php\/2019\/04\/01\/un-systeme-pour-relier-les-commerces-a-la-police\/\" \/>\n<meta property=\"og:locale\" content=\"fr_FR\" \/>\n<meta property=\"og:type\" content=\"article\" \/>\n<meta property=\"og:title\" content=\"Un syst\u00e8me pour relier les commerces \u00e0 la police - TELEPOLICE\" \/>\n<meta property=\"og:description\" content=\"Bruxelles Woluwe-Saint-Lambert T\u00e9l\u00e9police Vision, c\u2019est le nom du nouveau syst\u00e8me qui permettra aux commer\u00e7ants d\u2019enclencher une connexion visuelle et auditive imm\u00e9diate avec la police, en cas d\u2019agression. Compos\u00e9 de cam\u00e9ras et d\u2019une t\u00e9l\u00e9commande munie d\u2019un bouton SOS reli\u00e9e au dispatching de la zone Montgomery, le dispositif permettra aux policiers d\u2019intervenir plus efficacement. L\u2019installation s\u2019\u00e9l\u00e8ve \u00e0&hellip; Lire la suite\" \/>\n<meta property=\"og:url\" content=\"https:\/\/telepolice.be\/index.php\/2019\/04\/01\/un-systeme-pour-relier-les-commerces-a-la-police\/\" \/>\n<meta property=\"og:site_name\" content=\"TELEPOLICE\" \/>\n<meta property=\"article:published_time\" content=\"2019-04-01T09:00:52+00:00\" \/>\n<meta property=\"article:modified_time\" content=\"2019-05-10T09:40:58+00:00\" \/>\n<meta property=\"og:image\" content=\"http:\/\/r.llb.be\/img\/logoNavbar-886.png\" \/>\n<meta name=\"author\" content=\"admin\" \/>\n<meta name=\"twitter:card\" content=\"summary_large_image\" \/>\n<meta name=\"twitter:label1\" content=\"\u00c9crit par\" \/>\n\t<meta name=\"twitter:data1\" content=\"admin\" \/>\n\t<meta name=\"twitter:label2\" content=\"Dur\u00e9e de lecture estim\u00e9e\" \/>\n\t<meta name=\"twitter:data2\" content=\"1 minute\" \/>\n<script type=\"application\/ld+json\" class=\"yoast-schema-graph\">{\"@context\":\"https:\\\/\\\/schema.org\",\"@graph\":[{\"@type\":\"Article\",\"@id\":\"https:\\\/\\\/telepolice.be\\\/index.php\\\/2019\\\/04\\\/01\\\/un-systeme-pour-relier-les-commerces-a-la-police\\\/#article\",\"isPartOf\":{\"@id\":\"https:\\\/\\\/telepolice.be\\\/index.php\\\/2019\\\/04\\\/01\\\/un-systeme-pour-relier-les-commerces-a-la-police\\\/\"},\"author\":{\"name\":\"admin\",\"@id\":\"https:\\\/\\\/telepolice.be\\\/#\\\/schema\\\/person\\\/ca479b77454640f8f918dd017bd028bf\"},\"headline\":\"Un syst\u00e8me pour relier les commerces \u00e0 la police\",\"datePublished\":\"2019-04-01T09:00:52+00:00\",\"dateModified\":\"2019-05-10T09:40:58+00:00\",\"mainEntityOfPage\":{\"@id\":\"https:\\\/\\\/telepolice.be\\\/index.php\\\/2019\\\/04\\\/01\\\/un-systeme-pour-relier-les-commerces-a-la-police\\\/\"},\"wordCount\":109,\"publisher\":{\"@id\":\"https:\\\/\\\/telepolice.be\\\/#organization\"},\"image\":{\"@id\":\"https:\\\/\\\/telepolice.be\\\/index.php\\\/2019\\\/04\\\/01\\\/un-systeme-pour-relier-les-commerces-a-la-police\\\/#primaryimage\"},\"thumbnailUrl\":\"http:\\\/\\\/r.llb.be\\\/img\\\/logoNavbar-886.png\",\"articleSection\":[\"Revue De Presse\"],\"inLanguage\":\"fr-FR\"},{\"@type\":\"WebPage\",\"@id\":\"https:\\\/\\\/telepolice.be\\\/index.php\\\/2019\\\/04\\\/01\\\/un-systeme-pour-relier-les-commerces-a-la-police\\\/\",\"url\":\"https:\\\/\\\/telepolice.be\\\/index.php\\\/2019\\\/04\\\/01\\\/un-systeme-pour-relier-les-commerces-a-la-police\\\/\",\"name\":\"Un syst\u00e8me pour relier les commerces \u00e0 la police - TELEPOLICE\",\"isPartOf\":{\"@id\":\"https:\\\/\\\/telepolice.be\\\/#website\"},\"primaryImageOfPage\":{\"@id\":\"https:\\\/\\\/telepolice.be\\\/index.php\\\/2019\\\/04\\\/01\\\/un-systeme-pour-relier-les-commerces-a-la-police\\\/#primaryimage\"},\"image\":{\"@id\":\"https:\\\/\\\/telepolice.be\\\/index.php\\\/2019\\\/04\\\/01\\\/un-systeme-pour-relier-les-commerces-a-la-police\\\/#primaryimage\"},\"thumbnailUrl\":\"http:\\\/\\\/r.llb.be\\\/img\\\/logoNavbar-886.png\",\"datePublished\":\"2019-04-01T09:00:52+00:00\",\"dateModified\":\"2019-05-10T09:40:58+00:00\",\"breadcrumb\":{\"@id\":\"https:\\\/\\\/telepolice.be\\\/index.php\\\/2019\\\/04\\\/01\\\/un-systeme-pour-relier-les-commerces-a-la-police\\\/#breadcrumb\"},\"inLanguage\":\"fr-FR\",\"potentialAction\":[{\"@type\":\"ReadAction\",\"target\":[\"https:\\\/\\\/telepolice.be\\\/index.php\\\/2019\\\/04\\\/01\\\/un-systeme-pour-relier-les-commerces-a-la-police\\\/\"]}]},{\"@type\":\"ImageObject\",\"inLanguage\":\"fr-FR\",\"@id\":\"https:\\\/\\\/telepolice.be\\\/index.php\\\/2019\\\/04\\\/01\\\/un-systeme-pour-relier-les-commerces-a-la-police\\\/#primaryimage\",\"url\":\"http:\\\/\\\/r.llb.be\\\/img\\\/logoNavbar-886.png\",\"contentUrl\":\"http:\\\/\\\/r.llb.be\\\/img\\\/logoNavbar-886.png\"},{\"@type\":\"BreadcrumbList\",\"@id\":\"https:\\\/\\\/telepolice.be\\\/index.php\\\/2019\\\/04\\\/01\\\/un-systeme-pour-relier-les-commerces-a-la-police\\\/#breadcrumb\",\"itemListElement\":[{\"@type\":\"ListItem\",\"position\":1,\"name\":\"Accueil\",\"item\":\"https:\\\/\\\/telepolice.be\\\/\"},{\"@type\":\"ListItem\",\"position\":2,\"name\":\"Un syst\u00e8me pour relier les commerces \u00e0 la police\"}]},{\"@type\":\"WebSite\",\"@id\":\"https:\\\/\\\/telepolice.be\\\/#website\",\"url\":\"https:\\\/\\\/telepolice.be\\\/\",\"name\":\"TELEPOLICE\",\"description\":\"Prot\u00e9gez votre entreprise\",\"publisher\":{\"@id\":\"https:\\\/\\\/telepolice.be\\\/#organization\"},\"potentialAction\":[{\"@type\":\"SearchAction\",\"target\":{\"@type\":\"EntryPoint\",\"urlTemplate\":\"https:\\\/\\\/telepolice.be\\\/?s={search_term_string}\"},\"query-input\":{\"@type\":\"PropertyValueSpecification\",\"valueRequired\":true,\"valueName\":\"search_term_string\"}}],\"inLanguage\":\"fr-FR\"},{\"@type\":\"Organization\",\"@id\":\"https:\\\/\\\/telepolice.be\\\/#organization\",\"name\":\"TELE POLICE\",\"url\":\"https:\\\/\\\/telepolice.be\\\/\",\"logo\":{\"@type\":\"ImageObject\",\"inLanguage\":\"fr-FR\",\"@id\":\"https:\\\/\\\/telepolice.be\\\/#\\\/schema\\\/logo\\\/image\\\/\",\"url\":\"https:\\\/\\\/telepolice.be\\\/wp-content\\\/uploads\\\/2019\\\/04\\\/cropped-logotelepolice-3.png\",\"contentUrl\":\"https:\\\/\\\/telepolice.be\\\/wp-content\\\/uploads\\\/2019\\\/04\\\/cropped-logotelepolice-3.png\",\"width\":408,\"height\":65,\"caption\":\"TELE POLICE\"},\"image\":{\"@id\":\"https:\\\/\\\/telepolice.be\\\/#\\\/schema\\\/logo\\\/image\\\/\"}},{\"@type\":\"Person\",\"@id\":\"https:\\\/\\\/telepolice.be\\\/#\\\/schema\\\/person\\\/ca479b77454640f8f918dd017bd028bf\",\"name\":\"admin\",\"image\":{\"@type\":\"ImageObject\",\"inLanguage\":\"fr-FR\",\"@id\":\"https:\\\/\\\/secure.gravatar.com\\\/avatar\\\/dd9167fd60efcd6c24559ffa4f391e918347b9cf398a5593e29d658b4ae5d443?s=96&d=mm&r=g\",\"url\":\"https:\\\/\\\/secure.gravatar.com\\\/avatar\\\/dd9167fd60efcd6c24559ffa4f391e918347b9cf398a5593e29d658b4ae5d443?s=96&d=mm&r=g\",\"contentUrl\":\"https:\\\/\\\/secure.gravatar.com\\\/avatar\\\/dd9167fd60efcd6c24559ffa4f391e918347b9cf398a5593e29d658b4ae5d443?s=96&d=mm&r=g\",\"caption\":\"admin\"},\"url\":\"https:\\\/\\\/telepolice.be\\\/index.php\\\/author\\\/web_telepolice\\\/\"}]}<\/script>\n<!-- \/ Yoast SEO plugin. -->","yoast_head_json":{"title":"Un syst\u00e8me pour relier les commerces \u00e0 la police - TELEPOLICE","robots":{"index":"index","follow":"follow","max-snippet":"max-snippet:-1","max-image-preview":"max-image-preview:large","max-video-preview":"max-video-preview:-1"},"canonical":"https:\/\/telepolice.be\/index.php\/2019\/04\/01\/un-systeme-pour-relier-les-commerces-a-la-police\/","og_locale":"fr_FR","og_type":"article","og_title":"Un syst\u00e8me pour relier les commerces \u00e0 la police - TELEPOLICE","og_description":"Bruxelles Woluwe-Saint-Lambert T\u00e9l\u00e9police Vision, c\u2019est le nom du nouveau syst\u00e8me qui permettra aux commer\u00e7ants d\u2019enclencher une connexion visuelle et auditive imm\u00e9diate avec la police, en cas d\u2019agression. Compos\u00e9 de cam\u00e9ras et d\u2019une t\u00e9l\u00e9commande munie d\u2019un bouton SOS reli\u00e9e au dispatching de la zone Montgomery, le dispositif permettra aux policiers d\u2019intervenir plus efficacement. L\u2019installation s\u2019\u00e9l\u00e8ve \u00e0&hellip; Lire la suite","og_url":"https:\/\/telepolice.be\/index.php\/2019\/04\/01\/un-systeme-pour-relier-les-commerces-a-la-police\/","og_site_name":"TELEPOLICE","article_published_time":"2019-04-01T09:00:52+00:00","article_modified_time":"2019-05-10T09:40:58+00:00","og_image":[{"url":"http:\/\/r.llb.be\/img\/logoNavbar-886.png","type":"","width":"","height":""}],"author":"admin","twitter_card":"summary_large_image","twitter_misc":{"\u00c9crit par":"admin","Dur\u00e9e de lecture estim\u00e9e":"1 minute"},"schema":{"@context":"https:\/\/schema.org","@graph":[{"@type":"Article","@id":"https:\/\/telepolice.be\/index.php\/2019\/04\/01\/un-systeme-pour-relier-les-commerces-a-la-police\/#article","isPartOf":{"@id":"https:\/\/telepolice.be\/index.php\/2019\/04\/01\/un-systeme-pour-relier-les-commerces-a-la-police\/"},"author":{"name":"admin","@id":"https:\/\/telepolice.be\/#\/schema\/person\/ca479b77454640f8f918dd017bd028bf"},"headline":"Un syst\u00e8me pour relier les commerces \u00e0 la police","datePublished":"2019-04-01T09:00:52+00:00","dateModified":"2019-05-10T09:40:58+00:00","mainEntityOfPage":{"@id":"https:\/\/telepolice.be\/index.php\/2019\/04\/01\/un-systeme-pour-relier-les-commerces-a-la-police\/"},"wordCount":109,"publisher":{"@id":"https:\/\/telepolice.be\/#organization"},"image":{"@id":"https:\/\/telepolice.be\/index.php\/2019\/04\/01\/un-systeme-pour-relier-les-commerces-a-la-police\/#primaryimage"},"thumbnailUrl":"http:\/\/r.llb.be\/img\/logoNavbar-886.png","articleSection":["Revue De Presse"],"inLanguage":"fr-FR"},{"@type":"WebPage","@id":"https:\/\/telepolice.be\/index.php\/2019\/04\/01\/un-systeme-pour-relier-les-commerces-a-la-police\/","url":"https:\/\/telepolice.be\/index.php\/2019\/04\/01\/un-systeme-pour-relier-les-commerces-a-la-police\/","name":"Un syst\u00e8me pour relier les commerces \u00e0 la police - TELEPOLICE","isPartOf":{"@id":"https:\/\/telepolice.be\/#website"},"primaryImageOfPage":{"@id":"https:\/\/telepolice.be\/index.php\/2019\/04\/01\/un-systeme-pour-relier-les-commerces-a-la-police\/#primaryimage"},"image":{"@id":"https:\/\/telepolice.be\/index.php\/2019\/04\/01\/un-systeme-pour-relier-les-commerces-a-la-police\/#primaryimage"},"thumbnailUrl":"http:\/\/r.llb.be\/img\/logoNavbar-886.png","datePublished":"2019-04-01T09:00:52+00:00","dateModified":"2019-05-10T09:40:58+00:00","breadcrumb":{"@id":"https:\/\/telepolice.be\/index.php\/2019\/04\/01\/un-systeme-pour-relier-les-commerces-a-la-police\/#breadcrumb"},"inLanguage":"fr-FR","potentialAction":[{"@type":"ReadAction","target":["https:\/\/telepolice.be\/index.php\/2019\/04\/01\/un-systeme-pour-relier-les-commerces-a-la-police\/"]}]},{"@type":"ImageObject","inLanguage":"fr-FR","@id":"https:\/\/telepolice.be\/index.php\/2019\/04\/01\/un-systeme-pour-relier-les-commerces-a-la-police\/#primaryimage","url":"http:\/\/r.llb.be\/img\/logoNavbar-886.png","contentUrl":"http:\/\/r.llb.be\/img\/logoNavbar-886.png"},{"@type":"BreadcrumbList","@id":"https:\/\/telepolice.be\/index.php\/2019\/04\/01\/un-systeme-pour-relier-les-commerces-a-la-police\/#breadcrumb","itemListElement":[{"@type":"ListItem","position":1,"name":"Accueil","item":"https:\/\/telepolice.be\/"},{"@type":"ListItem","position":2,"name":"Un syst\u00e8me pour relier les commerces \u00e0 la police"}]},{"@type":"WebSite","@id":"https:\/\/telepolice.be\/#website","url":"https:\/\/telepolice.be\/","name":"TELEPOLICE","description":"Prot\u00e9gez votre entreprise","publisher":{"@id":"https:\/\/telepolice.be\/#organization"},"potentialAction":[{"@type":"SearchAction","target":{"@type":"EntryPoint","urlTemplate":"https:\/\/telepolice.be\/?s={search_term_string}"},"query-input":{"@type":"PropertyValueSpecification","valueRequired":true,"valueName":"search_term_string"}}],"inLanguage":"fr-FR"},{"@type":"Organization","@id":"https:\/\/telepolice.be\/#organization","name":"TELE POLICE","url":"https:\/\/telepolice.be\/","logo":{"@type":"ImageObject","inLanguage":"fr-FR","@id":"https:\/\/telepolice.be\/#\/schema\/logo\/image\/","url":"https:\/\/telepolice.be\/wp-content\/uploads\/2019\/04\/cropped-logotelepolice-3.png","contentUrl":"https:\/\/telepolice.be\/wp-content\/uploads\/2019\/04\/cropped-logotelepolice-3.png","width":408,"height":65,"caption":"TELE POLICE"},"image":{"@id":"https:\/\/telepolice.be\/#\/schema\/logo\/image\/"}},{"@type":"Person","@id":"https:\/\/telepolice.be\/#\/schema\/person\/ca479b77454640f8f918dd017bd028bf","name":"admin","image":{"@type":"ImageObject","inLanguage":"fr-FR","@id":"https:\/\/secure.gravatar.com\/avatar\/dd9167fd60efcd6c24559ffa4f391e918347b9cf398a5593e29d658b4ae5d443?s=96&d=mm&r=g","url":"https:\/\/secure.gravatar.com\/avatar\/dd9167fd60efcd6c24559ffa4f391e918347b9cf398a5593e29d658b4ae5d443?s=96&d=mm&r=g","contentUrl":"https:\/\/secure.gravatar.com\/avatar\/dd9167fd60efcd6c24559ffa4f391e918347b9cf398a5593e29d658b4ae5d443?s=96&d=mm&r=g","caption":"admin"},"url":"https:\/\/telepolice.be\/index.php\/author\/web_telepolice\/"}]}},"_links":{"self":[{"href":"https:\/\/telepolice.be\/index.php\/wp-json\/wp\/v2\/posts\/650","targetHints":{"allow":["GET"]}}],"collection":[{"href":"https:\/\/telepolice.be\/index.php\/wp-json\/wp\/v2\/posts"}],"about":[{"href":"https:\/\/telepolice.be\/index.php\/wp-json\/wp\/v2\/types\/post"}],"author":[{"embeddable":true,"href":"https:\/\/telepolice.be\/index.php\/wp-json\/wp\/v2\/users\/1"}],"replies":[{"embeddable":true,"href":"https:\/\/telepolice.be\/index.php\/wp-json\/wp\/v2\/comments?post=650"}],"version-history":[{"count":2,"href":"https:\/\/telepolice.be\/index.php\/wp-json\/wp\/v2\/posts\/650\/revisions"}],"predecessor-version":[{"id":2796,"href":"https:\/\/telepolice.be\/index.php\/wp-json\/wp\/v2\/posts\/650\/revisions\/2796"}],"wp:attachment":[{"href":"https:\/\/telepolice.be\/index.php\/wp-json\/wp\/v2\/media?parent=650"}],"wp:term":[{"taxonomy":"category","embeddable":true,"href":"https:\/\/telepolice.be\/index.php\/wp-json\/wp\/v2\/categories?post=650"},{"taxonomy":"post_tag","embeddable":true,"href":"https:\/\/telepolice.be\/index.php\/wp-json\/wp\/v2\/tags?post=650"}],"curies":[{"name":"wp","href":"https:\/\/api.w.org\/{rel}","templated":true}]}}