{"id":2662,"date":"2019-05-09T12:55:40","date_gmt":"2019-05-09T10:55:40","guid":{"rendered":"https:\/\/telepolice.be\/?p=2662"},"modified":"2019-05-09T12:58:29","modified_gmt":"2019-05-09T10:58:29","slug":"gedrapeerde-boekhandelaar-ucm-en-prodipresse-claimen-telepolice-lanceert-ronde-tafel-over-beveiliging","status":"publish","type":"post","link":"https:\/\/telepolice.be\/index.php\/nl\/2019\/05\/09\/gedrapeerde-boekhandelaar-ucm-en-prodipresse-claimen-telepolice-lanceert-ronde-tafel-over-beveiliging\/","title":{"rendered":"Gedrapeerde boekhandelaar: UCM en Prodipresse claimen Telepolice lanceert ronde tafel over beveiliging"},"content":{"rendered":"<h4>Prodipresse en de Union of Middle Classes herinneren eraan dat de vrouw van het slachtoffer minder dan twee weken geleden was mishandeld<\/h4>\n<p><strong>BRUSSEL<\/strong> Na de overval op maandagavond in Houdeng-Aimeries die het leven van een boekhandelaar heeft gekost, beweren Prodipresse, de vereniging van de pers, en de UCM dinsdag een ronde tafel over de veiligheid van boekhandelaren. \u00ab\u00a0Zelfs als de doelgerichte boekwinkel veilig was en uitgerust met camera&rsquo;s, kunnen we niet spreken van fataliteit\u00a0\u00bb, zeggen de twee organisaties.<\/p>\n<p>Prodipresse en de Union of Middle Classes herinneren eraan dat de vrouw van het slachtoffer minder dan twee weken geleden was mishandeld en dat er recentelijk verscheidene andere overvallen plaatsvonden in het gebied van La Louvi\u00e8re, waaronder drie op 8 september.<\/p>\n<p>De frequentie van gewapende overvallen neemt in het hele land toe, + 34% van 2009 tot 2010. Volgens de UCM zijn gewelddadige aanvallen meer gericht op lokale bedrijven, waaronder boekhandels, gezien de beschermende maatregelen in andere sectoren, zoals banken of supermarkten.<br \/>\nUCM en Prodipresse pleiten voor gratis elektronische transacties in kleine bedrijven en maatregelen om investeringen in beveiliging aan te moedigen.<\/p>\n<p>\u00a0\u00bb We zullen nooit kunnen accepteren dat moord deel uitmaakt van het bedrijfsrisico \u00ab\u00a0, concluderen Prodipresse en UCM.<\/p>\n<p><strong>\u00a9 La Derni\u00e8re Heure 2011<\/strong><\/p>\n","protected":false},"excerpt":{"rendered":"<p>Prodipresse en de Union of Middle Classes herinneren eraan dat de vrouw van het slachtoffer minder dan twee weken geleden was mishandeld BRUSSEL Na de overval op maandagavond in Houdeng-Aimeries die het leven van een boekhandelaar heeft gekost, beweren Prodipresse, de vereniging van de pers, en de UCM dinsdag een ronde tafel over de veiligheid&hellip; <br \/> <a class=\"read-more\" href=\"https:\/\/telepolice.be\/index.php\/nl\/2019\/05\/09\/gedrapeerde-boekhandelaar-ucm-en-prodipresse-claimen-telepolice-lanceert-ronde-tafel-over-beveiliging\/\">Lire la suite<\/a><\/p>\n","protected":false},"author":1,"featured_media":0,"comment_status":"open","ping_status":"closed","sticky":false,"template":"","format":"standard","meta":{"footnotes":""},"categories":[44],"tags":[],"class_list":["post-2662","post","type-post","status-publish","format-standard","hentry","category-persoverzicht"],"yoast_head":"<!-- This site is optimized with the Yoast SEO plugin v27.5 - https:\/\/yoast.com\/product\/yoast-seo-wordpress\/ -->\n<title>Gedrapeerde boekhandelaar: UCM en Prodipresse claimen Telepolice lanceert ronde tafel over beveiliging - TELEPOLICE<\/title>\n<meta name=\"robots\" content=\"index, follow, max-snippet:-1, max-image-preview:large, max-video-preview:-1\" \/>\n<link rel=\"canonical\" href=\"https:\/\/telepolice.be\/index.php\/nl\/2019\/05\/09\/gedrapeerde-boekhandelaar-ucm-en-prodipresse-claimen-telepolice-lanceert-ronde-tafel-over-beveiliging\/\" \/>\n<meta property=\"og:locale\" content=\"fr_FR\" \/>\n<meta property=\"og:type\" content=\"article\" \/>\n<meta property=\"og:title\" content=\"Gedrapeerde boekhandelaar: UCM en Prodipresse claimen Telepolice lanceert ronde tafel over beveiliging - TELEPOLICE\" \/>\n<meta property=\"og:description\" content=\"Prodipresse en de Union of Middle Classes herinneren eraan dat de vrouw van het slachtoffer minder dan twee weken geleden was mishandeld BRUSSEL Na de overval op maandagavond in Houdeng-Aimeries die het leven van een boekhandelaar heeft gekost, beweren Prodipresse, de vereniging van de pers, en de UCM dinsdag een ronde tafel over de veiligheid&hellip; Lire la suite\" \/>\n<meta property=\"og:url\" content=\"https:\/\/telepolice.be\/index.php\/nl\/2019\/05\/09\/gedrapeerde-boekhandelaar-ucm-en-prodipresse-claimen-telepolice-lanceert-ronde-tafel-over-beveiliging\/\" \/>\n<meta property=\"og:site_name\" content=\"TELEPOLICE\" \/>\n<meta property=\"article:published_time\" content=\"2019-05-09T10:55:40+00:00\" \/>\n<meta property=\"article:modified_time\" content=\"2019-05-09T10:58:29+00:00\" \/>\n<meta name=\"author\" content=\"admin\" \/>\n<meta name=\"twitter:card\" content=\"summary_large_image\" \/>\n<meta name=\"twitter:label1\" content=\"\u00c9crit par\" \/>\n\t<meta name=\"twitter:data1\" content=\"admin\" \/>\n\t<meta name=\"twitter:label2\" content=\"Dur\u00e9e de lecture estim\u00e9e\" \/>\n\t<meta name=\"twitter:data2\" content=\"1 minute\" \/>\n<script type=\"application\/ld+json\" class=\"yoast-schema-graph\">{\"@context\":\"https:\\\/\\\/schema.org\",\"@graph\":[{\"@type\":\"Article\",\"@id\":\"https:\\\/\\\/telepolice.be\\\/index.php\\\/nl\\\/2019\\\/05\\\/09\\\/gedrapeerde-boekhandelaar-ucm-en-prodipresse-claimen-telepolice-lanceert-ronde-tafel-over-beveiliging\\\/#article\",\"isPartOf\":{\"@id\":\"https:\\\/\\\/telepolice.be\\\/index.php\\\/nl\\\/2019\\\/05\\\/09\\\/gedrapeerde-boekhandelaar-ucm-en-prodipresse-claimen-telepolice-lanceert-ronde-tafel-over-beveiliging\\\/\"},\"author\":{\"name\":\"admin\",\"@id\":\"https:\\\/\\\/telepolice.be\\\/#\\\/schema\\\/person\\\/ca479b77454640f8f918dd017bd028bf\"},\"headline\":\"Gedrapeerde boekhandelaar: UCM en Prodipresse claimen Telepolice lanceert ronde tafel over beveiliging\",\"datePublished\":\"2019-05-09T10:55:40+00:00\",\"dateModified\":\"2019-05-09T10:58:29+00:00\",\"mainEntityOfPage\":{\"@id\":\"https:\\\/\\\/telepolice.be\\\/index.php\\\/nl\\\/2019\\\/05\\\/09\\\/gedrapeerde-boekhandelaar-ucm-en-prodipresse-claimen-telepolice-lanceert-ronde-tafel-over-beveiliging\\\/\"},\"wordCount\":209,\"commentCount\":0,\"publisher\":{\"@id\":\"https:\\\/\\\/telepolice.be\\\/#organization\"},\"articleSection\":[\"Persoverzicht\"],\"inLanguage\":\"fr-FR\",\"potentialAction\":[{\"@type\":\"CommentAction\",\"name\":\"Comment\",\"target\":[\"https:\\\/\\\/telepolice.be\\\/index.php\\\/nl\\\/2019\\\/05\\\/09\\\/gedrapeerde-boekhandelaar-ucm-en-prodipresse-claimen-telepolice-lanceert-ronde-tafel-over-beveiliging\\\/#respond\"]}]},{\"@type\":\"WebPage\",\"@id\":\"https:\\\/\\\/telepolice.be\\\/index.php\\\/nl\\\/2019\\\/05\\\/09\\\/gedrapeerde-boekhandelaar-ucm-en-prodipresse-claimen-telepolice-lanceert-ronde-tafel-over-beveiliging\\\/\",\"url\":\"https:\\\/\\\/telepolice.be\\\/index.php\\\/nl\\\/2019\\\/05\\\/09\\\/gedrapeerde-boekhandelaar-ucm-en-prodipresse-claimen-telepolice-lanceert-ronde-tafel-over-beveiliging\\\/\",\"name\":\"Gedrapeerde boekhandelaar: UCM en Prodipresse claimen Telepolice lanceert ronde tafel over beveiliging - TELEPOLICE\",\"isPartOf\":{\"@id\":\"https:\\\/\\\/telepolice.be\\\/#website\"},\"datePublished\":\"2019-05-09T10:55:40+00:00\",\"dateModified\":\"2019-05-09T10:58:29+00:00\",\"breadcrumb\":{\"@id\":\"https:\\\/\\\/telepolice.be\\\/index.php\\\/nl\\\/2019\\\/05\\\/09\\\/gedrapeerde-boekhandelaar-ucm-en-prodipresse-claimen-telepolice-lanceert-ronde-tafel-over-beveiliging\\\/#breadcrumb\"},\"inLanguage\":\"fr-FR\",\"potentialAction\":[{\"@type\":\"ReadAction\",\"target\":[\"https:\\\/\\\/telepolice.be\\\/index.php\\\/nl\\\/2019\\\/05\\\/09\\\/gedrapeerde-boekhandelaar-ucm-en-prodipresse-claimen-telepolice-lanceert-ronde-tafel-over-beveiliging\\\/\"]}]},{\"@type\":\"BreadcrumbList\",\"@id\":\"https:\\\/\\\/telepolice.be\\\/index.php\\\/nl\\\/2019\\\/05\\\/09\\\/gedrapeerde-boekhandelaar-ucm-en-prodipresse-claimen-telepolice-lanceert-ronde-tafel-over-beveiliging\\\/#breadcrumb\",\"itemListElement\":[{\"@type\":\"ListItem\",\"position\":1,\"name\":\"Accueil\",\"item\":\"https:\\\/\\\/telepolice.be\\\/\"},{\"@type\":\"ListItem\",\"position\":2,\"name\":\"Gedrapeerde boekhandelaar: UCM en Prodipresse claimen Telepolice lanceert ronde tafel over beveiliging\"}]},{\"@type\":\"WebSite\",\"@id\":\"https:\\\/\\\/telepolice.be\\\/#website\",\"url\":\"https:\\\/\\\/telepolice.be\\\/\",\"name\":\"TELEPOLICE\",\"description\":\"Prot\u00e9gez votre entreprise\",\"publisher\":{\"@id\":\"https:\\\/\\\/telepolice.be\\\/#organization\"},\"potentialAction\":[{\"@type\":\"SearchAction\",\"target\":{\"@type\":\"EntryPoint\",\"urlTemplate\":\"https:\\\/\\\/telepolice.be\\\/?s={search_term_string}\"},\"query-input\":{\"@type\":\"PropertyValueSpecification\",\"valueRequired\":true,\"valueName\":\"search_term_string\"}}],\"inLanguage\":\"fr-FR\"},{\"@type\":\"Organization\",\"@id\":\"https:\\\/\\\/telepolice.be\\\/#organization\",\"name\":\"TELE POLICE\",\"url\":\"https:\\\/\\\/telepolice.be\\\/\",\"logo\":{\"@type\":\"ImageObject\",\"inLanguage\":\"fr-FR\",\"@id\":\"https:\\\/\\\/telepolice.be\\\/#\\\/schema\\\/logo\\\/image\\\/\",\"url\":\"https:\\\/\\\/telepolice.be\\\/wp-content\\\/uploads\\\/2019\\\/04\\\/cropped-logotelepolice-3.png\",\"contentUrl\":\"https:\\\/\\\/telepolice.be\\\/wp-content\\\/uploads\\\/2019\\\/04\\\/cropped-logotelepolice-3.png\",\"width\":408,\"height\":65,\"caption\":\"TELE POLICE\"},\"image\":{\"@id\":\"https:\\\/\\\/telepolice.be\\\/#\\\/schema\\\/logo\\\/image\\\/\"}},{\"@type\":\"Person\",\"@id\":\"https:\\\/\\\/telepolice.be\\\/#\\\/schema\\\/person\\\/ca479b77454640f8f918dd017bd028bf\",\"name\":\"admin\",\"image\":{\"@type\":\"ImageObject\",\"inLanguage\":\"fr-FR\",\"@id\":\"https:\\\/\\\/secure.gravatar.com\\\/avatar\\\/dd9167fd60efcd6c24559ffa4f391e918347b9cf398a5593e29d658b4ae5d443?s=96&d=mm&r=g\",\"url\":\"https:\\\/\\\/secure.gravatar.com\\\/avatar\\\/dd9167fd60efcd6c24559ffa4f391e918347b9cf398a5593e29d658b4ae5d443?s=96&d=mm&r=g\",\"contentUrl\":\"https:\\\/\\\/secure.gravatar.com\\\/avatar\\\/dd9167fd60efcd6c24559ffa4f391e918347b9cf398a5593e29d658b4ae5d443?s=96&d=mm&r=g\",\"caption\":\"admin\"},\"url\":\"https:\\\/\\\/telepolice.be\\\/index.php\\\/author\\\/web_telepolice\\\/\"}]}<\/script>\n<!-- \/ Yoast SEO plugin. -->","yoast_head_json":{"title":"Gedrapeerde boekhandelaar: UCM en Prodipresse claimen Telepolice lanceert ronde tafel over beveiliging - TELEPOLICE","robots":{"index":"index","follow":"follow","max-snippet":"max-snippet:-1","max-image-preview":"max-image-preview:large","max-video-preview":"max-video-preview:-1"},"canonical":"https:\/\/telepolice.be\/index.php\/nl\/2019\/05\/09\/gedrapeerde-boekhandelaar-ucm-en-prodipresse-claimen-telepolice-lanceert-ronde-tafel-over-beveiliging\/","og_locale":"fr_FR","og_type":"article","og_title":"Gedrapeerde boekhandelaar: UCM en Prodipresse claimen Telepolice lanceert ronde tafel over beveiliging - TELEPOLICE","og_description":"Prodipresse en de Union of Middle Classes herinneren eraan dat de vrouw van het slachtoffer minder dan twee weken geleden was mishandeld BRUSSEL Na de overval op maandagavond in Houdeng-Aimeries die het leven van een boekhandelaar heeft gekost, beweren Prodipresse, de vereniging van de pers, en de UCM dinsdag een ronde tafel over de veiligheid&hellip; Lire la suite","og_url":"https:\/\/telepolice.be\/index.php\/nl\/2019\/05\/09\/gedrapeerde-boekhandelaar-ucm-en-prodipresse-claimen-telepolice-lanceert-ronde-tafel-over-beveiliging\/","og_site_name":"TELEPOLICE","article_published_time":"2019-05-09T10:55:40+00:00","article_modified_time":"2019-05-09T10:58:29+00:00","author":"admin","twitter_card":"summary_large_image","twitter_misc":{"\u00c9crit par":"admin","Dur\u00e9e de lecture estim\u00e9e":"1 minute"},"schema":{"@context":"https:\/\/schema.org","@graph":[{"@type":"Article","@id":"https:\/\/telepolice.be\/index.php\/nl\/2019\/05\/09\/gedrapeerde-boekhandelaar-ucm-en-prodipresse-claimen-telepolice-lanceert-ronde-tafel-over-beveiliging\/#article","isPartOf":{"@id":"https:\/\/telepolice.be\/index.php\/nl\/2019\/05\/09\/gedrapeerde-boekhandelaar-ucm-en-prodipresse-claimen-telepolice-lanceert-ronde-tafel-over-beveiliging\/"},"author":{"name":"admin","@id":"https:\/\/telepolice.be\/#\/schema\/person\/ca479b77454640f8f918dd017bd028bf"},"headline":"Gedrapeerde boekhandelaar: UCM en Prodipresse claimen Telepolice lanceert ronde tafel over beveiliging","datePublished":"2019-05-09T10:55:40+00:00","dateModified":"2019-05-09T10:58:29+00:00","mainEntityOfPage":{"@id":"https:\/\/telepolice.be\/index.php\/nl\/2019\/05\/09\/gedrapeerde-boekhandelaar-ucm-en-prodipresse-claimen-telepolice-lanceert-ronde-tafel-over-beveiliging\/"},"wordCount":209,"commentCount":0,"publisher":{"@id":"https:\/\/telepolice.be\/#organization"},"articleSection":["Persoverzicht"],"inLanguage":"fr-FR","potentialAction":[{"@type":"CommentAction","name":"Comment","target":["https:\/\/telepolice.be\/index.php\/nl\/2019\/05\/09\/gedrapeerde-boekhandelaar-ucm-en-prodipresse-claimen-telepolice-lanceert-ronde-tafel-over-beveiliging\/#respond"]}]},{"@type":"WebPage","@id":"https:\/\/telepolice.be\/index.php\/nl\/2019\/05\/09\/gedrapeerde-boekhandelaar-ucm-en-prodipresse-claimen-telepolice-lanceert-ronde-tafel-over-beveiliging\/","url":"https:\/\/telepolice.be\/index.php\/nl\/2019\/05\/09\/gedrapeerde-boekhandelaar-ucm-en-prodipresse-claimen-telepolice-lanceert-ronde-tafel-over-beveiliging\/","name":"Gedrapeerde boekhandelaar: UCM en Prodipresse claimen Telepolice lanceert ronde tafel over beveiliging - TELEPOLICE","isPartOf":{"@id":"https:\/\/telepolice.be\/#website"},"datePublished":"2019-05-09T10:55:40+00:00","dateModified":"2019-05-09T10:58:29+00:00","breadcrumb":{"@id":"https:\/\/telepolice.be\/index.php\/nl\/2019\/05\/09\/gedrapeerde-boekhandelaar-ucm-en-prodipresse-claimen-telepolice-lanceert-ronde-tafel-over-beveiliging\/#breadcrumb"},"inLanguage":"fr-FR","potentialAction":[{"@type":"ReadAction","target":["https:\/\/telepolice.be\/index.php\/nl\/2019\/05\/09\/gedrapeerde-boekhandelaar-ucm-en-prodipresse-claimen-telepolice-lanceert-ronde-tafel-over-beveiliging\/"]}]},{"@type":"BreadcrumbList","@id":"https:\/\/telepolice.be\/index.php\/nl\/2019\/05\/09\/gedrapeerde-boekhandelaar-ucm-en-prodipresse-claimen-telepolice-lanceert-ronde-tafel-over-beveiliging\/#breadcrumb","itemListElement":[{"@type":"ListItem","position":1,"name":"Accueil","item":"https:\/\/telepolice.be\/"},{"@type":"ListItem","position":2,"name":"Gedrapeerde boekhandelaar: UCM en Prodipresse claimen Telepolice lanceert ronde tafel over beveiliging"}]},{"@type":"WebSite","@id":"https:\/\/telepolice.be\/#website","url":"https:\/\/telepolice.be\/","name":"TELEPOLICE","description":"Prot\u00e9gez votre entreprise","publisher":{"@id":"https:\/\/telepolice.be\/#organization"},"potentialAction":[{"@type":"SearchAction","target":{"@type":"EntryPoint","urlTemplate":"https:\/\/telepolice.be\/?s={search_term_string}"},"query-input":{"@type":"PropertyValueSpecification","valueRequired":true,"valueName":"search_term_string"}}],"inLanguage":"fr-FR"},{"@type":"Organization","@id":"https:\/\/telepolice.be\/#organization","name":"TELE POLICE","url":"https:\/\/telepolice.be\/","logo":{"@type":"ImageObject","inLanguage":"fr-FR","@id":"https:\/\/telepolice.be\/#\/schema\/logo\/image\/","url":"https:\/\/telepolice.be\/wp-content\/uploads\/2019\/04\/cropped-logotelepolice-3.png","contentUrl":"https:\/\/telepolice.be\/wp-content\/uploads\/2019\/04\/cropped-logotelepolice-3.png","width":408,"height":65,"caption":"TELE POLICE"},"image":{"@id":"https:\/\/telepolice.be\/#\/schema\/logo\/image\/"}},{"@type":"Person","@id":"https:\/\/telepolice.be\/#\/schema\/person\/ca479b77454640f8f918dd017bd028bf","name":"admin","image":{"@type":"ImageObject","inLanguage":"fr-FR","@id":"https:\/\/secure.gravatar.com\/avatar\/dd9167fd60efcd6c24559ffa4f391e918347b9cf398a5593e29d658b4ae5d443?s=96&d=mm&r=g","url":"https:\/\/secure.gravatar.com\/avatar\/dd9167fd60efcd6c24559ffa4f391e918347b9cf398a5593e29d658b4ae5d443?s=96&d=mm&r=g","contentUrl":"https:\/\/secure.gravatar.com\/avatar\/dd9167fd60efcd6c24559ffa4f391e918347b9cf398a5593e29d658b4ae5d443?s=96&d=mm&r=g","caption":"admin"},"url":"https:\/\/telepolice.be\/index.php\/author\/web_telepolice\/"}]}},"_links":{"self":[{"href":"https:\/\/telepolice.be\/index.php\/wp-json\/wp\/v2\/posts\/2662","targetHints":{"allow":["GET"]}}],"collection":[{"href":"https:\/\/telepolice.be\/index.php\/wp-json\/wp\/v2\/posts"}],"about":[{"href":"https:\/\/telepolice.be\/index.php\/wp-json\/wp\/v2\/types\/post"}],"author":[{"embeddable":true,"href":"https:\/\/telepolice.be\/index.php\/wp-json\/wp\/v2\/users\/1"}],"replies":[{"embeddable":true,"href":"https:\/\/telepolice.be\/index.php\/wp-json\/wp\/v2\/comments?post=2662"}],"version-history":[{"count":2,"href":"https:\/\/telepolice.be\/index.php\/wp-json\/wp\/v2\/posts\/2662\/revisions"}],"predecessor-version":[{"id":2664,"href":"https:\/\/telepolice.be\/index.php\/wp-json\/wp\/v2\/posts\/2662\/revisions\/2664"}],"wp:attachment":[{"href":"https:\/\/telepolice.be\/index.php\/wp-json\/wp\/v2\/media?parent=2662"}],"wp:term":[{"taxonomy":"category","embeddable":true,"href":"https:\/\/telepolice.be\/index.php\/wp-json\/wp\/v2\/categories?post=2662"},{"taxonomy":"post_tag","embeddable":true,"href":"https:\/\/telepolice.be\/index.php\/wp-json\/wp\/v2\/tags?post=2662"}],"curies":[{"name":"wp","href":"https:\/\/api.w.org\/{rel}","templated":true}]}}