{"id":1828,"date":"2013-04-01T11:19:23","date_gmt":"2013-04-01T11:19:23","guid":{"rendered":"https:\/\/telepolice.be\/index.php\/2019\/04\/01\/le-telepolice-seduit-en-region-bruxelloise-huit-jours-apres-le-drame-de-tubize\/"},"modified":"2019-05-09T16:26:27","modified_gmt":"2019-05-09T14:26:27","slug":"le-telepolice-seduit-en-region-brussel-acht-dagen-apres-le-drama-de-tubize","status":"publish","type":"post","link":"https:\/\/telepolice.be\/index.php\/nl\/2013\/04\/01\/le-telepolice-seduit-en-region-brussel-acht-dagen-apres-le-drama-de-tubize\/","title":{"rendered":"TelePolice Vision in Midi Zone"},"content":{"rendered":"<p><strong>VEILIGHEID<\/strong><\/p>\n<h4>Telepolice verleidt in het Brussels Gewest acht dagen na de tragedie van Tubize<\/h4>\n<p><strong>BRUSSEL<\/strong> Acht dagen na het drama van Tubize, de politiezone Brussel-Zuid neemt T\u00e9l\u00e9Police remote vision systeem voor de handelaars en de technologie, volgens het bedrijf, zal in de komende dagen worden ge\u00efnstalleerd, \u00ab\u00a0misschien volgende week \u00ab\u00a0, in afwachting van het einde van het jaarvieringen, een periode die als vruchtbaar wordt beschouwd in een gewapende overval.<\/p>\n<p>De beslissing om het systeem in te voeren is het hoogtepunt, vond plaats gisteren &lsquo;s middags, een traditionele biedproces ge\u00efnitieerd door de politie college.<\/p>\n<p>De Midi politie zone die de gemeenten &#8211; en wiens oordeel belang zijn opgericht handelaren &#8211; Anderlecht, Vorst en Sint-Gillis is de derde in de Brusselse regio om te kiezen voor dit systeem na de Brusselse Noordwijk (Schaarbeek, Sint -Josse en Evere) en de politie van Marlow over Oudergem, Watermaal-Bosvoorde en Ukkel.<\/p>\n<p>De goedkeuring van Vision T\u00e9l\u00e9Police Ukkel onmiddellijk na de tragedie van Ukkel begin maart 2010 Vanderkindere straat. En na de sieraden Rubin, die de eerste aan te nemen was, bijna alle Ukkel juweliers nu zijn aangesloten.<\/p>\n<p>Het systeem verspreidt zich ook in Walloni\u00eb (Charleroi, Bergen, Nijvel, Ciney, enz.).<\/p>\n<p>In totaal zijn meer dan duizend handelaren in Belgi\u00eb profiteren van T\u00e9l\u00e9Police Vision en het resultaat is dat op deze duizend, afschrikking legt uit dat slechts vier werden ge\u00ebgaliseerd. En de effectiviteit ervan is bewezen sinds de auteurs werden gearresteerd in drie van de vier gevallen.<\/p>\n<p>Twee politiezones in de Brusselse regio, verklaren zich niet ge\u00efnteresseerd in het systeem: Brussel West (Molenbeek, Sint-Agatha-Berchem Ganshoren, Jette en Koekelberg) en Brussel-Elsene, waarvan de verouderde t\u00e9l\u00e9police 1990 is ronduit unplugged, zoals onthulde deze zomer de moord op een juwelier uit de rue du Midi.<\/p>\n<p>De kosten voor de handelaar is \u20ac 54,90 per maand (120% aftrekbaar als beroepskosten onder de regering maatregelen voor de veiligheid).<\/p>\n<p>De goedkeuring gisteren van T\u00e9l\u00e9Police Vision werd \u00ab\u00a0door tientallen handelaren\u00a0\u00bb in Anderlecht, Vorst en Sint-Gillis verwacht.<\/p>\n<p><strong>Gilbert Dupont<\/strong><\/p>\n","protected":false},"excerpt":{"rendered":"<p>VEILIGHEID Telepolice verleidt in het Brussels Gewest acht dagen na de tragedie van Tubize BRUSSEL Acht dagen na het drama van Tubize, de politiezone Brussel-Zuid neemt T\u00e9l\u00e9Police remote vision systeem voor de handelaars en de technologie, volgens het bedrijf, zal in de komende dagen worden ge\u00efnstalleerd, \u00ab\u00a0misschien volgende week \u00ab\u00a0, in afwachting van het einde&hellip; <br \/> <a class=\"read-more\" href=\"https:\/\/telepolice.be\/index.php\/nl\/2013\/04\/01\/le-telepolice-seduit-en-region-brussel-acht-dagen-apres-le-drama-de-tubize\/\">Lire la suite<\/a><\/p>\n","protected":false},"author":1,"featured_media":0,"comment_status":"open","ping_status":"closed","sticky":false,"template":"","format":"standard","meta":{"footnotes":""},"categories":[44],"tags":[],"class_list":["post-1828","post","type-post","status-publish","format-standard","hentry","category-persoverzicht"],"yoast_head":"<!-- This site is optimized with the Yoast SEO plugin v27.5 - https:\/\/yoast.com\/product\/yoast-seo-wordpress\/ -->\n<title>TelePolice Vision in Midi Zone - TELEPOLICE<\/title>\n<meta name=\"robots\" content=\"index, follow, max-snippet:-1, max-image-preview:large, max-video-preview:-1\" \/>\n<link rel=\"canonical\" href=\"https:\/\/telepolice.be\/index.php\/nl\/2013\/04\/01\/le-telepolice-seduit-en-region-brussel-acht-dagen-apres-le-drama-de-tubize\/\" \/>\n<meta property=\"og:locale\" content=\"fr_FR\" \/>\n<meta property=\"og:type\" content=\"article\" \/>\n<meta property=\"og:title\" content=\"TelePolice Vision in Midi Zone - TELEPOLICE\" \/>\n<meta property=\"og:description\" content=\"VEILIGHEID Telepolice verleidt in het Brussels Gewest acht dagen na de tragedie van Tubize BRUSSEL Acht dagen na het drama van Tubize, de politiezone Brussel-Zuid neemt T\u00e9l\u00e9Police remote vision systeem voor de handelaars en de technologie, volgens het bedrijf, zal in de komende dagen worden ge\u00efnstalleerd, \u00ab\u00a0misschien volgende week \u00ab\u00a0, in afwachting van het einde&hellip; Lire la suite\" \/>\n<meta property=\"og:url\" content=\"https:\/\/telepolice.be\/index.php\/nl\/2013\/04\/01\/le-telepolice-seduit-en-region-brussel-acht-dagen-apres-le-drama-de-tubize\/\" \/>\n<meta property=\"og:site_name\" content=\"TELEPOLICE\" \/>\n<meta property=\"article:published_time\" content=\"2013-04-01T11:19:23+00:00\" \/>\n<meta property=\"article:modified_time\" content=\"2019-05-09T14:26:27+00:00\" \/>\n<meta name=\"author\" content=\"admin\" \/>\n<meta name=\"twitter:card\" content=\"summary_large_image\" \/>\n<meta name=\"twitter:label1\" content=\"\u00c9crit par\" \/>\n\t<meta name=\"twitter:data1\" content=\"admin\" \/>\n\t<meta name=\"twitter:label2\" content=\"Dur\u00e9e de lecture estim\u00e9e\" \/>\n\t<meta name=\"twitter:data2\" content=\"2 minutes\" \/>\n<script type=\"application\/ld+json\" class=\"yoast-schema-graph\">{\"@context\":\"https:\\\/\\\/schema.org\",\"@graph\":[{\"@type\":\"Article\",\"@id\":\"https:\\\/\\\/telepolice.be\\\/index.php\\\/nl\\\/2013\\\/04\\\/01\\\/le-telepolice-seduit-en-region-brussel-acht-dagen-apres-le-drama-de-tubize\\\/#article\",\"isPartOf\":{\"@id\":\"https:\\\/\\\/telepolice.be\\\/index.php\\\/nl\\\/2013\\\/04\\\/01\\\/le-telepolice-seduit-en-region-brussel-acht-dagen-apres-le-drama-de-tubize\\\/\"},\"author\":{\"name\":\"admin\",\"@id\":\"https:\\\/\\\/telepolice.be\\\/#\\\/schema\\\/person\\\/ca479b77454640f8f918dd017bd028bf\"},\"headline\":\"TelePolice Vision in Midi Zone\",\"datePublished\":\"2013-04-01T11:19:23+00:00\",\"dateModified\":\"2019-05-09T14:26:27+00:00\",\"mainEntityOfPage\":{\"@id\":\"https:\\\/\\\/telepolice.be\\\/index.php\\\/nl\\\/2013\\\/04\\\/01\\\/le-telepolice-seduit-en-region-brussel-acht-dagen-apres-le-drama-de-tubize\\\/\"},\"wordCount\":336,\"commentCount\":0,\"publisher\":{\"@id\":\"https:\\\/\\\/telepolice.be\\\/#organization\"},\"articleSection\":[\"Persoverzicht\"],\"inLanguage\":\"fr-FR\",\"potentialAction\":[{\"@type\":\"CommentAction\",\"name\":\"Comment\",\"target\":[\"https:\\\/\\\/telepolice.be\\\/index.php\\\/nl\\\/2013\\\/04\\\/01\\\/le-telepolice-seduit-en-region-brussel-acht-dagen-apres-le-drama-de-tubize\\\/#respond\"]}]},{\"@type\":\"WebPage\",\"@id\":\"https:\\\/\\\/telepolice.be\\\/index.php\\\/nl\\\/2013\\\/04\\\/01\\\/le-telepolice-seduit-en-region-brussel-acht-dagen-apres-le-drama-de-tubize\\\/\",\"url\":\"https:\\\/\\\/telepolice.be\\\/index.php\\\/nl\\\/2013\\\/04\\\/01\\\/le-telepolice-seduit-en-region-brussel-acht-dagen-apres-le-drama-de-tubize\\\/\",\"name\":\"TelePolice Vision in Midi Zone - TELEPOLICE\",\"isPartOf\":{\"@id\":\"https:\\\/\\\/telepolice.be\\\/#website\"},\"datePublished\":\"2013-04-01T11:19:23+00:00\",\"dateModified\":\"2019-05-09T14:26:27+00:00\",\"breadcrumb\":{\"@id\":\"https:\\\/\\\/telepolice.be\\\/index.php\\\/nl\\\/2013\\\/04\\\/01\\\/le-telepolice-seduit-en-region-brussel-acht-dagen-apres-le-drama-de-tubize\\\/#breadcrumb\"},\"inLanguage\":\"fr-FR\",\"potentialAction\":[{\"@type\":\"ReadAction\",\"target\":[\"https:\\\/\\\/telepolice.be\\\/index.php\\\/nl\\\/2013\\\/04\\\/01\\\/le-telepolice-seduit-en-region-brussel-acht-dagen-apres-le-drama-de-tubize\\\/\"]}]},{\"@type\":\"BreadcrumbList\",\"@id\":\"https:\\\/\\\/telepolice.be\\\/index.php\\\/nl\\\/2013\\\/04\\\/01\\\/le-telepolice-seduit-en-region-brussel-acht-dagen-apres-le-drama-de-tubize\\\/#breadcrumb\",\"itemListElement\":[{\"@type\":\"ListItem\",\"position\":1,\"name\":\"Accueil\",\"item\":\"https:\\\/\\\/telepolice.be\\\/\"},{\"@type\":\"ListItem\",\"position\":2,\"name\":\"TelePolice Vision in Midi Zone\"}]},{\"@type\":\"WebSite\",\"@id\":\"https:\\\/\\\/telepolice.be\\\/#website\",\"url\":\"https:\\\/\\\/telepolice.be\\\/\",\"name\":\"TELEPOLICE\",\"description\":\"Prot\u00e9gez votre entreprise\",\"publisher\":{\"@id\":\"https:\\\/\\\/telepolice.be\\\/#organization\"},\"potentialAction\":[{\"@type\":\"SearchAction\",\"target\":{\"@type\":\"EntryPoint\",\"urlTemplate\":\"https:\\\/\\\/telepolice.be\\\/?s={search_term_string}\"},\"query-input\":{\"@type\":\"PropertyValueSpecification\",\"valueRequired\":true,\"valueName\":\"search_term_string\"}}],\"inLanguage\":\"fr-FR\"},{\"@type\":\"Organization\",\"@id\":\"https:\\\/\\\/telepolice.be\\\/#organization\",\"name\":\"TELE POLICE\",\"url\":\"https:\\\/\\\/telepolice.be\\\/\",\"logo\":{\"@type\":\"ImageObject\",\"inLanguage\":\"fr-FR\",\"@id\":\"https:\\\/\\\/telepolice.be\\\/#\\\/schema\\\/logo\\\/image\\\/\",\"url\":\"https:\\\/\\\/telepolice.be\\\/wp-content\\\/uploads\\\/2019\\\/04\\\/cropped-logotelepolice-3.png\",\"contentUrl\":\"https:\\\/\\\/telepolice.be\\\/wp-content\\\/uploads\\\/2019\\\/04\\\/cropped-logotelepolice-3.png\",\"width\":408,\"height\":65,\"caption\":\"TELE POLICE\"},\"image\":{\"@id\":\"https:\\\/\\\/telepolice.be\\\/#\\\/schema\\\/logo\\\/image\\\/\"}},{\"@type\":\"Person\",\"@id\":\"https:\\\/\\\/telepolice.be\\\/#\\\/schema\\\/person\\\/ca479b77454640f8f918dd017bd028bf\",\"name\":\"admin\",\"image\":{\"@type\":\"ImageObject\",\"inLanguage\":\"fr-FR\",\"@id\":\"https:\\\/\\\/secure.gravatar.com\\\/avatar\\\/dd9167fd60efcd6c24559ffa4f391e918347b9cf398a5593e29d658b4ae5d443?s=96&d=mm&r=g\",\"url\":\"https:\\\/\\\/secure.gravatar.com\\\/avatar\\\/dd9167fd60efcd6c24559ffa4f391e918347b9cf398a5593e29d658b4ae5d443?s=96&d=mm&r=g\",\"contentUrl\":\"https:\\\/\\\/secure.gravatar.com\\\/avatar\\\/dd9167fd60efcd6c24559ffa4f391e918347b9cf398a5593e29d658b4ae5d443?s=96&d=mm&r=g\",\"caption\":\"admin\"},\"url\":\"https:\\\/\\\/telepolice.be\\\/index.php\\\/author\\\/web_telepolice\\\/\"}]}<\/script>\n<!-- \/ Yoast SEO plugin. -->","yoast_head_json":{"title":"TelePolice Vision in Midi Zone - TELEPOLICE","robots":{"index":"index","follow":"follow","max-snippet":"max-snippet:-1","max-image-preview":"max-image-preview:large","max-video-preview":"max-video-preview:-1"},"canonical":"https:\/\/telepolice.be\/index.php\/nl\/2013\/04\/01\/le-telepolice-seduit-en-region-brussel-acht-dagen-apres-le-drama-de-tubize\/","og_locale":"fr_FR","og_type":"article","og_title":"TelePolice Vision in Midi Zone - TELEPOLICE","og_description":"VEILIGHEID Telepolice verleidt in het Brussels Gewest acht dagen na de tragedie van Tubize BRUSSEL Acht dagen na het drama van Tubize, de politiezone Brussel-Zuid neemt T\u00e9l\u00e9Police remote vision systeem voor de handelaars en de technologie, volgens het bedrijf, zal in de komende dagen worden ge\u00efnstalleerd, \u00ab\u00a0misschien volgende week \u00ab\u00a0, in afwachting van het einde&hellip; Lire la suite","og_url":"https:\/\/telepolice.be\/index.php\/nl\/2013\/04\/01\/le-telepolice-seduit-en-region-brussel-acht-dagen-apres-le-drama-de-tubize\/","og_site_name":"TELEPOLICE","article_published_time":"2013-04-01T11:19:23+00:00","article_modified_time":"2019-05-09T14:26:27+00:00","author":"admin","twitter_card":"summary_large_image","twitter_misc":{"\u00c9crit par":"admin","Dur\u00e9e de lecture estim\u00e9e":"2 minutes"},"schema":{"@context":"https:\/\/schema.org","@graph":[{"@type":"Article","@id":"https:\/\/telepolice.be\/index.php\/nl\/2013\/04\/01\/le-telepolice-seduit-en-region-brussel-acht-dagen-apres-le-drama-de-tubize\/#article","isPartOf":{"@id":"https:\/\/telepolice.be\/index.php\/nl\/2013\/04\/01\/le-telepolice-seduit-en-region-brussel-acht-dagen-apres-le-drama-de-tubize\/"},"author":{"name":"admin","@id":"https:\/\/telepolice.be\/#\/schema\/person\/ca479b77454640f8f918dd017bd028bf"},"headline":"TelePolice Vision in Midi Zone","datePublished":"2013-04-01T11:19:23+00:00","dateModified":"2019-05-09T14:26:27+00:00","mainEntityOfPage":{"@id":"https:\/\/telepolice.be\/index.php\/nl\/2013\/04\/01\/le-telepolice-seduit-en-region-brussel-acht-dagen-apres-le-drama-de-tubize\/"},"wordCount":336,"commentCount":0,"publisher":{"@id":"https:\/\/telepolice.be\/#organization"},"articleSection":["Persoverzicht"],"inLanguage":"fr-FR","potentialAction":[{"@type":"CommentAction","name":"Comment","target":["https:\/\/telepolice.be\/index.php\/nl\/2013\/04\/01\/le-telepolice-seduit-en-region-brussel-acht-dagen-apres-le-drama-de-tubize\/#respond"]}]},{"@type":"WebPage","@id":"https:\/\/telepolice.be\/index.php\/nl\/2013\/04\/01\/le-telepolice-seduit-en-region-brussel-acht-dagen-apres-le-drama-de-tubize\/","url":"https:\/\/telepolice.be\/index.php\/nl\/2013\/04\/01\/le-telepolice-seduit-en-region-brussel-acht-dagen-apres-le-drama-de-tubize\/","name":"TelePolice Vision in Midi Zone - TELEPOLICE","isPartOf":{"@id":"https:\/\/telepolice.be\/#website"},"datePublished":"2013-04-01T11:19:23+00:00","dateModified":"2019-05-09T14:26:27+00:00","breadcrumb":{"@id":"https:\/\/telepolice.be\/index.php\/nl\/2013\/04\/01\/le-telepolice-seduit-en-region-brussel-acht-dagen-apres-le-drama-de-tubize\/#breadcrumb"},"inLanguage":"fr-FR","potentialAction":[{"@type":"ReadAction","target":["https:\/\/telepolice.be\/index.php\/nl\/2013\/04\/01\/le-telepolice-seduit-en-region-brussel-acht-dagen-apres-le-drama-de-tubize\/"]}]},{"@type":"BreadcrumbList","@id":"https:\/\/telepolice.be\/index.php\/nl\/2013\/04\/01\/le-telepolice-seduit-en-region-brussel-acht-dagen-apres-le-drama-de-tubize\/#breadcrumb","itemListElement":[{"@type":"ListItem","position":1,"name":"Accueil","item":"https:\/\/telepolice.be\/"},{"@type":"ListItem","position":2,"name":"TelePolice Vision in Midi Zone"}]},{"@type":"WebSite","@id":"https:\/\/telepolice.be\/#website","url":"https:\/\/telepolice.be\/","name":"TELEPOLICE","description":"Prot\u00e9gez votre entreprise","publisher":{"@id":"https:\/\/telepolice.be\/#organization"},"potentialAction":[{"@type":"SearchAction","target":{"@type":"EntryPoint","urlTemplate":"https:\/\/telepolice.be\/?s={search_term_string}"},"query-input":{"@type":"PropertyValueSpecification","valueRequired":true,"valueName":"search_term_string"}}],"inLanguage":"fr-FR"},{"@type":"Organization","@id":"https:\/\/telepolice.be\/#organization","name":"TELE POLICE","url":"https:\/\/telepolice.be\/","logo":{"@type":"ImageObject","inLanguage":"fr-FR","@id":"https:\/\/telepolice.be\/#\/schema\/logo\/image\/","url":"https:\/\/telepolice.be\/wp-content\/uploads\/2019\/04\/cropped-logotelepolice-3.png","contentUrl":"https:\/\/telepolice.be\/wp-content\/uploads\/2019\/04\/cropped-logotelepolice-3.png","width":408,"height":65,"caption":"TELE POLICE"},"image":{"@id":"https:\/\/telepolice.be\/#\/schema\/logo\/image\/"}},{"@type":"Person","@id":"https:\/\/telepolice.be\/#\/schema\/person\/ca479b77454640f8f918dd017bd028bf","name":"admin","image":{"@type":"ImageObject","inLanguage":"fr-FR","@id":"https:\/\/secure.gravatar.com\/avatar\/dd9167fd60efcd6c24559ffa4f391e918347b9cf398a5593e29d658b4ae5d443?s=96&d=mm&r=g","url":"https:\/\/secure.gravatar.com\/avatar\/dd9167fd60efcd6c24559ffa4f391e918347b9cf398a5593e29d658b4ae5d443?s=96&d=mm&r=g","contentUrl":"https:\/\/secure.gravatar.com\/avatar\/dd9167fd60efcd6c24559ffa4f391e918347b9cf398a5593e29d658b4ae5d443?s=96&d=mm&r=g","caption":"admin"},"url":"https:\/\/telepolice.be\/index.php\/author\/web_telepolice\/"}]}},"_links":{"self":[{"href":"https:\/\/telepolice.be\/index.php\/wp-json\/wp\/v2\/posts\/1828","targetHints":{"allow":["GET"]}}],"collection":[{"href":"https:\/\/telepolice.be\/index.php\/wp-json\/wp\/v2\/posts"}],"about":[{"href":"https:\/\/telepolice.be\/index.php\/wp-json\/wp\/v2\/types\/post"}],"author":[{"embeddable":true,"href":"https:\/\/telepolice.be\/index.php\/wp-json\/wp\/v2\/users\/1"}],"replies":[{"embeddable":true,"href":"https:\/\/telepolice.be\/index.php\/wp-json\/wp\/v2\/comments?post=1828"}],"version-history":[{"count":4,"href":"https:\/\/telepolice.be\/index.php\/wp-json\/wp\/v2\/posts\/1828\/revisions"}],"predecessor-version":[{"id":2720,"href":"https:\/\/telepolice.be\/index.php\/wp-json\/wp\/v2\/posts\/1828\/revisions\/2720"}],"wp:attachment":[{"href":"https:\/\/telepolice.be\/index.php\/wp-json\/wp\/v2\/media?parent=1828"}],"wp:term":[{"taxonomy":"category","embeddable":true,"href":"https:\/\/telepolice.be\/index.php\/wp-json\/wp\/v2\/categories?post=1828"},{"taxonomy":"post_tag","embeddable":true,"href":"https:\/\/telepolice.be\/index.php\/wp-json\/wp\/v2\/tags?post=1828"}],"curies":[{"name":"wp","href":"https:\/\/api.w.org\/{rel}","templated":true}]}}