{"id":1813,"date":"2019-02-01T11:01:02","date_gmt":"2019-02-01T11:01:02","guid":{"rendered":"https:\/\/telepolice.be\/index.php\/2019\/04\/01\/criminalite-a-bruxelles-le-fruit-de-linaction-politique-et-du-laxisme-ambiant\/"},"modified":"2019-05-10T10:28:54","modified_gmt":"2019-05-10T08:28:54","slug":"criminalite-a-brussel","status":"publish","type":"post","link":"https:\/\/telepolice.be\/index.php\/nl\/2019\/02\/01\/criminalite-a-brussel\/","title":{"rendered":"Criminaliteit in Brussel : de vrucht van politieke INACTIE en milieu laksheid"},"content":{"rendered":"<p>De reformistische partij is ook van plan de bands \u00ab\u00a0die de wijken in het centrum en in Europa verrotten\u00a0\u00bb te ontmantelen.<br \/>\nDe MR van Brussel-Stad veroordeelde donderdag \u00ab\u00a0de politieke laksheid en laksheid die jarenlang heerste in veiligheid\u00a0\u00bb na de publicatie van ongunstige cijfers over misdaad in de hoofdstad.<\/p>\n<p>\u00ab\u00a0Met 37 delicten per 100 inwoners, de stad Brussel is de gemeente met de hoogste criminaliteit in het Koninkrijk,\u00a0\u00bb Alain Courtois tip, top van de lijst MR Brussels City in de komende lokale verkiezingen.<\/p>\n<p>\u00ab\u00a0Veiligheid is de eerste van alle vrijheden, we moeten ervoor zorgen dat alle Brusselaars rond willen lopen, rond willen gaan, iets willen drinken, of gewoon naar huis willen, naar alle delen van Brussel &#8230;\u00a0\u00bb De heer die 5 voorstellen doet.<\/p>\n<p>Het is de bedoeling de politiebureaus een preventieve en repressieve rol te geven, met de opening van alle politiebureaus 24\/7 \u00ab\u00a0in alle districten van Brussel\u00a0\u00bb, straatprostitutie te verbieden en te zorgen voor bescherming van handelaren door het opzetten van het T\u00e9l\u00e9police-Vision-systeem dat handelaren in contact brengt met de dichtstbijzijnde politie-expediteur.<\/p>\n<p>De reformistische partij is ook van plan om troepen te ontmantelen \u00ab\u00a0rotten buurten van het centrum en de Europese Neder-Over-Heembeek, Haren en Laken door een stalker zonder dank u tegen drugsdealers, dieven en alle daden van geweld\u00a0\u00bb en cre\u00eber een Police Cadet School.<\/p>\n","protected":false},"excerpt":{"rendered":"<p>De reformistische partij is ook van plan de bands \u00ab\u00a0die de wijken in het centrum en in Europa verrotten\u00a0\u00bb te ontmantelen. De MR van Brussel-Stad veroordeelde donderdag \u00ab\u00a0de politieke laksheid en laksheid die jarenlang heerste in veiligheid\u00a0\u00bb na de publicatie van ongunstige cijfers over misdaad in de hoofdstad. \u00ab\u00a0Met 37 delicten per 100 inwoners, de&hellip; <br \/> <a class=\"read-more\" href=\"https:\/\/telepolice.be\/index.php\/nl\/2019\/02\/01\/criminalite-a-brussel\/\">Lire la suite<\/a><\/p>\n","protected":false},"author":1,"featured_media":0,"comment_status":"open","ping_status":"closed","sticky":false,"template":"","format":"standard","meta":{"footnotes":""},"categories":[44],"tags":[],"class_list":["post-1813","post","type-post","status-publish","format-standard","hentry","category-persoverzicht"],"yoast_head":"<!-- This site is optimized with the Yoast SEO plugin v27.5 - https:\/\/yoast.com\/product\/yoast-seo-wordpress\/ -->\n<title>Criminaliteit in Brussel : de vrucht van politieke INACTIE en milieu laksheid - TELEPOLICE<\/title>\n<meta name=\"robots\" content=\"index, follow, max-snippet:-1, max-image-preview:large, max-video-preview:-1\" \/>\n<link rel=\"canonical\" href=\"https:\/\/telepolice.be\/index.php\/nl\/2019\/02\/01\/criminalite-a-brussel\/\" \/>\n<meta property=\"og:locale\" content=\"fr_FR\" \/>\n<meta property=\"og:type\" content=\"article\" \/>\n<meta property=\"og:title\" content=\"Criminaliteit in Brussel : de vrucht van politieke INACTIE en milieu laksheid - TELEPOLICE\" \/>\n<meta property=\"og:description\" content=\"De reformistische partij is ook van plan de bands \u00ab\u00a0die de wijken in het centrum en in Europa verrotten\u00a0\u00bb te ontmantelen. De MR van Brussel-Stad veroordeelde donderdag \u00ab\u00a0de politieke laksheid en laksheid die jarenlang heerste in veiligheid\u00a0\u00bb na de publicatie van ongunstige cijfers over misdaad in de hoofdstad. \u00ab\u00a0Met 37 delicten per 100 inwoners, de&hellip; Lire la suite\" \/>\n<meta property=\"og:url\" content=\"https:\/\/telepolice.be\/index.php\/nl\/2019\/02\/01\/criminalite-a-brussel\/\" \/>\n<meta property=\"og:site_name\" content=\"TELEPOLICE\" \/>\n<meta property=\"article:published_time\" content=\"2019-02-01T11:01:02+00:00\" \/>\n<meta property=\"article:modified_time\" content=\"2019-05-10T08:28:54+00:00\" \/>\n<meta name=\"author\" content=\"admin\" \/>\n<meta name=\"twitter:card\" content=\"summary_large_image\" \/>\n<meta name=\"twitter:label1\" content=\"\u00c9crit par\" \/>\n\t<meta name=\"twitter:data1\" content=\"admin\" \/>\n\t<meta name=\"twitter:label2\" content=\"Dur\u00e9e de lecture estim\u00e9e\" \/>\n\t<meta name=\"twitter:data2\" content=\"1 minute\" \/>\n<script type=\"application\/ld+json\" class=\"yoast-schema-graph\">{\"@context\":\"https:\\\/\\\/schema.org\",\"@graph\":[{\"@type\":\"Article\",\"@id\":\"https:\\\/\\\/telepolice.be\\\/index.php\\\/nl\\\/2019\\\/02\\\/01\\\/criminalite-a-brussel\\\/#article\",\"isPartOf\":{\"@id\":\"https:\\\/\\\/telepolice.be\\\/index.php\\\/nl\\\/2019\\\/02\\\/01\\\/criminalite-a-brussel\\\/\"},\"author\":{\"name\":\"admin\",\"@id\":\"https:\\\/\\\/telepolice.be\\\/#\\\/schema\\\/person\\\/ca479b77454640f8f918dd017bd028bf\"},\"headline\":\"Criminaliteit in Brussel : de vrucht van politieke INACTIE en milieu laksheid\",\"datePublished\":\"2019-02-01T11:01:02+00:00\",\"dateModified\":\"2019-05-10T08:28:54+00:00\",\"mainEntityOfPage\":{\"@id\":\"https:\\\/\\\/telepolice.be\\\/index.php\\\/nl\\\/2019\\\/02\\\/01\\\/criminalite-a-brussel\\\/\"},\"wordCount\":224,\"commentCount\":0,\"publisher\":{\"@id\":\"https:\\\/\\\/telepolice.be\\\/#organization\"},\"articleSection\":[\"Persoverzicht\"],\"inLanguage\":\"fr-FR\",\"potentialAction\":[{\"@type\":\"CommentAction\",\"name\":\"Comment\",\"target\":[\"https:\\\/\\\/telepolice.be\\\/index.php\\\/nl\\\/2019\\\/02\\\/01\\\/criminalite-a-brussel\\\/#respond\"]}]},{\"@type\":\"WebPage\",\"@id\":\"https:\\\/\\\/telepolice.be\\\/index.php\\\/nl\\\/2019\\\/02\\\/01\\\/criminalite-a-brussel\\\/\",\"url\":\"https:\\\/\\\/telepolice.be\\\/index.php\\\/nl\\\/2019\\\/02\\\/01\\\/criminalite-a-brussel\\\/\",\"name\":\"Criminaliteit in Brussel : de vrucht van politieke INACTIE en milieu laksheid - TELEPOLICE\",\"isPartOf\":{\"@id\":\"https:\\\/\\\/telepolice.be\\\/#website\"},\"datePublished\":\"2019-02-01T11:01:02+00:00\",\"dateModified\":\"2019-05-10T08:28:54+00:00\",\"breadcrumb\":{\"@id\":\"https:\\\/\\\/telepolice.be\\\/index.php\\\/nl\\\/2019\\\/02\\\/01\\\/criminalite-a-brussel\\\/#breadcrumb\"},\"inLanguage\":\"fr-FR\",\"potentialAction\":[{\"@type\":\"ReadAction\",\"target\":[\"https:\\\/\\\/telepolice.be\\\/index.php\\\/nl\\\/2019\\\/02\\\/01\\\/criminalite-a-brussel\\\/\"]}]},{\"@type\":\"BreadcrumbList\",\"@id\":\"https:\\\/\\\/telepolice.be\\\/index.php\\\/nl\\\/2019\\\/02\\\/01\\\/criminalite-a-brussel\\\/#breadcrumb\",\"itemListElement\":[{\"@type\":\"ListItem\",\"position\":1,\"name\":\"Accueil\",\"item\":\"https:\\\/\\\/telepolice.be\\\/\"},{\"@type\":\"ListItem\",\"position\":2,\"name\":\"Criminaliteit in Brussel : de vrucht van politieke INACTIE en milieu laksheid\"}]},{\"@type\":\"WebSite\",\"@id\":\"https:\\\/\\\/telepolice.be\\\/#website\",\"url\":\"https:\\\/\\\/telepolice.be\\\/\",\"name\":\"TELEPOLICE\",\"description\":\"Prot\u00e9gez votre entreprise\",\"publisher\":{\"@id\":\"https:\\\/\\\/telepolice.be\\\/#organization\"},\"potentialAction\":[{\"@type\":\"SearchAction\",\"target\":{\"@type\":\"EntryPoint\",\"urlTemplate\":\"https:\\\/\\\/telepolice.be\\\/?s={search_term_string}\"},\"query-input\":{\"@type\":\"PropertyValueSpecification\",\"valueRequired\":true,\"valueName\":\"search_term_string\"}}],\"inLanguage\":\"fr-FR\"},{\"@type\":\"Organization\",\"@id\":\"https:\\\/\\\/telepolice.be\\\/#organization\",\"name\":\"TELE POLICE\",\"url\":\"https:\\\/\\\/telepolice.be\\\/\",\"logo\":{\"@type\":\"ImageObject\",\"inLanguage\":\"fr-FR\",\"@id\":\"https:\\\/\\\/telepolice.be\\\/#\\\/schema\\\/logo\\\/image\\\/\",\"url\":\"https:\\\/\\\/telepolice.be\\\/wp-content\\\/uploads\\\/2019\\\/04\\\/cropped-logotelepolice-3.png\",\"contentUrl\":\"https:\\\/\\\/telepolice.be\\\/wp-content\\\/uploads\\\/2019\\\/04\\\/cropped-logotelepolice-3.png\",\"width\":408,\"height\":65,\"caption\":\"TELE POLICE\"},\"image\":{\"@id\":\"https:\\\/\\\/telepolice.be\\\/#\\\/schema\\\/logo\\\/image\\\/\"}},{\"@type\":\"Person\",\"@id\":\"https:\\\/\\\/telepolice.be\\\/#\\\/schema\\\/person\\\/ca479b77454640f8f918dd017bd028bf\",\"name\":\"admin\",\"image\":{\"@type\":\"ImageObject\",\"inLanguage\":\"fr-FR\",\"@id\":\"https:\\\/\\\/secure.gravatar.com\\\/avatar\\\/dd9167fd60efcd6c24559ffa4f391e918347b9cf398a5593e29d658b4ae5d443?s=96&d=mm&r=g\",\"url\":\"https:\\\/\\\/secure.gravatar.com\\\/avatar\\\/dd9167fd60efcd6c24559ffa4f391e918347b9cf398a5593e29d658b4ae5d443?s=96&d=mm&r=g\",\"contentUrl\":\"https:\\\/\\\/secure.gravatar.com\\\/avatar\\\/dd9167fd60efcd6c24559ffa4f391e918347b9cf398a5593e29d658b4ae5d443?s=96&d=mm&r=g\",\"caption\":\"admin\"},\"url\":\"https:\\\/\\\/telepolice.be\\\/index.php\\\/author\\\/web_telepolice\\\/\"}]}<\/script>\n<!-- \/ Yoast SEO plugin. -->","yoast_head_json":{"title":"Criminaliteit in Brussel : de vrucht van politieke INACTIE en milieu laksheid - TELEPOLICE","robots":{"index":"index","follow":"follow","max-snippet":"max-snippet:-1","max-image-preview":"max-image-preview:large","max-video-preview":"max-video-preview:-1"},"canonical":"https:\/\/telepolice.be\/index.php\/nl\/2019\/02\/01\/criminalite-a-brussel\/","og_locale":"fr_FR","og_type":"article","og_title":"Criminaliteit in Brussel : de vrucht van politieke INACTIE en milieu laksheid - TELEPOLICE","og_description":"De reformistische partij is ook van plan de bands \u00ab\u00a0die de wijken in het centrum en in Europa verrotten\u00a0\u00bb te ontmantelen. De MR van Brussel-Stad veroordeelde donderdag \u00ab\u00a0de politieke laksheid en laksheid die jarenlang heerste in veiligheid\u00a0\u00bb na de publicatie van ongunstige cijfers over misdaad in de hoofdstad. \u00ab\u00a0Met 37 delicten per 100 inwoners, de&hellip; Lire la suite","og_url":"https:\/\/telepolice.be\/index.php\/nl\/2019\/02\/01\/criminalite-a-brussel\/","og_site_name":"TELEPOLICE","article_published_time":"2019-02-01T11:01:02+00:00","article_modified_time":"2019-05-10T08:28:54+00:00","author":"admin","twitter_card":"summary_large_image","twitter_misc":{"\u00c9crit par":"admin","Dur\u00e9e de lecture estim\u00e9e":"1 minute"},"schema":{"@context":"https:\/\/schema.org","@graph":[{"@type":"Article","@id":"https:\/\/telepolice.be\/index.php\/nl\/2019\/02\/01\/criminalite-a-brussel\/#article","isPartOf":{"@id":"https:\/\/telepolice.be\/index.php\/nl\/2019\/02\/01\/criminalite-a-brussel\/"},"author":{"name":"admin","@id":"https:\/\/telepolice.be\/#\/schema\/person\/ca479b77454640f8f918dd017bd028bf"},"headline":"Criminaliteit in Brussel : de vrucht van politieke INACTIE en milieu laksheid","datePublished":"2019-02-01T11:01:02+00:00","dateModified":"2019-05-10T08:28:54+00:00","mainEntityOfPage":{"@id":"https:\/\/telepolice.be\/index.php\/nl\/2019\/02\/01\/criminalite-a-brussel\/"},"wordCount":224,"commentCount":0,"publisher":{"@id":"https:\/\/telepolice.be\/#organization"},"articleSection":["Persoverzicht"],"inLanguage":"fr-FR","potentialAction":[{"@type":"CommentAction","name":"Comment","target":["https:\/\/telepolice.be\/index.php\/nl\/2019\/02\/01\/criminalite-a-brussel\/#respond"]}]},{"@type":"WebPage","@id":"https:\/\/telepolice.be\/index.php\/nl\/2019\/02\/01\/criminalite-a-brussel\/","url":"https:\/\/telepolice.be\/index.php\/nl\/2019\/02\/01\/criminalite-a-brussel\/","name":"Criminaliteit in Brussel : de vrucht van politieke INACTIE en milieu laksheid - TELEPOLICE","isPartOf":{"@id":"https:\/\/telepolice.be\/#website"},"datePublished":"2019-02-01T11:01:02+00:00","dateModified":"2019-05-10T08:28:54+00:00","breadcrumb":{"@id":"https:\/\/telepolice.be\/index.php\/nl\/2019\/02\/01\/criminalite-a-brussel\/#breadcrumb"},"inLanguage":"fr-FR","potentialAction":[{"@type":"ReadAction","target":["https:\/\/telepolice.be\/index.php\/nl\/2019\/02\/01\/criminalite-a-brussel\/"]}]},{"@type":"BreadcrumbList","@id":"https:\/\/telepolice.be\/index.php\/nl\/2019\/02\/01\/criminalite-a-brussel\/#breadcrumb","itemListElement":[{"@type":"ListItem","position":1,"name":"Accueil","item":"https:\/\/telepolice.be\/"},{"@type":"ListItem","position":2,"name":"Criminaliteit in Brussel : de vrucht van politieke INACTIE en milieu laksheid"}]},{"@type":"WebSite","@id":"https:\/\/telepolice.be\/#website","url":"https:\/\/telepolice.be\/","name":"TELEPOLICE","description":"Prot\u00e9gez votre entreprise","publisher":{"@id":"https:\/\/telepolice.be\/#organization"},"potentialAction":[{"@type":"SearchAction","target":{"@type":"EntryPoint","urlTemplate":"https:\/\/telepolice.be\/?s={search_term_string}"},"query-input":{"@type":"PropertyValueSpecification","valueRequired":true,"valueName":"search_term_string"}}],"inLanguage":"fr-FR"},{"@type":"Organization","@id":"https:\/\/telepolice.be\/#organization","name":"TELE POLICE","url":"https:\/\/telepolice.be\/","logo":{"@type":"ImageObject","inLanguage":"fr-FR","@id":"https:\/\/telepolice.be\/#\/schema\/logo\/image\/","url":"https:\/\/telepolice.be\/wp-content\/uploads\/2019\/04\/cropped-logotelepolice-3.png","contentUrl":"https:\/\/telepolice.be\/wp-content\/uploads\/2019\/04\/cropped-logotelepolice-3.png","width":408,"height":65,"caption":"TELE POLICE"},"image":{"@id":"https:\/\/telepolice.be\/#\/schema\/logo\/image\/"}},{"@type":"Person","@id":"https:\/\/telepolice.be\/#\/schema\/person\/ca479b77454640f8f918dd017bd028bf","name":"admin","image":{"@type":"ImageObject","inLanguage":"fr-FR","@id":"https:\/\/secure.gravatar.com\/avatar\/dd9167fd60efcd6c24559ffa4f391e918347b9cf398a5593e29d658b4ae5d443?s=96&d=mm&r=g","url":"https:\/\/secure.gravatar.com\/avatar\/dd9167fd60efcd6c24559ffa4f391e918347b9cf398a5593e29d658b4ae5d443?s=96&d=mm&r=g","contentUrl":"https:\/\/secure.gravatar.com\/avatar\/dd9167fd60efcd6c24559ffa4f391e918347b9cf398a5593e29d658b4ae5d443?s=96&d=mm&r=g","caption":"admin"},"url":"https:\/\/telepolice.be\/index.php\/author\/web_telepolice\/"}]}},"_links":{"self":[{"href":"https:\/\/telepolice.be\/index.php\/wp-json\/wp\/v2\/posts\/1813","targetHints":{"allow":["GET"]}}],"collection":[{"href":"https:\/\/telepolice.be\/index.php\/wp-json\/wp\/v2\/posts"}],"about":[{"href":"https:\/\/telepolice.be\/index.php\/wp-json\/wp\/v2\/types\/post"}],"author":[{"embeddable":true,"href":"https:\/\/telepolice.be\/index.php\/wp-json\/wp\/v2\/users\/1"}],"replies":[{"embeddable":true,"href":"https:\/\/telepolice.be\/index.php\/wp-json\/wp\/v2\/comments?post=1813"}],"version-history":[{"count":1,"href":"https:\/\/telepolice.be\/index.php\/wp-json\/wp\/v2\/posts\/1813\/revisions"}],"predecessor-version":[{"id":2764,"href":"https:\/\/telepolice.be\/index.php\/wp-json\/wp\/v2\/posts\/1813\/revisions\/2764"}],"wp:attachment":[{"href":"https:\/\/telepolice.be\/index.php\/wp-json\/wp\/v2\/media?parent=1813"}],"wp:term":[{"taxonomy":"category","embeddable":true,"href":"https:\/\/telepolice.be\/index.php\/wp-json\/wp\/v2\/categories?post=1813"},{"taxonomy":"post_tag","embeddable":true,"href":"https:\/\/telepolice.be\/index.php\/wp-json\/wp\/v2\/tags?post=1813"}],"curies":[{"name":"wp","href":"https:\/\/api.w.org\/{rel}","templated":true}]}}