{"id":1788,"date":"2019-04-01T11:01:04","date_gmt":"2019-04-01T09:01:04","guid":{"rendered":"https:\/\/telepolice.be\/index.php\/2019\/04\/01\/securite-premiere-des-libertes-a-bruxelles-ville\/"},"modified":"2019-05-10T16:16:20","modified_gmt":"2019-05-10T14:16:20","slug":"security-premiere-des-libertes-a-brussel-stad","status":"publish","type":"post","link":"https:\/\/telepolice.be\/index.php\/nl\/2019\/04\/01\/security-premiere-des-libertes-a-brussel-stad\/","title":{"rendered":"Veiligheid, eerste van de vrijheden in Brussel stad"},"content":{"rendered":"<p><img loading=\"lazy\" decoding=\"async\" class=\"alignleft size-medium wp-image-2858\" src=\"https:\/\/telepolice.be\/wp-content\/uploads\/2019\/04\/P1010257-283x300-283x300.jpg\" alt=\"\" width=\"283\" height=\"300\" \/>In aanwezigheid van gevaarlijke bands op vele plaatsen in het stadscentrum, moet de openbare instantie reageren met <strong>een effectieve aanwezigheid van de politie<\/strong>, in voldoende aantal, permanent (patrouilles van 4 agenten, \u00eelotiers en permanent parkeren van politieauto&rsquo;s in de bijzonder gevoelige gebieden zoals het <strong>Anneessens-district<\/strong>) om de veiligheid van eigendom en mensen te waarborgen en de vorming van gebieden van wetteloosheid te voorkomen. De jacht op dealers, dieven en alle gewelddaden moeten de rottende bands in de binnenstad omver gooien.<\/p>\n<p>Samenwerking met de jeugdrechter om de straffen van jeugddelinquenten te versterken tot zinnen van algemeen belang moet worden gesystematiseerd.<\/p>\n<p><strong>De grote woongebouwen van de R\u00e9gie Fonci\u00e8re in het stadscentrum vereisen allemaal een conci\u00ebrge om gemeenschappelijke<\/strong> ruimtes schoon te maken en te bewaken. Zijn taak moet worden vergemakkelijkt door regelmatig overleg met de inwoners, de plaatsing van bewakingscamera&rsquo;s in permanente co\u00f6rdinatie met het naburige politiebureau.<\/p>\n<p><strong>Een nieuw politiebureau <\/strong>wordt geopend in de <strong>rue Van Artevelde<\/strong> met een bewakingsingang aan de rue des turnets, 24 uur per dag en 7 dagen per week geopend.<\/p>\n<p>De oprichting van een \u00ab\u00a0<strong>familie-eenheid<\/strong>\u00a0\u00bb binnen elk politiebureau moet kunnen ingrijpen vanaf de eerste meldingen van schooluitval die leidt tot delinquentie.De samenwerking met de Jeugdjustitie om de straffen van jeugdige overtreders te vergroten tot straffen van algemeen belang moet worden gesystematiseerd.<\/p>\n<p>Groene ruimten en ontspanningsruimten moeten worden bewaakt door blauwhelmen, in teams werken, worden opgeleid en onder toezicht van de politie staan, terwijl sport- en spelruimten permanent onder toezicht van sportanimators moeten staan.<br \/>\n<img loading=\"lazy\" decoding=\"async\" class=\"alignright size-medium wp-image-2860\" src=\"https:\/\/telepolice.be\/wp-content\/uploads\/2019\/04\/P1010256-300x246-1-300x246.jpg\" alt=\"\" width=\"300\" height=\"246\" \/><\/p>\n<p>De veiligheid van de handelaren en hun klanten moet ook worden gewaarborgd door een krachtig <strong>Telepolice Vision <\/strong>systeem dat rechtstreeks is aangesloten op de politiebureaus. De aanwezigheid van camera&rsquo;s in straten en parken die effectief worden gecontroleerd, moet daden van delinquentie en onbetrouwbaarheid kunnen ontmoedigen, stevig bestraft met administratieve boetes.<\/p>\n<p>De laksheid van het verbod op straatprostitutie en bedelen met kinderen heeft de ontwikkeling van misdaadnetwerken mogelijk gemaakt die deze twee verschijnselen op veel plaatsen hebben doen ontploffen.<\/p>\n<p>In <strong>het Alhambra-district<\/strong> kan de toepassing van de nieuwe verordening die straatprostitutie verbiedt, afgebakend op deze perimeter, definitief een eind maken aan de overlast die de bewoners de afgelopen tien jaar hebben verzameld, maar het is nog steeds noodzakelijk dat de twee hotels daar pooieren is gesloten en dat dit verbod wordt uitgebreid tot het hele grondgebied.<\/p>\n","protected":false},"excerpt":{"rendered":"<p>In aanwezigheid van gevaarlijke bands op vele plaatsen in het stadscentrum, moet de openbare instantie reageren met een effectieve aanwezigheid van de politie, in voldoende aantal, permanent (patrouilles van 4 agenten, \u00eelotiers en permanent parkeren van politieauto&rsquo;s in de bijzonder gevoelige gebieden zoals het Anneessens-district) om de veiligheid van eigendom en mensen te waarborgen en&hellip; <br \/> <a class=\"read-more\" href=\"https:\/\/telepolice.be\/index.php\/nl\/2019\/04\/01\/security-premiere-des-libertes-a-brussel-stad\/\">Lire la suite<\/a><\/p>\n","protected":false},"author":1,"featured_media":0,"comment_status":"closed","ping_status":"closed","sticky":false,"template":"","format":"standard","meta":{"footnotes":""},"categories":[44],"tags":[],"class_list":["post-1788","post","type-post","status-publish","format-standard","hentry","category-persoverzicht"],"yoast_head":"<!-- This site is optimized with the Yoast SEO plugin v27.5 - https:\/\/yoast.com\/product\/yoast-seo-wordpress\/ -->\n<title>Veiligheid, eerste van de vrijheden in Brussel stad - TELEPOLICE<\/title>\n<meta name=\"robots\" content=\"index, follow, max-snippet:-1, max-image-preview:large, max-video-preview:-1\" \/>\n<link rel=\"canonical\" href=\"https:\/\/telepolice.be\/index.php\/nl\/2019\/04\/01\/security-premiere-des-libertes-a-brussel-stad\/\" \/>\n<meta property=\"og:locale\" content=\"fr_FR\" \/>\n<meta property=\"og:type\" content=\"article\" \/>\n<meta property=\"og:title\" content=\"Veiligheid, eerste van de vrijheden in Brussel stad - TELEPOLICE\" \/>\n<meta property=\"og:description\" content=\"In aanwezigheid van gevaarlijke bands op vele plaatsen in het stadscentrum, moet de openbare instantie reageren met een effectieve aanwezigheid van de politie, in voldoende aantal, permanent (patrouilles van 4 agenten, \u00eelotiers en permanent parkeren van politieauto&rsquo;s in de bijzonder gevoelige gebieden zoals het Anneessens-district) om de veiligheid van eigendom en mensen te waarborgen en&hellip; Lire la suite\" \/>\n<meta property=\"og:url\" content=\"https:\/\/telepolice.be\/index.php\/nl\/2019\/04\/01\/security-premiere-des-libertes-a-brussel-stad\/\" \/>\n<meta property=\"og:site_name\" content=\"TELEPOLICE\" \/>\n<meta property=\"article:published_time\" content=\"2019-04-01T09:01:04+00:00\" \/>\n<meta property=\"article:modified_time\" content=\"2019-05-10T14:16:20+00:00\" \/>\n<meta property=\"og:image\" content=\"https:\/\/telepolice.be\/wp-content\/uploads\/2019\/04\/P1010257-283x300-283x300.jpg\" \/>\n<meta name=\"author\" content=\"admin\" \/>\n<meta name=\"twitter:card\" content=\"summary_large_image\" \/>\n<meta name=\"twitter:label1\" content=\"\u00c9crit par\" \/>\n\t<meta name=\"twitter:data1\" content=\"admin\" \/>\n\t<meta name=\"twitter:label2\" content=\"Dur\u00e9e de lecture estim\u00e9e\" \/>\n\t<meta name=\"twitter:data2\" content=\"2 minutes\" \/>\n<script type=\"application\/ld+json\" class=\"yoast-schema-graph\">{\"@context\":\"https:\\\/\\\/schema.org\",\"@graph\":[{\"@type\":\"Article\",\"@id\":\"https:\\\/\\\/telepolice.be\\\/index.php\\\/nl\\\/2019\\\/04\\\/01\\\/security-premiere-des-libertes-a-brussel-stad\\\/#article\",\"isPartOf\":{\"@id\":\"https:\\\/\\\/telepolice.be\\\/index.php\\\/nl\\\/2019\\\/04\\\/01\\\/security-premiere-des-libertes-a-brussel-stad\\\/\"},\"author\":{\"name\":\"admin\",\"@id\":\"https:\\\/\\\/telepolice.be\\\/#\\\/schema\\\/person\\\/ca479b77454640f8f918dd017bd028bf\"},\"headline\":\"Veiligheid, eerste van de vrijheden in Brussel stad\",\"datePublished\":\"2019-04-01T09:01:04+00:00\",\"dateModified\":\"2019-05-10T14:16:20+00:00\",\"mainEntityOfPage\":{\"@id\":\"https:\\\/\\\/telepolice.be\\\/index.php\\\/nl\\\/2019\\\/04\\\/01\\\/security-premiere-des-libertes-a-brussel-stad\\\/\"},\"wordCount\":393,\"publisher\":{\"@id\":\"https:\\\/\\\/telepolice.be\\\/#organization\"},\"image\":{\"@id\":\"https:\\\/\\\/telepolice.be\\\/index.php\\\/nl\\\/2019\\\/04\\\/01\\\/security-premiere-des-libertes-a-brussel-stad\\\/#primaryimage\"},\"thumbnailUrl\":\"https:\\\/\\\/telepolice.be\\\/wp-content\\\/uploads\\\/2019\\\/04\\\/P1010257-283x300-283x300.jpg\",\"articleSection\":[\"Persoverzicht\"],\"inLanguage\":\"fr-FR\"},{\"@type\":\"WebPage\",\"@id\":\"https:\\\/\\\/telepolice.be\\\/index.php\\\/nl\\\/2019\\\/04\\\/01\\\/security-premiere-des-libertes-a-brussel-stad\\\/\",\"url\":\"https:\\\/\\\/telepolice.be\\\/index.php\\\/nl\\\/2019\\\/04\\\/01\\\/security-premiere-des-libertes-a-brussel-stad\\\/\",\"name\":\"Veiligheid, eerste van de vrijheden in Brussel stad - TELEPOLICE\",\"isPartOf\":{\"@id\":\"https:\\\/\\\/telepolice.be\\\/#website\"},\"primaryImageOfPage\":{\"@id\":\"https:\\\/\\\/telepolice.be\\\/index.php\\\/nl\\\/2019\\\/04\\\/01\\\/security-premiere-des-libertes-a-brussel-stad\\\/#primaryimage\"},\"image\":{\"@id\":\"https:\\\/\\\/telepolice.be\\\/index.php\\\/nl\\\/2019\\\/04\\\/01\\\/security-premiere-des-libertes-a-brussel-stad\\\/#primaryimage\"},\"thumbnailUrl\":\"https:\\\/\\\/telepolice.be\\\/wp-content\\\/uploads\\\/2019\\\/04\\\/P1010257-283x300-283x300.jpg\",\"datePublished\":\"2019-04-01T09:01:04+00:00\",\"dateModified\":\"2019-05-10T14:16:20+00:00\",\"breadcrumb\":{\"@id\":\"https:\\\/\\\/telepolice.be\\\/index.php\\\/nl\\\/2019\\\/04\\\/01\\\/security-premiere-des-libertes-a-brussel-stad\\\/#breadcrumb\"},\"inLanguage\":\"fr-FR\",\"potentialAction\":[{\"@type\":\"ReadAction\",\"target\":[\"https:\\\/\\\/telepolice.be\\\/index.php\\\/nl\\\/2019\\\/04\\\/01\\\/security-premiere-des-libertes-a-brussel-stad\\\/\"]}]},{\"@type\":\"ImageObject\",\"inLanguage\":\"fr-FR\",\"@id\":\"https:\\\/\\\/telepolice.be\\\/index.php\\\/nl\\\/2019\\\/04\\\/01\\\/security-premiere-des-libertes-a-brussel-stad\\\/#primaryimage\",\"url\":\"https:\\\/\\\/telepolice.be\\\/wp-content\\\/uploads\\\/2019\\\/04\\\/P1010257-283x300.jpg\",\"contentUrl\":\"https:\\\/\\\/telepolice.be\\\/wp-content\\\/uploads\\\/2019\\\/04\\\/P1010257-283x300.jpg\",\"width\":283,\"height\":300},{\"@type\":\"BreadcrumbList\",\"@id\":\"https:\\\/\\\/telepolice.be\\\/index.php\\\/nl\\\/2019\\\/04\\\/01\\\/security-premiere-des-libertes-a-brussel-stad\\\/#breadcrumb\",\"itemListElement\":[{\"@type\":\"ListItem\",\"position\":1,\"name\":\"Accueil\",\"item\":\"https:\\\/\\\/telepolice.be\\\/\"},{\"@type\":\"ListItem\",\"position\":2,\"name\":\"Veiligheid, eerste van de vrijheden in Brussel stad\"}]},{\"@type\":\"WebSite\",\"@id\":\"https:\\\/\\\/telepolice.be\\\/#website\",\"url\":\"https:\\\/\\\/telepolice.be\\\/\",\"name\":\"TELEPOLICE\",\"description\":\"Prot\u00e9gez votre entreprise\",\"publisher\":{\"@id\":\"https:\\\/\\\/telepolice.be\\\/#organization\"},\"potentialAction\":[{\"@type\":\"SearchAction\",\"target\":{\"@type\":\"EntryPoint\",\"urlTemplate\":\"https:\\\/\\\/telepolice.be\\\/?s={search_term_string}\"},\"query-input\":{\"@type\":\"PropertyValueSpecification\",\"valueRequired\":true,\"valueName\":\"search_term_string\"}}],\"inLanguage\":\"fr-FR\"},{\"@type\":\"Organization\",\"@id\":\"https:\\\/\\\/telepolice.be\\\/#organization\",\"name\":\"TELE POLICE\",\"url\":\"https:\\\/\\\/telepolice.be\\\/\",\"logo\":{\"@type\":\"ImageObject\",\"inLanguage\":\"fr-FR\",\"@id\":\"https:\\\/\\\/telepolice.be\\\/#\\\/schema\\\/logo\\\/image\\\/\",\"url\":\"https:\\\/\\\/telepolice.be\\\/wp-content\\\/uploads\\\/2019\\\/04\\\/cropped-logotelepolice-3.png\",\"contentUrl\":\"https:\\\/\\\/telepolice.be\\\/wp-content\\\/uploads\\\/2019\\\/04\\\/cropped-logotelepolice-3.png\",\"width\":408,\"height\":65,\"caption\":\"TELE POLICE\"},\"image\":{\"@id\":\"https:\\\/\\\/telepolice.be\\\/#\\\/schema\\\/logo\\\/image\\\/\"}},{\"@type\":\"Person\",\"@id\":\"https:\\\/\\\/telepolice.be\\\/#\\\/schema\\\/person\\\/ca479b77454640f8f918dd017bd028bf\",\"name\":\"admin\",\"image\":{\"@type\":\"ImageObject\",\"inLanguage\":\"fr-FR\",\"@id\":\"https:\\\/\\\/secure.gravatar.com\\\/avatar\\\/dd9167fd60efcd6c24559ffa4f391e918347b9cf398a5593e29d658b4ae5d443?s=96&d=mm&r=g\",\"url\":\"https:\\\/\\\/secure.gravatar.com\\\/avatar\\\/dd9167fd60efcd6c24559ffa4f391e918347b9cf398a5593e29d658b4ae5d443?s=96&d=mm&r=g\",\"contentUrl\":\"https:\\\/\\\/secure.gravatar.com\\\/avatar\\\/dd9167fd60efcd6c24559ffa4f391e918347b9cf398a5593e29d658b4ae5d443?s=96&d=mm&r=g\",\"caption\":\"admin\"},\"url\":\"https:\\\/\\\/telepolice.be\\\/index.php\\\/author\\\/web_telepolice\\\/\"}]}<\/script>\n<!-- \/ Yoast SEO plugin. -->","yoast_head_json":{"title":"Veiligheid, eerste van de vrijheden in Brussel stad - TELEPOLICE","robots":{"index":"index","follow":"follow","max-snippet":"max-snippet:-1","max-image-preview":"max-image-preview:large","max-video-preview":"max-video-preview:-1"},"canonical":"https:\/\/telepolice.be\/index.php\/nl\/2019\/04\/01\/security-premiere-des-libertes-a-brussel-stad\/","og_locale":"fr_FR","og_type":"article","og_title":"Veiligheid, eerste van de vrijheden in Brussel stad - TELEPOLICE","og_description":"In aanwezigheid van gevaarlijke bands op vele plaatsen in het stadscentrum, moet de openbare instantie reageren met een effectieve aanwezigheid van de politie, in voldoende aantal, permanent (patrouilles van 4 agenten, \u00eelotiers en permanent parkeren van politieauto&rsquo;s in de bijzonder gevoelige gebieden zoals het Anneessens-district) om de veiligheid van eigendom en mensen te waarborgen en&hellip; Lire la suite","og_url":"https:\/\/telepolice.be\/index.php\/nl\/2019\/04\/01\/security-premiere-des-libertes-a-brussel-stad\/","og_site_name":"TELEPOLICE","article_published_time":"2019-04-01T09:01:04+00:00","article_modified_time":"2019-05-10T14:16:20+00:00","og_image":[{"url":"https:\/\/telepolice.be\/wp-content\/uploads\/2019\/04\/P1010257-283x300-283x300.jpg","type":"","width":"","height":""}],"author":"admin","twitter_card":"summary_large_image","twitter_misc":{"\u00c9crit par":"admin","Dur\u00e9e de lecture estim\u00e9e":"2 minutes"},"schema":{"@context":"https:\/\/schema.org","@graph":[{"@type":"Article","@id":"https:\/\/telepolice.be\/index.php\/nl\/2019\/04\/01\/security-premiere-des-libertes-a-brussel-stad\/#article","isPartOf":{"@id":"https:\/\/telepolice.be\/index.php\/nl\/2019\/04\/01\/security-premiere-des-libertes-a-brussel-stad\/"},"author":{"name":"admin","@id":"https:\/\/telepolice.be\/#\/schema\/person\/ca479b77454640f8f918dd017bd028bf"},"headline":"Veiligheid, eerste van de vrijheden in Brussel stad","datePublished":"2019-04-01T09:01:04+00:00","dateModified":"2019-05-10T14:16:20+00:00","mainEntityOfPage":{"@id":"https:\/\/telepolice.be\/index.php\/nl\/2019\/04\/01\/security-premiere-des-libertes-a-brussel-stad\/"},"wordCount":393,"publisher":{"@id":"https:\/\/telepolice.be\/#organization"},"image":{"@id":"https:\/\/telepolice.be\/index.php\/nl\/2019\/04\/01\/security-premiere-des-libertes-a-brussel-stad\/#primaryimage"},"thumbnailUrl":"https:\/\/telepolice.be\/wp-content\/uploads\/2019\/04\/P1010257-283x300-283x300.jpg","articleSection":["Persoverzicht"],"inLanguage":"fr-FR"},{"@type":"WebPage","@id":"https:\/\/telepolice.be\/index.php\/nl\/2019\/04\/01\/security-premiere-des-libertes-a-brussel-stad\/","url":"https:\/\/telepolice.be\/index.php\/nl\/2019\/04\/01\/security-premiere-des-libertes-a-brussel-stad\/","name":"Veiligheid, eerste van de vrijheden in Brussel stad - TELEPOLICE","isPartOf":{"@id":"https:\/\/telepolice.be\/#website"},"primaryImageOfPage":{"@id":"https:\/\/telepolice.be\/index.php\/nl\/2019\/04\/01\/security-premiere-des-libertes-a-brussel-stad\/#primaryimage"},"image":{"@id":"https:\/\/telepolice.be\/index.php\/nl\/2019\/04\/01\/security-premiere-des-libertes-a-brussel-stad\/#primaryimage"},"thumbnailUrl":"https:\/\/telepolice.be\/wp-content\/uploads\/2019\/04\/P1010257-283x300-283x300.jpg","datePublished":"2019-04-01T09:01:04+00:00","dateModified":"2019-05-10T14:16:20+00:00","breadcrumb":{"@id":"https:\/\/telepolice.be\/index.php\/nl\/2019\/04\/01\/security-premiere-des-libertes-a-brussel-stad\/#breadcrumb"},"inLanguage":"fr-FR","potentialAction":[{"@type":"ReadAction","target":["https:\/\/telepolice.be\/index.php\/nl\/2019\/04\/01\/security-premiere-des-libertes-a-brussel-stad\/"]}]},{"@type":"ImageObject","inLanguage":"fr-FR","@id":"https:\/\/telepolice.be\/index.php\/nl\/2019\/04\/01\/security-premiere-des-libertes-a-brussel-stad\/#primaryimage","url":"https:\/\/telepolice.be\/wp-content\/uploads\/2019\/04\/P1010257-283x300.jpg","contentUrl":"https:\/\/telepolice.be\/wp-content\/uploads\/2019\/04\/P1010257-283x300.jpg","width":283,"height":300},{"@type":"BreadcrumbList","@id":"https:\/\/telepolice.be\/index.php\/nl\/2019\/04\/01\/security-premiere-des-libertes-a-brussel-stad\/#breadcrumb","itemListElement":[{"@type":"ListItem","position":1,"name":"Accueil","item":"https:\/\/telepolice.be\/"},{"@type":"ListItem","position":2,"name":"Veiligheid, eerste van de vrijheden in Brussel stad"}]},{"@type":"WebSite","@id":"https:\/\/telepolice.be\/#website","url":"https:\/\/telepolice.be\/","name":"TELEPOLICE","description":"Prot\u00e9gez votre entreprise","publisher":{"@id":"https:\/\/telepolice.be\/#organization"},"potentialAction":[{"@type":"SearchAction","target":{"@type":"EntryPoint","urlTemplate":"https:\/\/telepolice.be\/?s={search_term_string}"},"query-input":{"@type":"PropertyValueSpecification","valueRequired":true,"valueName":"search_term_string"}}],"inLanguage":"fr-FR"},{"@type":"Organization","@id":"https:\/\/telepolice.be\/#organization","name":"TELE POLICE","url":"https:\/\/telepolice.be\/","logo":{"@type":"ImageObject","inLanguage":"fr-FR","@id":"https:\/\/telepolice.be\/#\/schema\/logo\/image\/","url":"https:\/\/telepolice.be\/wp-content\/uploads\/2019\/04\/cropped-logotelepolice-3.png","contentUrl":"https:\/\/telepolice.be\/wp-content\/uploads\/2019\/04\/cropped-logotelepolice-3.png","width":408,"height":65,"caption":"TELE POLICE"},"image":{"@id":"https:\/\/telepolice.be\/#\/schema\/logo\/image\/"}},{"@type":"Person","@id":"https:\/\/telepolice.be\/#\/schema\/person\/ca479b77454640f8f918dd017bd028bf","name":"admin","image":{"@type":"ImageObject","inLanguage":"fr-FR","@id":"https:\/\/secure.gravatar.com\/avatar\/dd9167fd60efcd6c24559ffa4f391e918347b9cf398a5593e29d658b4ae5d443?s=96&d=mm&r=g","url":"https:\/\/secure.gravatar.com\/avatar\/dd9167fd60efcd6c24559ffa4f391e918347b9cf398a5593e29d658b4ae5d443?s=96&d=mm&r=g","contentUrl":"https:\/\/secure.gravatar.com\/avatar\/dd9167fd60efcd6c24559ffa4f391e918347b9cf398a5593e29d658b4ae5d443?s=96&d=mm&r=g","caption":"admin"},"url":"https:\/\/telepolice.be\/index.php\/author\/web_telepolice\/"}]}},"_links":{"self":[{"href":"https:\/\/telepolice.be\/index.php\/wp-json\/wp\/v2\/posts\/1788","targetHints":{"allow":["GET"]}}],"collection":[{"href":"https:\/\/telepolice.be\/index.php\/wp-json\/wp\/v2\/posts"}],"about":[{"href":"https:\/\/telepolice.be\/index.php\/wp-json\/wp\/v2\/types\/post"}],"author":[{"embeddable":true,"href":"https:\/\/telepolice.be\/index.php\/wp-json\/wp\/v2\/users\/1"}],"replies":[{"embeddable":true,"href":"https:\/\/telepolice.be\/index.php\/wp-json\/wp\/v2\/comments?post=1788"}],"version-history":[{"count":2,"href":"https:\/\/telepolice.be\/index.php\/wp-json\/wp\/v2\/posts\/1788\/revisions"}],"predecessor-version":[{"id":2863,"href":"https:\/\/telepolice.be\/index.php\/wp-json\/wp\/v2\/posts\/1788\/revisions\/2863"}],"wp:attachment":[{"href":"https:\/\/telepolice.be\/index.php\/wp-json\/wp\/v2\/media?parent=1788"}],"wp:term":[{"taxonomy":"category","embeddable":true,"href":"https:\/\/telepolice.be\/index.php\/wp-json\/wp\/v2\/categories?post=1788"},{"taxonomy":"post_tag","embeddable":true,"href":"https:\/\/telepolice.be\/index.php\/wp-json\/wp\/v2\/tags?post=1788"}],"curies":[{"name":"wp","href":"https:\/\/api.w.org\/{rel}","templated":true}]}}