{"id":1757,"date":"2019-04-01T11:15:37","date_gmt":"2019-04-01T11:15:37","guid":{"rendered":"https:\/\/telepolice.be\/index.php\/2019\/04\/01\/menace-de-mort-le-juge-dierickx-beneficiera-dune-premiere-telepolice-vision-dans-un-tribunal\/"},"modified":"2019-05-09T11:34:41","modified_gmt":"2019-05-09T09:34:41","slug":"de-bedreiging-van-de-dood-de-rechter-dierickx-beneficiera-duin-premiere-telepolice-visie-in-een-tribunaal","status":"publish","type":"post","link":"https:\/\/telepolice.be\/index.php\/nl\/2019\/04\/01\/de-bedreiging-van-de-dood-de-rechter-dierickx-beneficiera-duin-premiere-telepolice-visie-in-een-tribunaal\/","title":{"rendered":"Gedreigd met de dood, rechter Dierickx zal profiteren van een eerste: telepolice visie in een rechtbank"},"content":{"rendered":"<p><strong>VEILIGHEID SCHAERBEEK<\/strong> Schaarbeek vrederechter Eric Dierickx, die klaagde dat hij meerdere keren met de dood was bedreigd en had aangekondigd dat hij niet meer zou gaan zitten als hij geen politieaanwezigheid kreeg, profiteert sinds deze week van een primeur in Belgi\u00eb.<\/p>\n<p>Het TelePolice Vision-systeem is ge\u00efnstalleerd in zijn rechtszaal en is al operationeel, we worden bevestigd op het hoofdkantoor van het bedrijf, de SPF Justice beschikte niet over de nodige kredieten: er kon geen budget worden vrijgegeven. , de Amerikaanse firma, besloot &#8230; om een \u200b\u200bgeschenk te maken.<\/p>\n<p>Het TelePolice Vision-systeem van de nieuwste generatie in de rechtbank van de Koningsstraat in Schaarbeek is identiek aan dat in meer dan duizend winkels in Walloni\u00eb en Brussel. Voor het eerst in Belgi\u00eb wordt een dergelijk systeem ge\u00efnstalleerd in een rechtszaal.<\/p>\n<p>Het is rechtstreeks verbonden met de politiezone Brussel-Noord, die reeds de eerste was in 2009 om het in het Brussels Gewest te adopteren en te promoten bij de kooplieden van Sint-Joost, Schaarbeek en Evere. In twee jaar tijd is de criminaliteit sterk gedaald.<\/p>\n<p>Les van het Fabeltjesland-drama in Dendermonde: Schaarbeek huisvest ook het eerste kinderdagverblijf voor kleine kinderen uitgerust met dezelfde technologie.<\/p>\n<p>Op 14 november werd Justice of the Peace Eric Dierickx opnieuw met de dood bedreigd. De rechter Schaerbeekois had publiekelijk betreurd dat de minister van Justitie, die had toegezegd actie te zullen ondernemen na de tragedie van de Vrederechter Brussel &#8211; een gebrek aan begrotingsmiddelen zeker &#8211; feitelijk niets had gedaan. Tijdens deze tragedie vorig jaar werden een vrederechter in Brussel en haar klerk vermoord door een onevenwichtige rechtbank. Sindsdien is het geld er nog steeds niet, maar de particulier, die waarschijnlijk belangen heeft, stelde voor om dit geschenk te maken. In principe is de camera ge\u00efnstalleerd in de rechtszaal gericht aan de rechter, en dus niet op het publiek. Het wordt pas actief als de magistraat, die eigenaar is van de afstandsbediening, en alleen als en wanneer de magistraat het beslist. Televisio Vision werkt niet permanent. Het registreert de rechtszaken niet.<\/p>\n<p>Gilbert Dupont<\/p>\n","protected":false},"excerpt":{"rendered":"<p>VEILIGHEID SCHAERBEEK Schaarbeek vrederechter Eric Dierickx, die klaagde dat hij meerdere keren met de dood was bedreigd en had aangekondigd dat hij niet meer zou gaan zitten als hij geen politieaanwezigheid kreeg, profiteert sinds deze week van een primeur in Belgi\u00eb. Het TelePolice Vision-systeem is ge\u00efnstalleerd in zijn rechtszaal en is al operationeel, we worden&hellip; <br \/> <a class=\"read-more\" href=\"https:\/\/telepolice.be\/index.php\/nl\/2019\/04\/01\/de-bedreiging-van-de-dood-de-rechter-dierickx-beneficiera-duin-premiere-telepolice-visie-in-een-tribunaal\/\">Lire la suite<\/a><\/p>\n","protected":false},"author":1,"featured_media":0,"comment_status":"open","ping_status":"closed","sticky":false,"template":"","format":"standard","meta":{"footnotes":""},"categories":[44],"tags":[],"class_list":["post-1757","post","type-post","status-publish","format-standard","hentry","category-persoverzicht"],"yoast_head":"<!-- This site is optimized with the Yoast SEO plugin v27.5 - https:\/\/yoast.com\/product\/yoast-seo-wordpress\/ -->\n<title>Gedreigd met de dood, rechter Dierickx zal profiteren van een eerste: telepolice visie in een rechtbank - TELEPOLICE<\/title>\n<meta name=\"robots\" content=\"index, follow, max-snippet:-1, max-image-preview:large, max-video-preview:-1\" \/>\n<link rel=\"canonical\" href=\"https:\/\/telepolice.be\/index.php\/nl\/2019\/04\/01\/de-bedreiging-van-de-dood-de-rechter-dierickx-beneficiera-duin-premiere-telepolice-visie-in-een-tribunaal\/\" \/>\n<meta property=\"og:locale\" content=\"fr_FR\" \/>\n<meta property=\"og:type\" content=\"article\" \/>\n<meta property=\"og:title\" content=\"Gedreigd met de dood, rechter Dierickx zal profiteren van een eerste: telepolice visie in een rechtbank - TELEPOLICE\" \/>\n<meta property=\"og:description\" content=\"VEILIGHEID SCHAERBEEK Schaarbeek vrederechter Eric Dierickx, die klaagde dat hij meerdere keren met de dood was bedreigd en had aangekondigd dat hij niet meer zou gaan zitten als hij geen politieaanwezigheid kreeg, profiteert sinds deze week van een primeur in Belgi\u00eb. Het TelePolice Vision-systeem is ge\u00efnstalleerd in zijn rechtszaal en is al operationeel, we worden&hellip; Lire la suite\" \/>\n<meta property=\"og:url\" content=\"https:\/\/telepolice.be\/index.php\/nl\/2019\/04\/01\/de-bedreiging-van-de-dood-de-rechter-dierickx-beneficiera-duin-premiere-telepolice-visie-in-een-tribunaal\/\" \/>\n<meta property=\"og:site_name\" content=\"TELEPOLICE\" \/>\n<meta property=\"article:published_time\" content=\"2019-04-01T11:15:37+00:00\" \/>\n<meta property=\"article:modified_time\" content=\"2019-05-09T09:34:41+00:00\" \/>\n<meta name=\"author\" content=\"admin\" \/>\n<meta name=\"twitter:card\" content=\"summary_large_image\" \/>\n<meta name=\"twitter:label1\" content=\"\u00c9crit par\" \/>\n\t<meta name=\"twitter:data1\" content=\"admin\" \/>\n\t<meta name=\"twitter:label2\" content=\"Dur\u00e9e de lecture estim\u00e9e\" \/>\n\t<meta name=\"twitter:data2\" content=\"2 minutes\" \/>\n<script type=\"application\/ld+json\" class=\"yoast-schema-graph\">{\"@context\":\"https:\\\/\\\/schema.org\",\"@graph\":[{\"@type\":\"Article\",\"@id\":\"https:\\\/\\\/telepolice.be\\\/index.php\\\/nl\\\/2019\\\/04\\\/01\\\/de-bedreiging-van-de-dood-de-rechter-dierickx-beneficiera-duin-premiere-telepolice-visie-in-een-tribunaal\\\/#article\",\"isPartOf\":{\"@id\":\"https:\\\/\\\/telepolice.be\\\/index.php\\\/nl\\\/2019\\\/04\\\/01\\\/de-bedreiging-van-de-dood-de-rechter-dierickx-beneficiera-duin-premiere-telepolice-visie-in-een-tribunaal\\\/\"},\"author\":{\"name\":\"admin\",\"@id\":\"https:\\\/\\\/telepolice.be\\\/#\\\/schema\\\/person\\\/ca479b77454640f8f918dd017bd028bf\"},\"headline\":\"Gedreigd met de dood, rechter Dierickx zal profiteren van een eerste: telepolice visie in een rechtbank\",\"datePublished\":\"2019-04-01T11:15:37+00:00\",\"dateModified\":\"2019-05-09T09:34:41+00:00\",\"mainEntityOfPage\":{\"@id\":\"https:\\\/\\\/telepolice.be\\\/index.php\\\/nl\\\/2019\\\/04\\\/01\\\/de-bedreiging-van-de-dood-de-rechter-dierickx-beneficiera-duin-premiere-telepolice-visie-in-een-tribunaal\\\/\"},\"wordCount\":350,\"commentCount\":0,\"publisher\":{\"@id\":\"https:\\\/\\\/telepolice.be\\\/#organization\"},\"articleSection\":[\"Persoverzicht\"],\"inLanguage\":\"fr-FR\",\"potentialAction\":[{\"@type\":\"CommentAction\",\"name\":\"Comment\",\"target\":[\"https:\\\/\\\/telepolice.be\\\/index.php\\\/nl\\\/2019\\\/04\\\/01\\\/de-bedreiging-van-de-dood-de-rechter-dierickx-beneficiera-duin-premiere-telepolice-visie-in-een-tribunaal\\\/#respond\"]}]},{\"@type\":\"WebPage\",\"@id\":\"https:\\\/\\\/telepolice.be\\\/index.php\\\/nl\\\/2019\\\/04\\\/01\\\/de-bedreiging-van-de-dood-de-rechter-dierickx-beneficiera-duin-premiere-telepolice-visie-in-een-tribunaal\\\/\",\"url\":\"https:\\\/\\\/telepolice.be\\\/index.php\\\/nl\\\/2019\\\/04\\\/01\\\/de-bedreiging-van-de-dood-de-rechter-dierickx-beneficiera-duin-premiere-telepolice-visie-in-een-tribunaal\\\/\",\"name\":\"Gedreigd met de dood, rechter Dierickx zal profiteren van een eerste: telepolice visie in een rechtbank - TELEPOLICE\",\"isPartOf\":{\"@id\":\"https:\\\/\\\/telepolice.be\\\/#website\"},\"datePublished\":\"2019-04-01T11:15:37+00:00\",\"dateModified\":\"2019-05-09T09:34:41+00:00\",\"breadcrumb\":{\"@id\":\"https:\\\/\\\/telepolice.be\\\/index.php\\\/nl\\\/2019\\\/04\\\/01\\\/de-bedreiging-van-de-dood-de-rechter-dierickx-beneficiera-duin-premiere-telepolice-visie-in-een-tribunaal\\\/#breadcrumb\"},\"inLanguage\":\"fr-FR\",\"potentialAction\":[{\"@type\":\"ReadAction\",\"target\":[\"https:\\\/\\\/telepolice.be\\\/index.php\\\/nl\\\/2019\\\/04\\\/01\\\/de-bedreiging-van-de-dood-de-rechter-dierickx-beneficiera-duin-premiere-telepolice-visie-in-een-tribunaal\\\/\"]}]},{\"@type\":\"BreadcrumbList\",\"@id\":\"https:\\\/\\\/telepolice.be\\\/index.php\\\/nl\\\/2019\\\/04\\\/01\\\/de-bedreiging-van-de-dood-de-rechter-dierickx-beneficiera-duin-premiere-telepolice-visie-in-een-tribunaal\\\/#breadcrumb\",\"itemListElement\":[{\"@type\":\"ListItem\",\"position\":1,\"name\":\"Accueil\",\"item\":\"https:\\\/\\\/telepolice.be\\\/\"},{\"@type\":\"ListItem\",\"position\":2,\"name\":\"Gedreigd met de dood, rechter Dierickx zal profiteren van een eerste: telepolice visie in een rechtbank\"}]},{\"@type\":\"WebSite\",\"@id\":\"https:\\\/\\\/telepolice.be\\\/#website\",\"url\":\"https:\\\/\\\/telepolice.be\\\/\",\"name\":\"TELEPOLICE\",\"description\":\"Prot\u00e9gez votre entreprise\",\"publisher\":{\"@id\":\"https:\\\/\\\/telepolice.be\\\/#organization\"},\"potentialAction\":[{\"@type\":\"SearchAction\",\"target\":{\"@type\":\"EntryPoint\",\"urlTemplate\":\"https:\\\/\\\/telepolice.be\\\/?s={search_term_string}\"},\"query-input\":{\"@type\":\"PropertyValueSpecification\",\"valueRequired\":true,\"valueName\":\"search_term_string\"}}],\"inLanguage\":\"fr-FR\"},{\"@type\":\"Organization\",\"@id\":\"https:\\\/\\\/telepolice.be\\\/#organization\",\"name\":\"TELE POLICE\",\"url\":\"https:\\\/\\\/telepolice.be\\\/\",\"logo\":{\"@type\":\"ImageObject\",\"inLanguage\":\"fr-FR\",\"@id\":\"https:\\\/\\\/telepolice.be\\\/#\\\/schema\\\/logo\\\/image\\\/\",\"url\":\"https:\\\/\\\/telepolice.be\\\/wp-content\\\/uploads\\\/2019\\\/04\\\/cropped-logotelepolice-3.png\",\"contentUrl\":\"https:\\\/\\\/telepolice.be\\\/wp-content\\\/uploads\\\/2019\\\/04\\\/cropped-logotelepolice-3.png\",\"width\":408,\"height\":65,\"caption\":\"TELE POLICE\"},\"image\":{\"@id\":\"https:\\\/\\\/telepolice.be\\\/#\\\/schema\\\/logo\\\/image\\\/\"}},{\"@type\":\"Person\",\"@id\":\"https:\\\/\\\/telepolice.be\\\/#\\\/schema\\\/person\\\/ca479b77454640f8f918dd017bd028bf\",\"name\":\"admin\",\"image\":{\"@type\":\"ImageObject\",\"inLanguage\":\"fr-FR\",\"@id\":\"https:\\\/\\\/secure.gravatar.com\\\/avatar\\\/dd9167fd60efcd6c24559ffa4f391e918347b9cf398a5593e29d658b4ae5d443?s=96&d=mm&r=g\",\"url\":\"https:\\\/\\\/secure.gravatar.com\\\/avatar\\\/dd9167fd60efcd6c24559ffa4f391e918347b9cf398a5593e29d658b4ae5d443?s=96&d=mm&r=g\",\"contentUrl\":\"https:\\\/\\\/secure.gravatar.com\\\/avatar\\\/dd9167fd60efcd6c24559ffa4f391e918347b9cf398a5593e29d658b4ae5d443?s=96&d=mm&r=g\",\"caption\":\"admin\"},\"url\":\"https:\\\/\\\/telepolice.be\\\/index.php\\\/author\\\/web_telepolice\\\/\"}]}<\/script>\n<!-- \/ Yoast SEO plugin. -->","yoast_head_json":{"title":"Gedreigd met de dood, rechter Dierickx zal profiteren van een eerste: telepolice visie in een rechtbank - TELEPOLICE","robots":{"index":"index","follow":"follow","max-snippet":"max-snippet:-1","max-image-preview":"max-image-preview:large","max-video-preview":"max-video-preview:-1"},"canonical":"https:\/\/telepolice.be\/index.php\/nl\/2019\/04\/01\/de-bedreiging-van-de-dood-de-rechter-dierickx-beneficiera-duin-premiere-telepolice-visie-in-een-tribunaal\/","og_locale":"fr_FR","og_type":"article","og_title":"Gedreigd met de dood, rechter Dierickx zal profiteren van een eerste: telepolice visie in een rechtbank - TELEPOLICE","og_description":"VEILIGHEID SCHAERBEEK Schaarbeek vrederechter Eric Dierickx, die klaagde dat hij meerdere keren met de dood was bedreigd en had aangekondigd dat hij niet meer zou gaan zitten als hij geen politieaanwezigheid kreeg, profiteert sinds deze week van een primeur in Belgi\u00eb. Het TelePolice Vision-systeem is ge\u00efnstalleerd in zijn rechtszaal en is al operationeel, we worden&hellip; Lire la suite","og_url":"https:\/\/telepolice.be\/index.php\/nl\/2019\/04\/01\/de-bedreiging-van-de-dood-de-rechter-dierickx-beneficiera-duin-premiere-telepolice-visie-in-een-tribunaal\/","og_site_name":"TELEPOLICE","article_published_time":"2019-04-01T11:15:37+00:00","article_modified_time":"2019-05-09T09:34:41+00:00","author":"admin","twitter_card":"summary_large_image","twitter_misc":{"\u00c9crit par":"admin","Dur\u00e9e de lecture estim\u00e9e":"2 minutes"},"schema":{"@context":"https:\/\/schema.org","@graph":[{"@type":"Article","@id":"https:\/\/telepolice.be\/index.php\/nl\/2019\/04\/01\/de-bedreiging-van-de-dood-de-rechter-dierickx-beneficiera-duin-premiere-telepolice-visie-in-een-tribunaal\/#article","isPartOf":{"@id":"https:\/\/telepolice.be\/index.php\/nl\/2019\/04\/01\/de-bedreiging-van-de-dood-de-rechter-dierickx-beneficiera-duin-premiere-telepolice-visie-in-een-tribunaal\/"},"author":{"name":"admin","@id":"https:\/\/telepolice.be\/#\/schema\/person\/ca479b77454640f8f918dd017bd028bf"},"headline":"Gedreigd met de dood, rechter Dierickx zal profiteren van een eerste: telepolice visie in een rechtbank","datePublished":"2019-04-01T11:15:37+00:00","dateModified":"2019-05-09T09:34:41+00:00","mainEntityOfPage":{"@id":"https:\/\/telepolice.be\/index.php\/nl\/2019\/04\/01\/de-bedreiging-van-de-dood-de-rechter-dierickx-beneficiera-duin-premiere-telepolice-visie-in-een-tribunaal\/"},"wordCount":350,"commentCount":0,"publisher":{"@id":"https:\/\/telepolice.be\/#organization"},"articleSection":["Persoverzicht"],"inLanguage":"fr-FR","potentialAction":[{"@type":"CommentAction","name":"Comment","target":["https:\/\/telepolice.be\/index.php\/nl\/2019\/04\/01\/de-bedreiging-van-de-dood-de-rechter-dierickx-beneficiera-duin-premiere-telepolice-visie-in-een-tribunaal\/#respond"]}]},{"@type":"WebPage","@id":"https:\/\/telepolice.be\/index.php\/nl\/2019\/04\/01\/de-bedreiging-van-de-dood-de-rechter-dierickx-beneficiera-duin-premiere-telepolice-visie-in-een-tribunaal\/","url":"https:\/\/telepolice.be\/index.php\/nl\/2019\/04\/01\/de-bedreiging-van-de-dood-de-rechter-dierickx-beneficiera-duin-premiere-telepolice-visie-in-een-tribunaal\/","name":"Gedreigd met de dood, rechter Dierickx zal profiteren van een eerste: telepolice visie in een rechtbank - TELEPOLICE","isPartOf":{"@id":"https:\/\/telepolice.be\/#website"},"datePublished":"2019-04-01T11:15:37+00:00","dateModified":"2019-05-09T09:34:41+00:00","breadcrumb":{"@id":"https:\/\/telepolice.be\/index.php\/nl\/2019\/04\/01\/de-bedreiging-van-de-dood-de-rechter-dierickx-beneficiera-duin-premiere-telepolice-visie-in-een-tribunaal\/#breadcrumb"},"inLanguage":"fr-FR","potentialAction":[{"@type":"ReadAction","target":["https:\/\/telepolice.be\/index.php\/nl\/2019\/04\/01\/de-bedreiging-van-de-dood-de-rechter-dierickx-beneficiera-duin-premiere-telepolice-visie-in-een-tribunaal\/"]}]},{"@type":"BreadcrumbList","@id":"https:\/\/telepolice.be\/index.php\/nl\/2019\/04\/01\/de-bedreiging-van-de-dood-de-rechter-dierickx-beneficiera-duin-premiere-telepolice-visie-in-een-tribunaal\/#breadcrumb","itemListElement":[{"@type":"ListItem","position":1,"name":"Accueil","item":"https:\/\/telepolice.be\/"},{"@type":"ListItem","position":2,"name":"Gedreigd met de dood, rechter Dierickx zal profiteren van een eerste: telepolice visie in een rechtbank"}]},{"@type":"WebSite","@id":"https:\/\/telepolice.be\/#website","url":"https:\/\/telepolice.be\/","name":"TELEPOLICE","description":"Prot\u00e9gez votre entreprise","publisher":{"@id":"https:\/\/telepolice.be\/#organization"},"potentialAction":[{"@type":"SearchAction","target":{"@type":"EntryPoint","urlTemplate":"https:\/\/telepolice.be\/?s={search_term_string}"},"query-input":{"@type":"PropertyValueSpecification","valueRequired":true,"valueName":"search_term_string"}}],"inLanguage":"fr-FR"},{"@type":"Organization","@id":"https:\/\/telepolice.be\/#organization","name":"TELE POLICE","url":"https:\/\/telepolice.be\/","logo":{"@type":"ImageObject","inLanguage":"fr-FR","@id":"https:\/\/telepolice.be\/#\/schema\/logo\/image\/","url":"https:\/\/telepolice.be\/wp-content\/uploads\/2019\/04\/cropped-logotelepolice-3.png","contentUrl":"https:\/\/telepolice.be\/wp-content\/uploads\/2019\/04\/cropped-logotelepolice-3.png","width":408,"height":65,"caption":"TELE POLICE"},"image":{"@id":"https:\/\/telepolice.be\/#\/schema\/logo\/image\/"}},{"@type":"Person","@id":"https:\/\/telepolice.be\/#\/schema\/person\/ca479b77454640f8f918dd017bd028bf","name":"admin","image":{"@type":"ImageObject","inLanguage":"fr-FR","@id":"https:\/\/secure.gravatar.com\/avatar\/dd9167fd60efcd6c24559ffa4f391e918347b9cf398a5593e29d658b4ae5d443?s=96&d=mm&r=g","url":"https:\/\/secure.gravatar.com\/avatar\/dd9167fd60efcd6c24559ffa4f391e918347b9cf398a5593e29d658b4ae5d443?s=96&d=mm&r=g","contentUrl":"https:\/\/secure.gravatar.com\/avatar\/dd9167fd60efcd6c24559ffa4f391e918347b9cf398a5593e29d658b4ae5d443?s=96&d=mm&r=g","caption":"admin"},"url":"https:\/\/telepolice.be\/index.php\/author\/web_telepolice\/"}]}},"_links":{"self":[{"href":"https:\/\/telepolice.be\/index.php\/wp-json\/wp\/v2\/posts\/1757","targetHints":{"allow":["GET"]}}],"collection":[{"href":"https:\/\/telepolice.be\/index.php\/wp-json\/wp\/v2\/posts"}],"about":[{"href":"https:\/\/telepolice.be\/index.php\/wp-json\/wp\/v2\/types\/post"}],"author":[{"embeddable":true,"href":"https:\/\/telepolice.be\/index.php\/wp-json\/wp\/v2\/users\/1"}],"replies":[{"embeddable":true,"href":"https:\/\/telepolice.be\/index.php\/wp-json\/wp\/v2\/comments?post=1757"}],"version-history":[{"count":2,"href":"https:\/\/telepolice.be\/index.php\/wp-json\/wp\/v2\/posts\/1757\/revisions"}],"predecessor-version":[{"id":2637,"href":"https:\/\/telepolice.be\/index.php\/wp-json\/wp\/v2\/posts\/1757\/revisions\/2637"}],"wp:attachment":[{"href":"https:\/\/telepolice.be\/index.php\/wp-json\/wp\/v2\/media?parent=1757"}],"wp:term":[{"taxonomy":"category","embeddable":true,"href":"https:\/\/telepolice.be\/index.php\/wp-json\/wp\/v2\/categories?post=1757"},{"taxonomy":"post_tag","embeddable":true,"href":"https:\/\/telepolice.be\/index.php\/wp-json\/wp\/v2\/tags?post=1757"}],"curies":[{"name":"wp","href":"https:\/\/api.w.org\/{rel}","templated":true}]}}