{"id":1756,"date":"2019-04-01T11:15:37","date_gmt":"2019-04-01T11:15:37","guid":{"rendered":"https:\/\/telepolice.be\/index.php\/2019\/04\/01\/telepolice-vision-dans-sa-salle-daudience-il-sagit-dune-premiere-en-belgique\/"},"modified":"2019-05-09T12:04:04","modified_gmt":"2019-05-09T10:04:04","slug":"telepolice-visie-in-sa-salle-dhearing-il-sagit-dune-premiere-en-belgique","status":"publish","type":"post","link":"https:\/\/telepolice.be\/index.php\/nl\/2019\/04\/01\/telepolice-visie-in-sa-salle-dhearing-il-sagit-dune-premiere-en-belgique\/","title":{"rendered":"Telepolice Vision in zijn rechtszaal."},"content":{"rendered":"<div id=\"wrap_illu\">\n<p style=\"text-align: right;\">Damien Caumiant<\/p>\n<p style=\"text-align: right;\"><span style=\"background-color: transparent;\">N.C<\/span><\/p>\n<\/div>\n<p class=\"st_signature\" style=\"text-align: right;\">Vrijdag 28 Oktober 2011<\/p>\n<blockquote class=\"chapeau\"><p>Vrederechter van Schaarbeek Eric Dierickx, die klaagde over de dood bedreigd te worden, heeft gedurende een week geprofiteerd van een bewakingscamerasysteem \u00ab\u00a0Telepolice Vision\u00a0\u00bb in zijn rechtszaal. Dit is een primeur in Belgi\u00eb, zegt het dagblad.<\/p><\/blockquote>\n<p>Het is de DH die de informatie onthult. Rechter Eric Dierickx, die meerdere keren bedreigd was, kondigde aan dat hij niet zou gaan zitten als hij geen politieaanwezigheid kreeg. Het was uiteindelijk de installatie van een bewakingscamera die was geselecteerd. De SPF Justice heeft niet het benodigde budget, de camera is gratis ge\u00efnstalleerd ten koste van het bedrijf dat het systeem op de markt brengt, een bedrijf met het hoofdkantoor in New York, kan lezen in het laatste uur.<\/p>\n<p>De camera is verbonden met een systeem dat rechtstreeks wordt beheerd door de politie van het gebied Brussel-Noord. Meer dan duizend winkels in Walloni\u00eb en Brussel zijn uitgerust met een dergelijk systeem, maar dit is de eerste keer dat een camera van dit type in een rechtszaal wordt ge\u00efnstalleerd. De camera is gericht op de rechter en niet op het publiek, zegt de krant. Het wordt alleen geactiveerd in geval van gevaar.<\/p>\n","protected":false},"excerpt":{"rendered":"<p>Damien Caumiant N.C Vrijdag 28 Oktober 2011 Vrederechter van Schaarbeek Eric Dierickx, die klaagde over de dood bedreigd te worden, heeft gedurende een week geprofiteerd van een bewakingscamerasysteem \u00ab\u00a0Telepolice Vision\u00a0\u00bb in zijn rechtszaal. Dit is een primeur in Belgi\u00eb, zegt het dagblad. Het is de DH die de informatie onthult. Rechter Eric Dierickx, die meerdere&hellip; <br \/> <a class=\"read-more\" href=\"https:\/\/telepolice.be\/index.php\/nl\/2019\/04\/01\/telepolice-visie-in-sa-salle-dhearing-il-sagit-dune-premiere-en-belgique\/\">Lire la suite<\/a><\/p>\n","protected":false},"author":1,"featured_media":0,"comment_status":"open","ping_status":"closed","sticky":false,"template":"","format":"standard","meta":{"footnotes":""},"categories":[44],"tags":[],"class_list":["post-1756","post","type-post","status-publish","format-standard","hentry","category-persoverzicht"],"yoast_head":"<!-- This site is optimized with the Yoast SEO plugin v27.5 - https:\/\/yoast.com\/product\/yoast-seo-wordpress\/ -->\n<title>Telepolice Vision in zijn rechtszaal. - TELEPOLICE<\/title>\n<meta name=\"robots\" content=\"index, follow, max-snippet:-1, max-image-preview:large, max-video-preview:-1\" \/>\n<link rel=\"canonical\" href=\"https:\/\/telepolice.be\/index.php\/nl\/2019\/04\/01\/telepolice-visie-in-sa-salle-dhearing-il-sagit-dune-premiere-en-belgique\/\" \/>\n<meta property=\"og:locale\" content=\"fr_FR\" \/>\n<meta property=\"og:type\" content=\"article\" \/>\n<meta property=\"og:title\" content=\"Telepolice Vision in zijn rechtszaal. - TELEPOLICE\" \/>\n<meta property=\"og:description\" content=\"Damien Caumiant N.C Vrijdag 28 Oktober 2011 Vrederechter van Schaarbeek Eric Dierickx, die klaagde over de dood bedreigd te worden, heeft gedurende een week geprofiteerd van een bewakingscamerasysteem \u00ab\u00a0Telepolice Vision\u00a0\u00bb in zijn rechtszaal. Dit is een primeur in Belgi\u00eb, zegt het dagblad. Het is de DH die de informatie onthult. Rechter Eric Dierickx, die meerdere&hellip; Lire la suite\" \/>\n<meta property=\"og:url\" content=\"https:\/\/telepolice.be\/index.php\/nl\/2019\/04\/01\/telepolice-visie-in-sa-salle-dhearing-il-sagit-dune-premiere-en-belgique\/\" \/>\n<meta property=\"og:site_name\" content=\"TELEPOLICE\" \/>\n<meta property=\"article:published_time\" content=\"2019-04-01T11:15:37+00:00\" \/>\n<meta property=\"article:modified_time\" content=\"2019-05-09T10:04:04+00:00\" \/>\n<meta name=\"author\" content=\"admin\" \/>\n<meta name=\"twitter:card\" content=\"summary_large_image\" \/>\n<meta name=\"twitter:label1\" content=\"\u00c9crit par\" \/>\n\t<meta name=\"twitter:data1\" content=\"admin\" \/>\n\t<meta name=\"twitter:label2\" content=\"Dur\u00e9e de lecture estim\u00e9e\" \/>\n\t<meta name=\"twitter:data2\" content=\"1 minute\" \/>\n<script type=\"application\/ld+json\" class=\"yoast-schema-graph\">{\"@context\":\"https:\\\/\\\/schema.org\",\"@graph\":[{\"@type\":\"Article\",\"@id\":\"https:\\\/\\\/telepolice.be\\\/index.php\\\/nl\\\/2019\\\/04\\\/01\\\/telepolice-visie-in-sa-salle-dhearing-il-sagit-dune-premiere-en-belgique\\\/#article\",\"isPartOf\":{\"@id\":\"https:\\\/\\\/telepolice.be\\\/index.php\\\/nl\\\/2019\\\/04\\\/01\\\/telepolice-visie-in-sa-salle-dhearing-il-sagit-dune-premiere-en-belgique\\\/\"},\"author\":{\"name\":\"admin\",\"@id\":\"https:\\\/\\\/telepolice.be\\\/#\\\/schema\\\/person\\\/ca479b77454640f8f918dd017bd028bf\"},\"headline\":\"Telepolice Vision in zijn rechtszaal.\",\"datePublished\":\"2019-04-01T11:15:37+00:00\",\"dateModified\":\"2019-05-09T10:04:04+00:00\",\"mainEntityOfPage\":{\"@id\":\"https:\\\/\\\/telepolice.be\\\/index.php\\\/nl\\\/2019\\\/04\\\/01\\\/telepolice-visie-in-sa-salle-dhearing-il-sagit-dune-premiere-en-belgique\\\/\"},\"wordCount\":199,\"commentCount\":0,\"publisher\":{\"@id\":\"https:\\\/\\\/telepolice.be\\\/#organization\"},\"articleSection\":[\"Persoverzicht\"],\"inLanguage\":\"fr-FR\",\"potentialAction\":[{\"@type\":\"CommentAction\",\"name\":\"Comment\",\"target\":[\"https:\\\/\\\/telepolice.be\\\/index.php\\\/nl\\\/2019\\\/04\\\/01\\\/telepolice-visie-in-sa-salle-dhearing-il-sagit-dune-premiere-en-belgique\\\/#respond\"]}]},{\"@type\":\"WebPage\",\"@id\":\"https:\\\/\\\/telepolice.be\\\/index.php\\\/nl\\\/2019\\\/04\\\/01\\\/telepolice-visie-in-sa-salle-dhearing-il-sagit-dune-premiere-en-belgique\\\/\",\"url\":\"https:\\\/\\\/telepolice.be\\\/index.php\\\/nl\\\/2019\\\/04\\\/01\\\/telepolice-visie-in-sa-salle-dhearing-il-sagit-dune-premiere-en-belgique\\\/\",\"name\":\"Telepolice Vision in zijn rechtszaal. - TELEPOLICE\",\"isPartOf\":{\"@id\":\"https:\\\/\\\/telepolice.be\\\/#website\"},\"datePublished\":\"2019-04-01T11:15:37+00:00\",\"dateModified\":\"2019-05-09T10:04:04+00:00\",\"breadcrumb\":{\"@id\":\"https:\\\/\\\/telepolice.be\\\/index.php\\\/nl\\\/2019\\\/04\\\/01\\\/telepolice-visie-in-sa-salle-dhearing-il-sagit-dune-premiere-en-belgique\\\/#breadcrumb\"},\"inLanguage\":\"fr-FR\",\"potentialAction\":[{\"@type\":\"ReadAction\",\"target\":[\"https:\\\/\\\/telepolice.be\\\/index.php\\\/nl\\\/2019\\\/04\\\/01\\\/telepolice-visie-in-sa-salle-dhearing-il-sagit-dune-premiere-en-belgique\\\/\"]}]},{\"@type\":\"BreadcrumbList\",\"@id\":\"https:\\\/\\\/telepolice.be\\\/index.php\\\/nl\\\/2019\\\/04\\\/01\\\/telepolice-visie-in-sa-salle-dhearing-il-sagit-dune-premiere-en-belgique\\\/#breadcrumb\",\"itemListElement\":[{\"@type\":\"ListItem\",\"position\":1,\"name\":\"Accueil\",\"item\":\"https:\\\/\\\/telepolice.be\\\/\"},{\"@type\":\"ListItem\",\"position\":2,\"name\":\"Telepolice Vision in zijn rechtszaal.\"}]},{\"@type\":\"WebSite\",\"@id\":\"https:\\\/\\\/telepolice.be\\\/#website\",\"url\":\"https:\\\/\\\/telepolice.be\\\/\",\"name\":\"TELEPOLICE\",\"description\":\"Prot\u00e9gez votre entreprise\",\"publisher\":{\"@id\":\"https:\\\/\\\/telepolice.be\\\/#organization\"},\"potentialAction\":[{\"@type\":\"SearchAction\",\"target\":{\"@type\":\"EntryPoint\",\"urlTemplate\":\"https:\\\/\\\/telepolice.be\\\/?s={search_term_string}\"},\"query-input\":{\"@type\":\"PropertyValueSpecification\",\"valueRequired\":true,\"valueName\":\"search_term_string\"}}],\"inLanguage\":\"fr-FR\"},{\"@type\":\"Organization\",\"@id\":\"https:\\\/\\\/telepolice.be\\\/#organization\",\"name\":\"TELE POLICE\",\"url\":\"https:\\\/\\\/telepolice.be\\\/\",\"logo\":{\"@type\":\"ImageObject\",\"inLanguage\":\"fr-FR\",\"@id\":\"https:\\\/\\\/telepolice.be\\\/#\\\/schema\\\/logo\\\/image\\\/\",\"url\":\"https:\\\/\\\/telepolice.be\\\/wp-content\\\/uploads\\\/2019\\\/04\\\/cropped-logotelepolice-3.png\",\"contentUrl\":\"https:\\\/\\\/telepolice.be\\\/wp-content\\\/uploads\\\/2019\\\/04\\\/cropped-logotelepolice-3.png\",\"width\":408,\"height\":65,\"caption\":\"TELE POLICE\"},\"image\":{\"@id\":\"https:\\\/\\\/telepolice.be\\\/#\\\/schema\\\/logo\\\/image\\\/\"}},{\"@type\":\"Person\",\"@id\":\"https:\\\/\\\/telepolice.be\\\/#\\\/schema\\\/person\\\/ca479b77454640f8f918dd017bd028bf\",\"name\":\"admin\",\"image\":{\"@type\":\"ImageObject\",\"inLanguage\":\"fr-FR\",\"@id\":\"https:\\\/\\\/secure.gravatar.com\\\/avatar\\\/dd9167fd60efcd6c24559ffa4f391e918347b9cf398a5593e29d658b4ae5d443?s=96&d=mm&r=g\",\"url\":\"https:\\\/\\\/secure.gravatar.com\\\/avatar\\\/dd9167fd60efcd6c24559ffa4f391e918347b9cf398a5593e29d658b4ae5d443?s=96&d=mm&r=g\",\"contentUrl\":\"https:\\\/\\\/secure.gravatar.com\\\/avatar\\\/dd9167fd60efcd6c24559ffa4f391e918347b9cf398a5593e29d658b4ae5d443?s=96&d=mm&r=g\",\"caption\":\"admin\"},\"url\":\"https:\\\/\\\/telepolice.be\\\/index.php\\\/author\\\/web_telepolice\\\/\"}]}<\/script>\n<!-- \/ Yoast SEO plugin. -->","yoast_head_json":{"title":"Telepolice Vision in zijn rechtszaal. - TELEPOLICE","robots":{"index":"index","follow":"follow","max-snippet":"max-snippet:-1","max-image-preview":"max-image-preview:large","max-video-preview":"max-video-preview:-1"},"canonical":"https:\/\/telepolice.be\/index.php\/nl\/2019\/04\/01\/telepolice-visie-in-sa-salle-dhearing-il-sagit-dune-premiere-en-belgique\/","og_locale":"fr_FR","og_type":"article","og_title":"Telepolice Vision in zijn rechtszaal. - TELEPOLICE","og_description":"Damien Caumiant N.C Vrijdag 28 Oktober 2011 Vrederechter van Schaarbeek Eric Dierickx, die klaagde over de dood bedreigd te worden, heeft gedurende een week geprofiteerd van een bewakingscamerasysteem \u00ab\u00a0Telepolice Vision\u00a0\u00bb in zijn rechtszaal. Dit is een primeur in Belgi\u00eb, zegt het dagblad. Het is de DH die de informatie onthult. Rechter Eric Dierickx, die meerdere&hellip; Lire la suite","og_url":"https:\/\/telepolice.be\/index.php\/nl\/2019\/04\/01\/telepolice-visie-in-sa-salle-dhearing-il-sagit-dune-premiere-en-belgique\/","og_site_name":"TELEPOLICE","article_published_time":"2019-04-01T11:15:37+00:00","article_modified_time":"2019-05-09T10:04:04+00:00","author":"admin","twitter_card":"summary_large_image","twitter_misc":{"\u00c9crit par":"admin","Dur\u00e9e de lecture estim\u00e9e":"1 minute"},"schema":{"@context":"https:\/\/schema.org","@graph":[{"@type":"Article","@id":"https:\/\/telepolice.be\/index.php\/nl\/2019\/04\/01\/telepolice-visie-in-sa-salle-dhearing-il-sagit-dune-premiere-en-belgique\/#article","isPartOf":{"@id":"https:\/\/telepolice.be\/index.php\/nl\/2019\/04\/01\/telepolice-visie-in-sa-salle-dhearing-il-sagit-dune-premiere-en-belgique\/"},"author":{"name":"admin","@id":"https:\/\/telepolice.be\/#\/schema\/person\/ca479b77454640f8f918dd017bd028bf"},"headline":"Telepolice Vision in zijn rechtszaal.","datePublished":"2019-04-01T11:15:37+00:00","dateModified":"2019-05-09T10:04:04+00:00","mainEntityOfPage":{"@id":"https:\/\/telepolice.be\/index.php\/nl\/2019\/04\/01\/telepolice-visie-in-sa-salle-dhearing-il-sagit-dune-premiere-en-belgique\/"},"wordCount":199,"commentCount":0,"publisher":{"@id":"https:\/\/telepolice.be\/#organization"},"articleSection":["Persoverzicht"],"inLanguage":"fr-FR","potentialAction":[{"@type":"CommentAction","name":"Comment","target":["https:\/\/telepolice.be\/index.php\/nl\/2019\/04\/01\/telepolice-visie-in-sa-salle-dhearing-il-sagit-dune-premiere-en-belgique\/#respond"]}]},{"@type":"WebPage","@id":"https:\/\/telepolice.be\/index.php\/nl\/2019\/04\/01\/telepolice-visie-in-sa-salle-dhearing-il-sagit-dune-premiere-en-belgique\/","url":"https:\/\/telepolice.be\/index.php\/nl\/2019\/04\/01\/telepolice-visie-in-sa-salle-dhearing-il-sagit-dune-premiere-en-belgique\/","name":"Telepolice Vision in zijn rechtszaal. - TELEPOLICE","isPartOf":{"@id":"https:\/\/telepolice.be\/#website"},"datePublished":"2019-04-01T11:15:37+00:00","dateModified":"2019-05-09T10:04:04+00:00","breadcrumb":{"@id":"https:\/\/telepolice.be\/index.php\/nl\/2019\/04\/01\/telepolice-visie-in-sa-salle-dhearing-il-sagit-dune-premiere-en-belgique\/#breadcrumb"},"inLanguage":"fr-FR","potentialAction":[{"@type":"ReadAction","target":["https:\/\/telepolice.be\/index.php\/nl\/2019\/04\/01\/telepolice-visie-in-sa-salle-dhearing-il-sagit-dune-premiere-en-belgique\/"]}]},{"@type":"BreadcrumbList","@id":"https:\/\/telepolice.be\/index.php\/nl\/2019\/04\/01\/telepolice-visie-in-sa-salle-dhearing-il-sagit-dune-premiere-en-belgique\/#breadcrumb","itemListElement":[{"@type":"ListItem","position":1,"name":"Accueil","item":"https:\/\/telepolice.be\/"},{"@type":"ListItem","position":2,"name":"Telepolice Vision in zijn rechtszaal."}]},{"@type":"WebSite","@id":"https:\/\/telepolice.be\/#website","url":"https:\/\/telepolice.be\/","name":"TELEPOLICE","description":"Prot\u00e9gez votre entreprise","publisher":{"@id":"https:\/\/telepolice.be\/#organization"},"potentialAction":[{"@type":"SearchAction","target":{"@type":"EntryPoint","urlTemplate":"https:\/\/telepolice.be\/?s={search_term_string}"},"query-input":{"@type":"PropertyValueSpecification","valueRequired":true,"valueName":"search_term_string"}}],"inLanguage":"fr-FR"},{"@type":"Organization","@id":"https:\/\/telepolice.be\/#organization","name":"TELE POLICE","url":"https:\/\/telepolice.be\/","logo":{"@type":"ImageObject","inLanguage":"fr-FR","@id":"https:\/\/telepolice.be\/#\/schema\/logo\/image\/","url":"https:\/\/telepolice.be\/wp-content\/uploads\/2019\/04\/cropped-logotelepolice-3.png","contentUrl":"https:\/\/telepolice.be\/wp-content\/uploads\/2019\/04\/cropped-logotelepolice-3.png","width":408,"height":65,"caption":"TELE POLICE"},"image":{"@id":"https:\/\/telepolice.be\/#\/schema\/logo\/image\/"}},{"@type":"Person","@id":"https:\/\/telepolice.be\/#\/schema\/person\/ca479b77454640f8f918dd017bd028bf","name":"admin","image":{"@type":"ImageObject","inLanguage":"fr-FR","@id":"https:\/\/secure.gravatar.com\/avatar\/dd9167fd60efcd6c24559ffa4f391e918347b9cf398a5593e29d658b4ae5d443?s=96&d=mm&r=g","url":"https:\/\/secure.gravatar.com\/avatar\/dd9167fd60efcd6c24559ffa4f391e918347b9cf398a5593e29d658b4ae5d443?s=96&d=mm&r=g","contentUrl":"https:\/\/secure.gravatar.com\/avatar\/dd9167fd60efcd6c24559ffa4f391e918347b9cf398a5593e29d658b4ae5d443?s=96&d=mm&r=g","caption":"admin"},"url":"https:\/\/telepolice.be\/index.php\/author\/web_telepolice\/"}]}},"_links":{"self":[{"href":"https:\/\/telepolice.be\/index.php\/wp-json\/wp\/v2\/posts\/1756","targetHints":{"allow":["GET"]}}],"collection":[{"href":"https:\/\/telepolice.be\/index.php\/wp-json\/wp\/v2\/posts"}],"about":[{"href":"https:\/\/telepolice.be\/index.php\/wp-json\/wp\/v2\/types\/post"}],"author":[{"embeddable":true,"href":"https:\/\/telepolice.be\/index.php\/wp-json\/wp\/v2\/users\/1"}],"replies":[{"embeddable":true,"href":"https:\/\/telepolice.be\/index.php\/wp-json\/wp\/v2\/comments?post=1756"}],"version-history":[{"count":2,"href":"https:\/\/telepolice.be\/index.php\/wp-json\/wp\/v2\/posts\/1756\/revisions"}],"predecessor-version":[{"id":2643,"href":"https:\/\/telepolice.be\/index.php\/wp-json\/wp\/v2\/posts\/1756\/revisions\/2643"}],"wp:attachment":[{"href":"https:\/\/telepolice.be\/index.php\/wp-json\/wp\/v2\/media?parent=1756"}],"wp:term":[{"taxonomy":"category","embeddable":true,"href":"https:\/\/telepolice.be\/index.php\/wp-json\/wp\/v2\/categories?post=1756"},{"taxonomy":"post_tag","embeddable":true,"href":"https:\/\/telepolice.be\/index.php\/wp-json\/wp\/v2\/tags?post=1756"}],"curies":[{"name":"wp","href":"https:\/\/api.w.org\/{rel}","templated":true}]}}