{"id":1754,"date":"2019-04-01T11:15:46","date_gmt":"2019-04-01T09:15:46","guid":{"rendered":"https:\/\/telepolice.be\/index.php\/2019\/04\/01\/telepolice-vision-a-la-zone-midi\/"},"modified":"2019-04-18T19:03:50","modified_gmt":"2019-04-18T17:03:50","slug":"telepolice-visie-a-la-zone-midi","status":"publish","type":"post","link":"https:\/\/telepolice.be\/index.php\/nl\/2019\/04\/01\/telepolice-visie-a-la-zone-midi\/","title":{"rendered":"De visie van de telepolice aan de streek van MIDI"},"content":{"rendered":"<h4><img loading=\"lazy\" decoding=\"async\" class=\"alignleft size-medium wp-image-935\" src=\"https:\/\/telepolice.be\/wp-content\/uploads\/2019\/04\/LOGO-DH-300x102.png\" alt=\"\" width=\"300\" height=\"102\" srcset=\"https:\/\/telepolice.be\/wp-content\/uploads\/2019\/04\/LOGO-DH-300x102.png 300w, https:\/\/telepolice.be\/wp-content\/uploads\/2019\/04\/LOGO-DH.png 308w\" sizes=\"auto, (max-width: 300px) 100vw, 300px\" \/><\/h4>\n<h4>Telepolice verleidt in het Brussels Gewest acht dagen na de tragedie van Tubize<\/h4>\n<p><strong>BRUSSEL<\/strong> Acht dagen na de tragedie van Tubize neemt de politiezone Brussel-Midi het telemonitoringsysteem van TelePolice Vision voor handelaren aan en deze technologie zal volgens het bedrijf de komende dagen worden ge\u00efnstalleerd, \u00ab\u00a0misschien zelfs volgende week \u00ab\u00a0, in afwachting van het einde van het jaarvieringen, een periode die als vruchtbaar wordt beschouwd in een gewapende overval.<\/p>\n<p>Het besluit om het systeem aan te nemen is het hoogtepunt, gistermiddag, van een klassieke procedure voor offertes die door de politie-universiteit is gestart.<\/p>\n<p>De politiezone Midi die de gemeenten bestrijkt &#8211; en waarvan de beslissing de gevestigde handelaars zal interesseren &#8211; Anderlecht, Bos en Sint-Gillis wordt de derde in het Brussels Gewest om te kiezen voor dit systeem na de zone Brussel-Noord (Schaarbeek, Sint -Josse en Evere) en de politie van Marlow over Oudergem, Watermaal-Bosvoorde en Ukkel.<\/p>\n<p>De goedkeuring van TelePolice Vision in Ukkel is onmiddellijk na de tragedie in Ukkel begin maart 2010 op Vanderkindere Street. En na de juwelierszaak Rubin, die de eerste was om het te adopteren, zijn bijna alle juwelen in Ukkel nu verbonden.<\/p>\n<p>Het systeem verspreidt zich ook in Walloni\u00eb (Charleroi, Bergen, Nijvel, Ciney, enz.).<\/p>\n<p>In totaal profiteren meer dan duizend handelaars in Belgi\u00eb van de visie van TelePolice en de balans is dat op dit duizendtal afschrikking wordt uitgelegd dat er slechts vier zijn aangewezen. En de effectiviteit ervan is bewezen sinds de auteurs werden gearresteerd in drie van de vier gevallen.<\/p>\n<p>Twee politiezones in het Brussels Gewest zijn niet ge\u00efnteresseerd in het systeem: Brussel-West (Molenbeek, Sint-Agatha-Berchem, Ganshoren, Jette en Koekelberg) en Brussel-Elsene, waarvan het verouderde telepolice van de jaren negentig simpelweg wordt verbroken, omdat de onthulde deze zomer de moord op een juwelier uit de rue du Midi.<\/p>\n<p>De kosten voor de handelaar bedragen \u20ac 54,90 per maand (aftrekbaar tot 120% voor professionele uitgaven als onderdeel van beveiligingsmaatregelen van de overheid).<\/p>\n<p>De goedkeuring gisteren TelePolice Vision werd verwacht \u00ab\u00a0door tientallen handelaars\u00a0\u00bb in Anderlecht, Vorst en Sint-Gillis.<\/p>\n<p><a href=\"https:\/\/www.dhnet.be\/archive\/telepolice-vision-a-la-zone-midi-51b7e4fae4b0de6db995b371\"><b>Gilbert Dupont<\/b><\/a><\/p>\n<p><a href=\"https:\/\/www.dhnet.be\/archive\/telepolice-vision-a-la-zone-midi-51b7e4fae4b0de6db995b371\"><b>\u00a0<\/b><\/a><\/p>\n","protected":false},"excerpt":{"rendered":"<p>Telepolice verleidt in het Brussels Gewest acht dagen na de tragedie van Tubize BRUSSEL Acht dagen na de tragedie van Tubize neemt de politiezone Brussel-Midi het telemonitoringsysteem van TelePolice Vision voor handelaren aan en deze technologie zal volgens het bedrijf de komende dagen worden ge\u00efnstalleerd, \u00ab\u00a0misschien zelfs volgende week \u00ab\u00a0, in afwachting van het einde&hellip; <br \/> <a class=\"read-more\" href=\"https:\/\/telepolice.be\/index.php\/nl\/2019\/04\/01\/telepolice-visie-a-la-zone-midi\/\">Lire la suite<\/a><\/p>\n","protected":false},"author":1,"featured_media":0,"comment_status":"open","ping_status":"closed","sticky":false,"template":"","format":"standard","meta":{"footnotes":""},"categories":[44],"tags":[],"class_list":["post-1754","post","type-post","status-publish","format-standard","hentry","category-persoverzicht"],"yoast_head":"<!-- This site is optimized with the Yoast SEO plugin v27.5 - https:\/\/yoast.com\/product\/yoast-seo-wordpress\/ -->\n<title>De visie van de telepolice aan de streek van MIDI - TELEPOLICE<\/title>\n<meta name=\"robots\" content=\"index, follow, max-snippet:-1, max-image-preview:large, max-video-preview:-1\" \/>\n<link rel=\"canonical\" href=\"https:\/\/telepolice.be\/index.php\/nl\/2019\/04\/01\/telepolice-visie-a-la-zone-midi\/\" \/>\n<meta property=\"og:locale\" content=\"fr_FR\" \/>\n<meta property=\"og:type\" content=\"article\" \/>\n<meta property=\"og:title\" content=\"De visie van de telepolice aan de streek van MIDI - TELEPOLICE\" \/>\n<meta property=\"og:description\" content=\"Telepolice verleidt in het Brussels Gewest acht dagen na de tragedie van Tubize BRUSSEL Acht dagen na de tragedie van Tubize neemt de politiezone Brussel-Midi het telemonitoringsysteem van TelePolice Vision voor handelaren aan en deze technologie zal volgens het bedrijf de komende dagen worden ge\u00efnstalleerd, \u00ab\u00a0misschien zelfs volgende week \u00ab\u00a0, in afwachting van het einde&hellip; Lire la suite\" \/>\n<meta property=\"og:url\" content=\"https:\/\/telepolice.be\/index.php\/nl\/2019\/04\/01\/telepolice-visie-a-la-zone-midi\/\" \/>\n<meta property=\"og:site_name\" content=\"TELEPOLICE\" \/>\n<meta property=\"article:published_time\" content=\"2019-04-01T09:15:46+00:00\" \/>\n<meta property=\"article:modified_time\" content=\"2019-04-18T17:03:50+00:00\" \/>\n<meta property=\"og:image\" content=\"https:\/\/telepolice.be\/wp-content\/uploads\/2019\/04\/LOGO-DH-300x102.png\" \/>\n<meta name=\"author\" content=\"admin\" \/>\n<meta name=\"twitter:card\" content=\"summary_large_image\" \/>\n<meta name=\"twitter:label1\" content=\"\u00c9crit par\" \/>\n\t<meta name=\"twitter:data1\" content=\"admin\" \/>\n\t<meta name=\"twitter:label2\" content=\"Dur\u00e9e de lecture estim\u00e9e\" \/>\n\t<meta name=\"twitter:data2\" content=\"2 minutes\" \/>\n<script type=\"application\/ld+json\" class=\"yoast-schema-graph\">{\"@context\":\"https:\\\/\\\/schema.org\",\"@graph\":[{\"@type\":\"Article\",\"@id\":\"https:\\\/\\\/telepolice.be\\\/index.php\\\/nl\\\/2019\\\/04\\\/01\\\/telepolice-visie-a-la-zone-midi\\\/#article\",\"isPartOf\":{\"@id\":\"https:\\\/\\\/telepolice.be\\\/index.php\\\/nl\\\/2019\\\/04\\\/01\\\/telepolice-visie-a-la-zone-midi\\\/\"},\"author\":{\"name\":\"admin\",\"@id\":\"https:\\\/\\\/telepolice.be\\\/#\\\/schema\\\/person\\\/ca479b77454640f8f918dd017bd028bf\"},\"headline\":\"De visie van de telepolice aan de streek van MIDI\",\"datePublished\":\"2019-04-01T09:15:46+00:00\",\"dateModified\":\"2019-04-18T17:03:50+00:00\",\"mainEntityOfPage\":{\"@id\":\"https:\\\/\\\/telepolice.be\\\/index.php\\\/nl\\\/2019\\\/04\\\/01\\\/telepolice-visie-a-la-zone-midi\\\/\"},\"wordCount\":342,\"commentCount\":0,\"publisher\":{\"@id\":\"https:\\\/\\\/telepolice.be\\\/#organization\"},\"image\":{\"@id\":\"https:\\\/\\\/telepolice.be\\\/index.php\\\/nl\\\/2019\\\/04\\\/01\\\/telepolice-visie-a-la-zone-midi\\\/#primaryimage\"},\"thumbnailUrl\":\"https:\\\/\\\/telepolice.be\\\/wp-content\\\/uploads\\\/2019\\\/04\\\/LOGO-DH-300x102.png\",\"articleSection\":[\"Persoverzicht\"],\"inLanguage\":\"fr-FR\",\"potentialAction\":[{\"@type\":\"CommentAction\",\"name\":\"Comment\",\"target\":[\"https:\\\/\\\/telepolice.be\\\/index.php\\\/nl\\\/2019\\\/04\\\/01\\\/telepolice-visie-a-la-zone-midi\\\/#respond\"]}]},{\"@type\":\"WebPage\",\"@id\":\"https:\\\/\\\/telepolice.be\\\/index.php\\\/nl\\\/2019\\\/04\\\/01\\\/telepolice-visie-a-la-zone-midi\\\/\",\"url\":\"https:\\\/\\\/telepolice.be\\\/index.php\\\/nl\\\/2019\\\/04\\\/01\\\/telepolice-visie-a-la-zone-midi\\\/\",\"name\":\"De visie van de telepolice aan de streek van MIDI - TELEPOLICE\",\"isPartOf\":{\"@id\":\"https:\\\/\\\/telepolice.be\\\/#website\"},\"primaryImageOfPage\":{\"@id\":\"https:\\\/\\\/telepolice.be\\\/index.php\\\/nl\\\/2019\\\/04\\\/01\\\/telepolice-visie-a-la-zone-midi\\\/#primaryimage\"},\"image\":{\"@id\":\"https:\\\/\\\/telepolice.be\\\/index.php\\\/nl\\\/2019\\\/04\\\/01\\\/telepolice-visie-a-la-zone-midi\\\/#primaryimage\"},\"thumbnailUrl\":\"https:\\\/\\\/telepolice.be\\\/wp-content\\\/uploads\\\/2019\\\/04\\\/LOGO-DH-300x102.png\",\"datePublished\":\"2019-04-01T09:15:46+00:00\",\"dateModified\":\"2019-04-18T17:03:50+00:00\",\"breadcrumb\":{\"@id\":\"https:\\\/\\\/telepolice.be\\\/index.php\\\/nl\\\/2019\\\/04\\\/01\\\/telepolice-visie-a-la-zone-midi\\\/#breadcrumb\"},\"inLanguage\":\"fr-FR\",\"potentialAction\":[{\"@type\":\"ReadAction\",\"target\":[\"https:\\\/\\\/telepolice.be\\\/index.php\\\/nl\\\/2019\\\/04\\\/01\\\/telepolice-visie-a-la-zone-midi\\\/\"]}]},{\"@type\":\"ImageObject\",\"inLanguage\":\"fr-FR\",\"@id\":\"https:\\\/\\\/telepolice.be\\\/index.php\\\/nl\\\/2019\\\/04\\\/01\\\/telepolice-visie-a-la-zone-midi\\\/#primaryimage\",\"url\":\"https:\\\/\\\/telepolice.be\\\/wp-content\\\/uploads\\\/2019\\\/04\\\/LOGO-DH.png\",\"contentUrl\":\"https:\\\/\\\/telepolice.be\\\/wp-content\\\/uploads\\\/2019\\\/04\\\/LOGO-DH.png\",\"width\":308,\"height\":105},{\"@type\":\"BreadcrumbList\",\"@id\":\"https:\\\/\\\/telepolice.be\\\/index.php\\\/nl\\\/2019\\\/04\\\/01\\\/telepolice-visie-a-la-zone-midi\\\/#breadcrumb\",\"itemListElement\":[{\"@type\":\"ListItem\",\"position\":1,\"name\":\"Accueil\",\"item\":\"https:\\\/\\\/telepolice.be\\\/\"},{\"@type\":\"ListItem\",\"position\":2,\"name\":\"De visie van de telepolice aan de streek van MIDI\"}]},{\"@type\":\"WebSite\",\"@id\":\"https:\\\/\\\/telepolice.be\\\/#website\",\"url\":\"https:\\\/\\\/telepolice.be\\\/\",\"name\":\"TELEPOLICE\",\"description\":\"Prot\u00e9gez votre entreprise\",\"publisher\":{\"@id\":\"https:\\\/\\\/telepolice.be\\\/#organization\"},\"potentialAction\":[{\"@type\":\"SearchAction\",\"target\":{\"@type\":\"EntryPoint\",\"urlTemplate\":\"https:\\\/\\\/telepolice.be\\\/?s={search_term_string}\"},\"query-input\":{\"@type\":\"PropertyValueSpecification\",\"valueRequired\":true,\"valueName\":\"search_term_string\"}}],\"inLanguage\":\"fr-FR\"},{\"@type\":\"Organization\",\"@id\":\"https:\\\/\\\/telepolice.be\\\/#organization\",\"name\":\"TELE POLICE\",\"url\":\"https:\\\/\\\/telepolice.be\\\/\",\"logo\":{\"@type\":\"ImageObject\",\"inLanguage\":\"fr-FR\",\"@id\":\"https:\\\/\\\/telepolice.be\\\/#\\\/schema\\\/logo\\\/image\\\/\",\"url\":\"https:\\\/\\\/telepolice.be\\\/wp-content\\\/uploads\\\/2019\\\/04\\\/cropped-logotelepolice-3.png\",\"contentUrl\":\"https:\\\/\\\/telepolice.be\\\/wp-content\\\/uploads\\\/2019\\\/04\\\/cropped-logotelepolice-3.png\",\"width\":408,\"height\":65,\"caption\":\"TELE POLICE\"},\"image\":{\"@id\":\"https:\\\/\\\/telepolice.be\\\/#\\\/schema\\\/logo\\\/image\\\/\"}},{\"@type\":\"Person\",\"@id\":\"https:\\\/\\\/telepolice.be\\\/#\\\/schema\\\/person\\\/ca479b77454640f8f918dd017bd028bf\",\"name\":\"admin\",\"image\":{\"@type\":\"ImageObject\",\"inLanguage\":\"fr-FR\",\"@id\":\"https:\\\/\\\/secure.gravatar.com\\\/avatar\\\/dd9167fd60efcd6c24559ffa4f391e918347b9cf398a5593e29d658b4ae5d443?s=96&d=mm&r=g\",\"url\":\"https:\\\/\\\/secure.gravatar.com\\\/avatar\\\/dd9167fd60efcd6c24559ffa4f391e918347b9cf398a5593e29d658b4ae5d443?s=96&d=mm&r=g\",\"contentUrl\":\"https:\\\/\\\/secure.gravatar.com\\\/avatar\\\/dd9167fd60efcd6c24559ffa4f391e918347b9cf398a5593e29d658b4ae5d443?s=96&d=mm&r=g\",\"caption\":\"admin\"},\"url\":\"https:\\\/\\\/telepolice.be\\\/index.php\\\/author\\\/web_telepolice\\\/\"}]}<\/script>\n<!-- \/ Yoast SEO plugin. -->","yoast_head_json":{"title":"De visie van de telepolice aan de streek van MIDI - TELEPOLICE","robots":{"index":"index","follow":"follow","max-snippet":"max-snippet:-1","max-image-preview":"max-image-preview:large","max-video-preview":"max-video-preview:-1"},"canonical":"https:\/\/telepolice.be\/index.php\/nl\/2019\/04\/01\/telepolice-visie-a-la-zone-midi\/","og_locale":"fr_FR","og_type":"article","og_title":"De visie van de telepolice aan de streek van MIDI - TELEPOLICE","og_description":"Telepolice verleidt in het Brussels Gewest acht dagen na de tragedie van Tubize BRUSSEL Acht dagen na de tragedie van Tubize neemt de politiezone Brussel-Midi het telemonitoringsysteem van TelePolice Vision voor handelaren aan en deze technologie zal volgens het bedrijf de komende dagen worden ge\u00efnstalleerd, \u00ab\u00a0misschien zelfs volgende week \u00ab\u00a0, in afwachting van het einde&hellip; Lire la suite","og_url":"https:\/\/telepolice.be\/index.php\/nl\/2019\/04\/01\/telepolice-visie-a-la-zone-midi\/","og_site_name":"TELEPOLICE","article_published_time":"2019-04-01T09:15:46+00:00","article_modified_time":"2019-04-18T17:03:50+00:00","og_image":[{"url":"https:\/\/telepolice.be\/wp-content\/uploads\/2019\/04\/LOGO-DH-300x102.png","type":"","width":"","height":""}],"author":"admin","twitter_card":"summary_large_image","twitter_misc":{"\u00c9crit par":"admin","Dur\u00e9e de lecture estim\u00e9e":"2 minutes"},"schema":{"@context":"https:\/\/schema.org","@graph":[{"@type":"Article","@id":"https:\/\/telepolice.be\/index.php\/nl\/2019\/04\/01\/telepolice-visie-a-la-zone-midi\/#article","isPartOf":{"@id":"https:\/\/telepolice.be\/index.php\/nl\/2019\/04\/01\/telepolice-visie-a-la-zone-midi\/"},"author":{"name":"admin","@id":"https:\/\/telepolice.be\/#\/schema\/person\/ca479b77454640f8f918dd017bd028bf"},"headline":"De visie van de telepolice aan de streek van MIDI","datePublished":"2019-04-01T09:15:46+00:00","dateModified":"2019-04-18T17:03:50+00:00","mainEntityOfPage":{"@id":"https:\/\/telepolice.be\/index.php\/nl\/2019\/04\/01\/telepolice-visie-a-la-zone-midi\/"},"wordCount":342,"commentCount":0,"publisher":{"@id":"https:\/\/telepolice.be\/#organization"},"image":{"@id":"https:\/\/telepolice.be\/index.php\/nl\/2019\/04\/01\/telepolice-visie-a-la-zone-midi\/#primaryimage"},"thumbnailUrl":"https:\/\/telepolice.be\/wp-content\/uploads\/2019\/04\/LOGO-DH-300x102.png","articleSection":["Persoverzicht"],"inLanguage":"fr-FR","potentialAction":[{"@type":"CommentAction","name":"Comment","target":["https:\/\/telepolice.be\/index.php\/nl\/2019\/04\/01\/telepolice-visie-a-la-zone-midi\/#respond"]}]},{"@type":"WebPage","@id":"https:\/\/telepolice.be\/index.php\/nl\/2019\/04\/01\/telepolice-visie-a-la-zone-midi\/","url":"https:\/\/telepolice.be\/index.php\/nl\/2019\/04\/01\/telepolice-visie-a-la-zone-midi\/","name":"De visie van de telepolice aan de streek van MIDI - TELEPOLICE","isPartOf":{"@id":"https:\/\/telepolice.be\/#website"},"primaryImageOfPage":{"@id":"https:\/\/telepolice.be\/index.php\/nl\/2019\/04\/01\/telepolice-visie-a-la-zone-midi\/#primaryimage"},"image":{"@id":"https:\/\/telepolice.be\/index.php\/nl\/2019\/04\/01\/telepolice-visie-a-la-zone-midi\/#primaryimage"},"thumbnailUrl":"https:\/\/telepolice.be\/wp-content\/uploads\/2019\/04\/LOGO-DH-300x102.png","datePublished":"2019-04-01T09:15:46+00:00","dateModified":"2019-04-18T17:03:50+00:00","breadcrumb":{"@id":"https:\/\/telepolice.be\/index.php\/nl\/2019\/04\/01\/telepolice-visie-a-la-zone-midi\/#breadcrumb"},"inLanguage":"fr-FR","potentialAction":[{"@type":"ReadAction","target":["https:\/\/telepolice.be\/index.php\/nl\/2019\/04\/01\/telepolice-visie-a-la-zone-midi\/"]}]},{"@type":"ImageObject","inLanguage":"fr-FR","@id":"https:\/\/telepolice.be\/index.php\/nl\/2019\/04\/01\/telepolice-visie-a-la-zone-midi\/#primaryimage","url":"https:\/\/telepolice.be\/wp-content\/uploads\/2019\/04\/LOGO-DH.png","contentUrl":"https:\/\/telepolice.be\/wp-content\/uploads\/2019\/04\/LOGO-DH.png","width":308,"height":105},{"@type":"BreadcrumbList","@id":"https:\/\/telepolice.be\/index.php\/nl\/2019\/04\/01\/telepolice-visie-a-la-zone-midi\/#breadcrumb","itemListElement":[{"@type":"ListItem","position":1,"name":"Accueil","item":"https:\/\/telepolice.be\/"},{"@type":"ListItem","position":2,"name":"De visie van de telepolice aan de streek van MIDI"}]},{"@type":"WebSite","@id":"https:\/\/telepolice.be\/#website","url":"https:\/\/telepolice.be\/","name":"TELEPOLICE","description":"Prot\u00e9gez votre entreprise","publisher":{"@id":"https:\/\/telepolice.be\/#organization"},"potentialAction":[{"@type":"SearchAction","target":{"@type":"EntryPoint","urlTemplate":"https:\/\/telepolice.be\/?s={search_term_string}"},"query-input":{"@type":"PropertyValueSpecification","valueRequired":true,"valueName":"search_term_string"}}],"inLanguage":"fr-FR"},{"@type":"Organization","@id":"https:\/\/telepolice.be\/#organization","name":"TELE POLICE","url":"https:\/\/telepolice.be\/","logo":{"@type":"ImageObject","inLanguage":"fr-FR","@id":"https:\/\/telepolice.be\/#\/schema\/logo\/image\/","url":"https:\/\/telepolice.be\/wp-content\/uploads\/2019\/04\/cropped-logotelepolice-3.png","contentUrl":"https:\/\/telepolice.be\/wp-content\/uploads\/2019\/04\/cropped-logotelepolice-3.png","width":408,"height":65,"caption":"TELE POLICE"},"image":{"@id":"https:\/\/telepolice.be\/#\/schema\/logo\/image\/"}},{"@type":"Person","@id":"https:\/\/telepolice.be\/#\/schema\/person\/ca479b77454640f8f918dd017bd028bf","name":"admin","image":{"@type":"ImageObject","inLanguage":"fr-FR","@id":"https:\/\/secure.gravatar.com\/avatar\/dd9167fd60efcd6c24559ffa4f391e918347b9cf398a5593e29d658b4ae5d443?s=96&d=mm&r=g","url":"https:\/\/secure.gravatar.com\/avatar\/dd9167fd60efcd6c24559ffa4f391e918347b9cf398a5593e29d658b4ae5d443?s=96&d=mm&r=g","contentUrl":"https:\/\/secure.gravatar.com\/avatar\/dd9167fd60efcd6c24559ffa4f391e918347b9cf398a5593e29d658b4ae5d443?s=96&d=mm&r=g","caption":"admin"},"url":"https:\/\/telepolice.be\/index.php\/author\/web_telepolice\/"}]}},"_links":{"self":[{"href":"https:\/\/telepolice.be\/index.php\/wp-json\/wp\/v2\/posts\/1754","targetHints":{"allow":["GET"]}}],"collection":[{"href":"https:\/\/telepolice.be\/index.php\/wp-json\/wp\/v2\/posts"}],"about":[{"href":"https:\/\/telepolice.be\/index.php\/wp-json\/wp\/v2\/types\/post"}],"author":[{"embeddable":true,"href":"https:\/\/telepolice.be\/index.php\/wp-json\/wp\/v2\/users\/1"}],"replies":[{"embeddable":true,"href":"https:\/\/telepolice.be\/index.php\/wp-json\/wp\/v2\/comments?post=1754"}],"version-history":[{"count":4,"href":"https:\/\/telepolice.be\/index.php\/wp-json\/wp\/v2\/posts\/1754\/revisions"}],"predecessor-version":[{"id":1866,"href":"https:\/\/telepolice.be\/index.php\/wp-json\/wp\/v2\/posts\/1754\/revisions\/1866"}],"wp:attachment":[{"href":"https:\/\/telepolice.be\/index.php\/wp-json\/wp\/v2\/media?parent=1754"}],"wp:term":[{"taxonomy":"category","embeddable":true,"href":"https:\/\/telepolice.be\/index.php\/wp-json\/wp\/v2\/categories?post=1754"},{"taxonomy":"post_tag","embeddable":true,"href":"https:\/\/telepolice.be\/index.php\/wp-json\/wp\/v2\/tags?post=1754"}],"curies":[{"name":"wp","href":"https:\/\/api.w.org\/{rel}","templated":true}]}}