{"id":1709,"date":"2019-04-01T11:19:38","date_gmt":"2019-04-01T11:19:38","guid":{"rendered":"https:\/\/telepolice.be\/index.php\/2019\/04\/01\/a-uccle-et-ailleurs-on-sequipe-aussi\/"},"modified":"2019-05-15T11:41:03","modified_gmt":"2019-05-15T09:41:03","slug":"a-uccle-et-ailleurs-on-sequipe-ook","status":"publish","type":"post","link":"https:\/\/telepolice.be\/index.php\/nl\/2019\/04\/01\/a-uccle-et-ailleurs-on-sequipe-ook\/","title":{"rendered":"In Ukkel en elders werken we ook samen"},"content":{"rendered":"<h2><img loading=\"lazy\" decoding=\"async\" class=\"alignnone size-thumbnail\" src=\"https:\/\/o0.ldh.be\/img\/logoMainLarge-3d63e75367b0.png\" width=\"308\" height=\"105\" \/><\/h2>\n<p><strong>Armand De Decker zal schrijven aan de handelaars van zijn gemeente. Maar houdt vol: het project lag voor de tragedie op tafel<\/strong><\/p>\n<div><strong><img loading=\"lazy\" decoding=\"async\" src=\"http:\/\/telepolice.eu\/website\/images\/art_101160.jpg\" alt=\"\" width=\"553\" height=\"503\" \/><\/strong><\/div>\n<div>\n<h3><\/h3>\n<h3>BRUSSEL De burgemeester van Ukkel bevestigde het gistermiddag, de politiezone Oost (Ukkel, Watermaal-Bosvoorde en Oudergem), verzamelde dinsdagochtend op de politiehogeschool en keurde het Telepolice Vision-project goed.<\/h3>\n<p>\u00ab\u00a0De overeenkomst met het particuliere bedrijf was al getekend op 14 december. Dit is geen beslissing die genomen wordt in een haast na de overval die afgelopen vrijdag plaatsvond en een slachtoffer werd, \u00ab\u00a0benadrukt de liberale burgemeester die ook de verzending van een brief aan handelaren in zijn stad in de volgende maand aankondigt. \u00ab\u00a0We zullen het systeem aan handelaren aanbieden, aanbieden om ze uit te rusten. Het oude systeem werd gesubsidieerd door de regio, die besloot het op te geven. Het is jammer dat het Gewest niet meer interesse toont dan dat voor de veiligheid \u00ab\u00a0, zegt Armand De Decker.<\/p>\n<p>\u00ab\u00a0Het systeem wordt aangekondigd met een grote sticker. Ik hoop dat dit dieven zal afschrikken. Dat is het doel, \u00ab\u00a0vult de Ucclois-master aan, die voorstander is van de snelle verbinding van dit systeem met bewakingscamera&rsquo;s die op openbare wegen zijn ge\u00efnstalleerd.<\/p>\n<p>De burgemeester geeft ons ook de laatste cijfers die gisteren ochtend aan hem werden verstrekt over de misdaad in het gebied waar zijn gemeente is gevestigd:<\/p>\n<p>\u00ab\u00a0Van februari 2009 tot januari 2010 is de criminaliteit aanzienlijk afgenomen\u00a0\u00bb, benadrukt de burgemeester die ons voorbeelden geeft: gewapende overvallen daalden met 17%, mensen met geweld daalden met 9%. Vluchten in en rond de winkels zijn met 18% toegenomen. Diefstal van en in voertuigen daalt met 56 en 53%.<\/p>\n<p>En de oostelijke zone is niet de enige die inspiratie put uit het model dat ten noorden van Brussel is ontwikkeld. Het gebied van Montgomery en het Midi-gebied zouden ook ge\u00efnteresseerd zijn.<\/p>\n<p>N. Ben.<\/p>\n<p><span style=\"background-color: transparent;\">\u00a9 La Derni\u00e8re Heure 2010<\/span><\/p>\n<\/div>\n","protected":false},"excerpt":{"rendered":"<p>Armand De Decker zal schrijven aan de handelaars van zijn gemeente. Maar houdt vol: het project lag voor de tragedie op tafel BRUSSEL De burgemeester van Ukkel bevestigde het gistermiddag, de politiezone Oost (Ukkel, Watermaal-Bosvoorde en Oudergem), verzamelde dinsdagochtend op de politiehogeschool en keurde het Telepolice Vision-project goed. \u00ab\u00a0De overeenkomst met het particuliere bedrijf was&hellip; <br \/> <a class=\"read-more\" href=\"https:\/\/telepolice.be\/index.php\/nl\/2019\/04\/01\/a-uccle-et-ailleurs-on-sequipe-ook\/\">Lire la suite<\/a><\/p>\n","protected":false},"author":1,"featured_media":0,"comment_status":"open","ping_status":"closed","sticky":false,"template":"","format":"standard","meta":{"footnotes":""},"categories":[44],"tags":[],"class_list":["post-1709","post","type-post","status-publish","format-standard","hentry","category-persoverzicht"],"yoast_head":"<!-- This site is optimized with the Yoast SEO plugin v27.5 - https:\/\/yoast.com\/product\/yoast-seo-wordpress\/ -->\n<title>In Ukkel en elders werken we ook samen - TELEPOLICE<\/title>\n<meta name=\"robots\" content=\"index, follow, max-snippet:-1, max-image-preview:large, max-video-preview:-1\" \/>\n<link rel=\"canonical\" href=\"https:\/\/telepolice.be\/index.php\/nl\/2019\/04\/01\/a-uccle-et-ailleurs-on-sequipe-ook\/\" \/>\n<meta property=\"og:locale\" content=\"fr_FR\" \/>\n<meta property=\"og:type\" content=\"article\" \/>\n<meta property=\"og:title\" content=\"In Ukkel en elders werken we ook samen - TELEPOLICE\" \/>\n<meta property=\"og:description\" content=\"Armand De Decker zal schrijven aan de handelaars van zijn gemeente. Maar houdt vol: het project lag voor de tragedie op tafel BRUSSEL De burgemeester van Ukkel bevestigde het gistermiddag, de politiezone Oost (Ukkel, Watermaal-Bosvoorde en Oudergem), verzamelde dinsdagochtend op de politiehogeschool en keurde het Telepolice Vision-project goed. \u00ab\u00a0De overeenkomst met het particuliere bedrijf was&hellip; Lire la suite\" \/>\n<meta property=\"og:url\" content=\"https:\/\/telepolice.be\/index.php\/nl\/2019\/04\/01\/a-uccle-et-ailleurs-on-sequipe-ook\/\" \/>\n<meta property=\"og:site_name\" content=\"TELEPOLICE\" \/>\n<meta property=\"article:published_time\" content=\"2019-04-01T11:19:38+00:00\" \/>\n<meta property=\"article:modified_time\" content=\"2019-05-15T09:41:03+00:00\" \/>\n<meta property=\"og:image\" content=\"https:\/\/o0.ldh.be\/img\/logoMainLarge-3d63e75367b0.png\" \/>\n<meta name=\"author\" content=\"admin\" \/>\n<meta name=\"twitter:card\" content=\"summary_large_image\" \/>\n<meta name=\"twitter:label1\" content=\"\u00c9crit par\" \/>\n\t<meta name=\"twitter:data1\" content=\"admin\" \/>\n\t<meta name=\"twitter:label2\" content=\"Dur\u00e9e de lecture estim\u00e9e\" \/>\n\t<meta name=\"twitter:data2\" content=\"1 minute\" \/>\n<script type=\"application\/ld+json\" class=\"yoast-schema-graph\">{\"@context\":\"https:\\\/\\\/schema.org\",\"@graph\":[{\"@type\":\"Article\",\"@id\":\"https:\\\/\\\/telepolice.be\\\/index.php\\\/nl\\\/2019\\\/04\\\/01\\\/a-uccle-et-ailleurs-on-sequipe-ook\\\/#article\",\"isPartOf\":{\"@id\":\"https:\\\/\\\/telepolice.be\\\/index.php\\\/nl\\\/2019\\\/04\\\/01\\\/a-uccle-et-ailleurs-on-sequipe-ook\\\/\"},\"author\":{\"name\":\"admin\",\"@id\":\"https:\\\/\\\/telepolice.be\\\/#\\\/schema\\\/person\\\/ca479b77454640f8f918dd017bd028bf\"},\"headline\":\"In Ukkel en elders werken we ook samen\",\"datePublished\":\"2019-04-01T11:19:38+00:00\",\"dateModified\":\"2019-05-15T09:41:03+00:00\",\"mainEntityOfPage\":{\"@id\":\"https:\\\/\\\/telepolice.be\\\/index.php\\\/nl\\\/2019\\\/04\\\/01\\\/a-uccle-et-ailleurs-on-sequipe-ook\\\/\"},\"wordCount\":305,\"commentCount\":0,\"publisher\":{\"@id\":\"https:\\\/\\\/telepolice.be\\\/#organization\"},\"image\":{\"@id\":\"https:\\\/\\\/telepolice.be\\\/index.php\\\/nl\\\/2019\\\/04\\\/01\\\/a-uccle-et-ailleurs-on-sequipe-ook\\\/#primaryimage\"},\"thumbnailUrl\":\"https:\\\/\\\/o0.ldh.be\\\/img\\\/logoMainLarge-3d63e75367b0.png\",\"articleSection\":[\"Persoverzicht\"],\"inLanguage\":\"fr-FR\",\"potentialAction\":[{\"@type\":\"CommentAction\",\"name\":\"Comment\",\"target\":[\"https:\\\/\\\/telepolice.be\\\/index.php\\\/nl\\\/2019\\\/04\\\/01\\\/a-uccle-et-ailleurs-on-sequipe-ook\\\/#respond\"]}]},{\"@type\":\"WebPage\",\"@id\":\"https:\\\/\\\/telepolice.be\\\/index.php\\\/nl\\\/2019\\\/04\\\/01\\\/a-uccle-et-ailleurs-on-sequipe-ook\\\/\",\"url\":\"https:\\\/\\\/telepolice.be\\\/index.php\\\/nl\\\/2019\\\/04\\\/01\\\/a-uccle-et-ailleurs-on-sequipe-ook\\\/\",\"name\":\"In Ukkel en elders werken we ook samen - TELEPOLICE\",\"isPartOf\":{\"@id\":\"https:\\\/\\\/telepolice.be\\\/#website\"},\"primaryImageOfPage\":{\"@id\":\"https:\\\/\\\/telepolice.be\\\/index.php\\\/nl\\\/2019\\\/04\\\/01\\\/a-uccle-et-ailleurs-on-sequipe-ook\\\/#primaryimage\"},\"image\":{\"@id\":\"https:\\\/\\\/telepolice.be\\\/index.php\\\/nl\\\/2019\\\/04\\\/01\\\/a-uccle-et-ailleurs-on-sequipe-ook\\\/#primaryimage\"},\"thumbnailUrl\":\"https:\\\/\\\/o0.ldh.be\\\/img\\\/logoMainLarge-3d63e75367b0.png\",\"datePublished\":\"2019-04-01T11:19:38+00:00\",\"dateModified\":\"2019-05-15T09:41:03+00:00\",\"breadcrumb\":{\"@id\":\"https:\\\/\\\/telepolice.be\\\/index.php\\\/nl\\\/2019\\\/04\\\/01\\\/a-uccle-et-ailleurs-on-sequipe-ook\\\/#breadcrumb\"},\"inLanguage\":\"fr-FR\",\"potentialAction\":[{\"@type\":\"ReadAction\",\"target\":[\"https:\\\/\\\/telepolice.be\\\/index.php\\\/nl\\\/2019\\\/04\\\/01\\\/a-uccle-et-ailleurs-on-sequipe-ook\\\/\"]}]},{\"@type\":\"ImageObject\",\"inLanguage\":\"fr-FR\",\"@id\":\"https:\\\/\\\/telepolice.be\\\/index.php\\\/nl\\\/2019\\\/04\\\/01\\\/a-uccle-et-ailleurs-on-sequipe-ook\\\/#primaryimage\",\"url\":\"https:\\\/\\\/o0.ldh.be\\\/img\\\/logoMainLarge-3d63e75367b0.png\",\"contentUrl\":\"https:\\\/\\\/o0.ldh.be\\\/img\\\/logoMainLarge-3d63e75367b0.png\"},{\"@type\":\"BreadcrumbList\",\"@id\":\"https:\\\/\\\/telepolice.be\\\/index.php\\\/nl\\\/2019\\\/04\\\/01\\\/a-uccle-et-ailleurs-on-sequipe-ook\\\/#breadcrumb\",\"itemListElement\":[{\"@type\":\"ListItem\",\"position\":1,\"name\":\"Accueil\",\"item\":\"https:\\\/\\\/telepolice.be\\\/\"},{\"@type\":\"ListItem\",\"position\":2,\"name\":\"In Ukkel en elders werken we ook samen\"}]},{\"@type\":\"WebSite\",\"@id\":\"https:\\\/\\\/telepolice.be\\\/#website\",\"url\":\"https:\\\/\\\/telepolice.be\\\/\",\"name\":\"TELEPOLICE\",\"description\":\"Prot\u00e9gez votre entreprise\",\"publisher\":{\"@id\":\"https:\\\/\\\/telepolice.be\\\/#organization\"},\"potentialAction\":[{\"@type\":\"SearchAction\",\"target\":{\"@type\":\"EntryPoint\",\"urlTemplate\":\"https:\\\/\\\/telepolice.be\\\/?s={search_term_string}\"},\"query-input\":{\"@type\":\"PropertyValueSpecification\",\"valueRequired\":true,\"valueName\":\"search_term_string\"}}],\"inLanguage\":\"fr-FR\"},{\"@type\":\"Organization\",\"@id\":\"https:\\\/\\\/telepolice.be\\\/#organization\",\"name\":\"TELE POLICE\",\"url\":\"https:\\\/\\\/telepolice.be\\\/\",\"logo\":{\"@type\":\"ImageObject\",\"inLanguage\":\"fr-FR\",\"@id\":\"https:\\\/\\\/telepolice.be\\\/#\\\/schema\\\/logo\\\/image\\\/\",\"url\":\"https:\\\/\\\/telepolice.be\\\/wp-content\\\/uploads\\\/2019\\\/04\\\/cropped-logotelepolice-3.png\",\"contentUrl\":\"https:\\\/\\\/telepolice.be\\\/wp-content\\\/uploads\\\/2019\\\/04\\\/cropped-logotelepolice-3.png\",\"width\":408,\"height\":65,\"caption\":\"TELE POLICE\"},\"image\":{\"@id\":\"https:\\\/\\\/telepolice.be\\\/#\\\/schema\\\/logo\\\/image\\\/\"}},{\"@type\":\"Person\",\"@id\":\"https:\\\/\\\/telepolice.be\\\/#\\\/schema\\\/person\\\/ca479b77454640f8f918dd017bd028bf\",\"name\":\"admin\",\"image\":{\"@type\":\"ImageObject\",\"inLanguage\":\"fr-FR\",\"@id\":\"https:\\\/\\\/secure.gravatar.com\\\/avatar\\\/dd9167fd60efcd6c24559ffa4f391e918347b9cf398a5593e29d658b4ae5d443?s=96&d=mm&r=g\",\"url\":\"https:\\\/\\\/secure.gravatar.com\\\/avatar\\\/dd9167fd60efcd6c24559ffa4f391e918347b9cf398a5593e29d658b4ae5d443?s=96&d=mm&r=g\",\"contentUrl\":\"https:\\\/\\\/secure.gravatar.com\\\/avatar\\\/dd9167fd60efcd6c24559ffa4f391e918347b9cf398a5593e29d658b4ae5d443?s=96&d=mm&r=g\",\"caption\":\"admin\"},\"url\":\"https:\\\/\\\/telepolice.be\\\/index.php\\\/author\\\/web_telepolice\\\/\"}]}<\/script>\n<!-- \/ Yoast SEO plugin. -->","yoast_head_json":{"title":"In Ukkel en elders werken we ook samen - TELEPOLICE","robots":{"index":"index","follow":"follow","max-snippet":"max-snippet:-1","max-image-preview":"max-image-preview:large","max-video-preview":"max-video-preview:-1"},"canonical":"https:\/\/telepolice.be\/index.php\/nl\/2019\/04\/01\/a-uccle-et-ailleurs-on-sequipe-ook\/","og_locale":"fr_FR","og_type":"article","og_title":"In Ukkel en elders werken we ook samen - TELEPOLICE","og_description":"Armand De Decker zal schrijven aan de handelaars van zijn gemeente. Maar houdt vol: het project lag voor de tragedie op tafel BRUSSEL De burgemeester van Ukkel bevestigde het gistermiddag, de politiezone Oost (Ukkel, Watermaal-Bosvoorde en Oudergem), verzamelde dinsdagochtend op de politiehogeschool en keurde het Telepolice Vision-project goed. \u00ab\u00a0De overeenkomst met het particuliere bedrijf was&hellip; Lire la suite","og_url":"https:\/\/telepolice.be\/index.php\/nl\/2019\/04\/01\/a-uccle-et-ailleurs-on-sequipe-ook\/","og_site_name":"TELEPOLICE","article_published_time":"2019-04-01T11:19:38+00:00","article_modified_time":"2019-05-15T09:41:03+00:00","og_image":[{"url":"https:\/\/o0.ldh.be\/img\/logoMainLarge-3d63e75367b0.png","type":"","width":"","height":""}],"author":"admin","twitter_card":"summary_large_image","twitter_misc":{"\u00c9crit par":"admin","Dur\u00e9e de lecture estim\u00e9e":"1 minute"},"schema":{"@context":"https:\/\/schema.org","@graph":[{"@type":"Article","@id":"https:\/\/telepolice.be\/index.php\/nl\/2019\/04\/01\/a-uccle-et-ailleurs-on-sequipe-ook\/#article","isPartOf":{"@id":"https:\/\/telepolice.be\/index.php\/nl\/2019\/04\/01\/a-uccle-et-ailleurs-on-sequipe-ook\/"},"author":{"name":"admin","@id":"https:\/\/telepolice.be\/#\/schema\/person\/ca479b77454640f8f918dd017bd028bf"},"headline":"In Ukkel en elders werken we ook samen","datePublished":"2019-04-01T11:19:38+00:00","dateModified":"2019-05-15T09:41:03+00:00","mainEntityOfPage":{"@id":"https:\/\/telepolice.be\/index.php\/nl\/2019\/04\/01\/a-uccle-et-ailleurs-on-sequipe-ook\/"},"wordCount":305,"commentCount":0,"publisher":{"@id":"https:\/\/telepolice.be\/#organization"},"image":{"@id":"https:\/\/telepolice.be\/index.php\/nl\/2019\/04\/01\/a-uccle-et-ailleurs-on-sequipe-ook\/#primaryimage"},"thumbnailUrl":"https:\/\/o0.ldh.be\/img\/logoMainLarge-3d63e75367b0.png","articleSection":["Persoverzicht"],"inLanguage":"fr-FR","potentialAction":[{"@type":"CommentAction","name":"Comment","target":["https:\/\/telepolice.be\/index.php\/nl\/2019\/04\/01\/a-uccle-et-ailleurs-on-sequipe-ook\/#respond"]}]},{"@type":"WebPage","@id":"https:\/\/telepolice.be\/index.php\/nl\/2019\/04\/01\/a-uccle-et-ailleurs-on-sequipe-ook\/","url":"https:\/\/telepolice.be\/index.php\/nl\/2019\/04\/01\/a-uccle-et-ailleurs-on-sequipe-ook\/","name":"In Ukkel en elders werken we ook samen - TELEPOLICE","isPartOf":{"@id":"https:\/\/telepolice.be\/#website"},"primaryImageOfPage":{"@id":"https:\/\/telepolice.be\/index.php\/nl\/2019\/04\/01\/a-uccle-et-ailleurs-on-sequipe-ook\/#primaryimage"},"image":{"@id":"https:\/\/telepolice.be\/index.php\/nl\/2019\/04\/01\/a-uccle-et-ailleurs-on-sequipe-ook\/#primaryimage"},"thumbnailUrl":"https:\/\/o0.ldh.be\/img\/logoMainLarge-3d63e75367b0.png","datePublished":"2019-04-01T11:19:38+00:00","dateModified":"2019-05-15T09:41:03+00:00","breadcrumb":{"@id":"https:\/\/telepolice.be\/index.php\/nl\/2019\/04\/01\/a-uccle-et-ailleurs-on-sequipe-ook\/#breadcrumb"},"inLanguage":"fr-FR","potentialAction":[{"@type":"ReadAction","target":["https:\/\/telepolice.be\/index.php\/nl\/2019\/04\/01\/a-uccle-et-ailleurs-on-sequipe-ook\/"]}]},{"@type":"ImageObject","inLanguage":"fr-FR","@id":"https:\/\/telepolice.be\/index.php\/nl\/2019\/04\/01\/a-uccle-et-ailleurs-on-sequipe-ook\/#primaryimage","url":"https:\/\/o0.ldh.be\/img\/logoMainLarge-3d63e75367b0.png","contentUrl":"https:\/\/o0.ldh.be\/img\/logoMainLarge-3d63e75367b0.png"},{"@type":"BreadcrumbList","@id":"https:\/\/telepolice.be\/index.php\/nl\/2019\/04\/01\/a-uccle-et-ailleurs-on-sequipe-ook\/#breadcrumb","itemListElement":[{"@type":"ListItem","position":1,"name":"Accueil","item":"https:\/\/telepolice.be\/"},{"@type":"ListItem","position":2,"name":"In Ukkel en elders werken we ook samen"}]},{"@type":"WebSite","@id":"https:\/\/telepolice.be\/#website","url":"https:\/\/telepolice.be\/","name":"TELEPOLICE","description":"Prot\u00e9gez votre entreprise","publisher":{"@id":"https:\/\/telepolice.be\/#organization"},"potentialAction":[{"@type":"SearchAction","target":{"@type":"EntryPoint","urlTemplate":"https:\/\/telepolice.be\/?s={search_term_string}"},"query-input":{"@type":"PropertyValueSpecification","valueRequired":true,"valueName":"search_term_string"}}],"inLanguage":"fr-FR"},{"@type":"Organization","@id":"https:\/\/telepolice.be\/#organization","name":"TELE POLICE","url":"https:\/\/telepolice.be\/","logo":{"@type":"ImageObject","inLanguage":"fr-FR","@id":"https:\/\/telepolice.be\/#\/schema\/logo\/image\/","url":"https:\/\/telepolice.be\/wp-content\/uploads\/2019\/04\/cropped-logotelepolice-3.png","contentUrl":"https:\/\/telepolice.be\/wp-content\/uploads\/2019\/04\/cropped-logotelepolice-3.png","width":408,"height":65,"caption":"TELE POLICE"},"image":{"@id":"https:\/\/telepolice.be\/#\/schema\/logo\/image\/"}},{"@type":"Person","@id":"https:\/\/telepolice.be\/#\/schema\/person\/ca479b77454640f8f918dd017bd028bf","name":"admin","image":{"@type":"ImageObject","inLanguage":"fr-FR","@id":"https:\/\/secure.gravatar.com\/avatar\/dd9167fd60efcd6c24559ffa4f391e918347b9cf398a5593e29d658b4ae5d443?s=96&d=mm&r=g","url":"https:\/\/secure.gravatar.com\/avatar\/dd9167fd60efcd6c24559ffa4f391e918347b9cf398a5593e29d658b4ae5d443?s=96&d=mm&r=g","contentUrl":"https:\/\/secure.gravatar.com\/avatar\/dd9167fd60efcd6c24559ffa4f391e918347b9cf398a5593e29d658b4ae5d443?s=96&d=mm&r=g","caption":"admin"},"url":"https:\/\/telepolice.be\/index.php\/author\/web_telepolice\/"}]}},"_links":{"self":[{"href":"https:\/\/telepolice.be\/index.php\/wp-json\/wp\/v2\/posts\/1709","targetHints":{"allow":["GET"]}}],"collection":[{"href":"https:\/\/telepolice.be\/index.php\/wp-json\/wp\/v2\/posts"}],"about":[{"href":"https:\/\/telepolice.be\/index.php\/wp-json\/wp\/v2\/types\/post"}],"author":[{"embeddable":true,"href":"https:\/\/telepolice.be\/index.php\/wp-json\/wp\/v2\/users\/1"}],"replies":[{"embeddable":true,"href":"https:\/\/telepolice.be\/index.php\/wp-json\/wp\/v2\/comments?post=1709"}],"version-history":[{"count":2,"href":"https:\/\/telepolice.be\/index.php\/wp-json\/wp\/v2\/posts\/1709\/revisions"}],"predecessor-version":[{"id":2997,"href":"https:\/\/telepolice.be\/index.php\/wp-json\/wp\/v2\/posts\/1709\/revisions\/2997"}],"wp:attachment":[{"href":"https:\/\/telepolice.be\/index.php\/wp-json\/wp\/v2\/media?parent=1709"}],"wp:term":[{"taxonomy":"category","embeddable":true,"href":"https:\/\/telepolice.be\/index.php\/wp-json\/wp\/v2\/categories?post=1709"},{"taxonomy":"post_tag","embeddable":true,"href":"https:\/\/telepolice.be\/index.php\/wp-json\/wp\/v2\/tags?post=1709"}],"curies":[{"name":"wp","href":"https:\/\/api.w.org\/{rel}","templated":true}]}}