{"id":1694,"date":"2019-04-01T11:19:48","date_gmt":"2019-04-01T11:19:48","guid":{"rendered":"https:\/\/telepolice.be\/index.php\/2019\/04\/01\/2009-schaerbeek-des-cameras-dans-les-commerces\/"},"modified":"2019-04-18T16:53:26","modified_gmt":"2019-04-18T14:53:26","slug":"2009-schaerbeek-des-cameras-in-de-shops","status":"publish","type":"post","link":"https:\/\/telepolice.be\/index.php\/nl\/2019\/04\/01\/2009-schaerbeek-des-cameras-in-de-shops\/","title":{"rendered":"2009: Schaarbeek: camera&rsquo;s in winkels"},"content":{"rendered":"<p>Een uitgebreider Telepolice systeem.<\/p>\n<blockquote><p>Het project zal zo snel mogelijk worden voorgelegd aan de goedkeuring van de politieraad. Het plant in eerste instantie de installatie in 500 winkels met camera&rsquo;s die rechtstreeks verbonden zijn met het hoofd van de politie<\/p><\/blockquote>\n<p>Tot nu toe gaf de Tele-politie niet echt om zijn naam! Het systeem was beperkt tot een zender voor het opnieuw verzenden van geluiden.<\/p>\n<p>Met een druk op de knop komen juweliers en apothekers rechtstreeks (en in stilte) in contact met de politie. Ze kunnen horen wat er in de winkel gebeurt en de situatie evalueren. Maar de Noord-zone (Schaarbeek, Evere en Sint-Joost) wil verder gaan door de visuele dimensie te integreren.<\/p>\n<p>\u00ab\u00a0De oude Tele-politie was een goede ervaring. De werking ervan was niet optimaal, dat staat vast, maar we hebben goede resultaten behaald. Maar vandaag heeft dit systeem zijn grenzen laten zien en moet het worden uitgebreid tot andere doelgroepen \u00ab\u00a0, zegt commissaris Franck Dauchy, hoofd van de dispatching en verantwoordelijk voor de ontwikkeling van het Tele-politieproject.<\/p>\n<p>\u00ab\u00a0In de nabije toekomst willen we afbeeldingen toevoegen aan geluid. Dit zou ons in staat stellen om informatie beter te beheren en effectiever in te grijpen. We zien het als een nuttig instrument dat de veiligheid van handelaren zou vergroten. \u00a0\u00bb<\/p>\n<p>De gebruiksmodus blijft ongewijzigd: de handelaar die zich bedreigd voelt, activeert het alarm dat rechtstreeks naar het politiebureau stuurt. Het is genoeg voor de politie om de beelden weer te geven die worden uitgezonden door de camera die in de handel is ge\u00efnstalleerd. In \u00e9\u00e9n oogopslag kan de situatie worden beoordeeld: aantal verdachten, aanwezigheid van vuurwapens, identiteiten &#8230;<\/p>\n<p>En als de Noord-zone momenteel de enige verdieping is in deze meer geavanceerde versie van de Tele-politie, zouden uiteindelijk alle politiezones in Brussel moeten volgen.<\/p>\n<p>In eerste instantie zou de nieuwe versie van T\u00e9l\u00e9-police op aanvraag worden ge\u00efmplementeerd in maximaal 500 winkels. Na een eerste testfase kon de formule worden gemoduleerd en aangepast. \u00ab\u00a0Je moet er zeker van zijn dat de handelaren er goed gebruik van maken. Want als ze misbruik maken van deze service, zullen we meer en meer tijd nemen om in te grijpen.<\/p>\n","protected":false},"excerpt":{"rendered":"<p>Een uitgebreider Telepolice systeem. Het project zal zo snel mogelijk worden voorgelegd aan de goedkeuring van de politieraad. Het plant in eerste instantie de installatie in 500 winkels met camera&rsquo;s die rechtstreeks verbonden zijn met het hoofd van de politie Tot nu toe gaf de Tele-politie niet echt om zijn naam! Het systeem was beperkt&hellip; <br \/> <a class=\"read-more\" href=\"https:\/\/telepolice.be\/index.php\/nl\/2019\/04\/01\/2009-schaerbeek-des-cameras-in-de-shops\/\">Lire la suite<\/a><\/p>\n","protected":false},"author":1,"featured_media":0,"comment_status":"open","ping_status":"closed","sticky":false,"template":"","format":"standard","meta":{"footnotes":""},"categories":[44],"tags":[],"class_list":["post-1694","post","type-post","status-publish","format-standard","hentry","category-persoverzicht"],"yoast_head":"<!-- This site is optimized with the Yoast SEO plugin v27.5 - https:\/\/yoast.com\/product\/yoast-seo-wordpress\/ -->\n<title>2009: Schaarbeek: camera&#039;s in winkels - TELEPOLICE<\/title>\n<meta name=\"robots\" content=\"index, follow, max-snippet:-1, max-image-preview:large, max-video-preview:-1\" \/>\n<link rel=\"canonical\" href=\"https:\/\/telepolice.be\/index.php\/nl\/2019\/04\/01\/2009-schaerbeek-des-cameras-in-de-shops\/\" \/>\n<meta property=\"og:locale\" content=\"fr_FR\" \/>\n<meta property=\"og:type\" content=\"article\" \/>\n<meta property=\"og:title\" content=\"2009: Schaarbeek: camera&#039;s in winkels - TELEPOLICE\" \/>\n<meta property=\"og:description\" content=\"Een uitgebreider Telepolice systeem. Het project zal zo snel mogelijk worden voorgelegd aan de goedkeuring van de politieraad. Het plant in eerste instantie de installatie in 500 winkels met camera&rsquo;s die rechtstreeks verbonden zijn met het hoofd van de politie Tot nu toe gaf de Tele-politie niet echt om zijn naam! Het systeem was beperkt&hellip; Lire la suite\" \/>\n<meta property=\"og:url\" content=\"https:\/\/telepolice.be\/index.php\/nl\/2019\/04\/01\/2009-schaerbeek-des-cameras-in-de-shops\/\" \/>\n<meta property=\"og:site_name\" content=\"TELEPOLICE\" \/>\n<meta property=\"article:published_time\" content=\"2019-04-01T11:19:48+00:00\" \/>\n<meta property=\"article:modified_time\" content=\"2019-04-18T14:53:26+00:00\" \/>\n<meta name=\"author\" content=\"admin\" \/>\n<meta name=\"twitter:card\" content=\"summary_large_image\" \/>\n<meta name=\"twitter:label1\" content=\"\u00c9crit par\" \/>\n\t<meta name=\"twitter:data1\" content=\"admin\" \/>\n\t<meta name=\"twitter:label2\" content=\"Dur\u00e9e de lecture estim\u00e9e\" \/>\n\t<meta name=\"twitter:data2\" content=\"2 minutes\" \/>\n<script type=\"application\/ld+json\" class=\"yoast-schema-graph\">{\"@context\":\"https:\\\/\\\/schema.org\",\"@graph\":[{\"@type\":\"Article\",\"@id\":\"https:\\\/\\\/telepolice.be\\\/index.php\\\/nl\\\/2019\\\/04\\\/01\\\/2009-schaerbeek-des-cameras-in-de-shops\\\/#article\",\"isPartOf\":{\"@id\":\"https:\\\/\\\/telepolice.be\\\/index.php\\\/nl\\\/2019\\\/04\\\/01\\\/2009-schaerbeek-des-cameras-in-de-shops\\\/\"},\"author\":{\"name\":\"admin\",\"@id\":\"https:\\\/\\\/telepolice.be\\\/#\\\/schema\\\/person\\\/ca479b77454640f8f918dd017bd028bf\"},\"headline\":\"2009: Schaarbeek: camera&rsquo;s in winkels\",\"datePublished\":\"2019-04-01T11:19:48+00:00\",\"dateModified\":\"2019-04-18T14:53:26+00:00\",\"mainEntityOfPage\":{\"@id\":\"https:\\\/\\\/telepolice.be\\\/index.php\\\/nl\\\/2019\\\/04\\\/01\\\/2009-schaerbeek-des-cameras-in-de-shops\\\/\"},\"wordCount\":358,\"commentCount\":0,\"publisher\":{\"@id\":\"https:\\\/\\\/telepolice.be\\\/#organization\"},\"articleSection\":[\"Persoverzicht\"],\"inLanguage\":\"fr-FR\",\"potentialAction\":[{\"@type\":\"CommentAction\",\"name\":\"Comment\",\"target\":[\"https:\\\/\\\/telepolice.be\\\/index.php\\\/nl\\\/2019\\\/04\\\/01\\\/2009-schaerbeek-des-cameras-in-de-shops\\\/#respond\"]}]},{\"@type\":\"WebPage\",\"@id\":\"https:\\\/\\\/telepolice.be\\\/index.php\\\/nl\\\/2019\\\/04\\\/01\\\/2009-schaerbeek-des-cameras-in-de-shops\\\/\",\"url\":\"https:\\\/\\\/telepolice.be\\\/index.php\\\/nl\\\/2019\\\/04\\\/01\\\/2009-schaerbeek-des-cameras-in-de-shops\\\/\",\"name\":\"2009: Schaarbeek: camera's in winkels - TELEPOLICE\",\"isPartOf\":{\"@id\":\"https:\\\/\\\/telepolice.be\\\/#website\"},\"datePublished\":\"2019-04-01T11:19:48+00:00\",\"dateModified\":\"2019-04-18T14:53:26+00:00\",\"breadcrumb\":{\"@id\":\"https:\\\/\\\/telepolice.be\\\/index.php\\\/nl\\\/2019\\\/04\\\/01\\\/2009-schaerbeek-des-cameras-in-de-shops\\\/#breadcrumb\"},\"inLanguage\":\"fr-FR\",\"potentialAction\":[{\"@type\":\"ReadAction\",\"target\":[\"https:\\\/\\\/telepolice.be\\\/index.php\\\/nl\\\/2019\\\/04\\\/01\\\/2009-schaerbeek-des-cameras-in-de-shops\\\/\"]}]},{\"@type\":\"BreadcrumbList\",\"@id\":\"https:\\\/\\\/telepolice.be\\\/index.php\\\/nl\\\/2019\\\/04\\\/01\\\/2009-schaerbeek-des-cameras-in-de-shops\\\/#breadcrumb\",\"itemListElement\":[{\"@type\":\"ListItem\",\"position\":1,\"name\":\"Accueil\",\"item\":\"https:\\\/\\\/telepolice.be\\\/\"},{\"@type\":\"ListItem\",\"position\":2,\"name\":\"2009: Schaarbeek: camera&#8217;s in winkels\"}]},{\"@type\":\"WebSite\",\"@id\":\"https:\\\/\\\/telepolice.be\\\/#website\",\"url\":\"https:\\\/\\\/telepolice.be\\\/\",\"name\":\"TELEPOLICE\",\"description\":\"Prot\u00e9gez votre entreprise\",\"publisher\":{\"@id\":\"https:\\\/\\\/telepolice.be\\\/#organization\"},\"potentialAction\":[{\"@type\":\"SearchAction\",\"target\":{\"@type\":\"EntryPoint\",\"urlTemplate\":\"https:\\\/\\\/telepolice.be\\\/?s={search_term_string}\"},\"query-input\":{\"@type\":\"PropertyValueSpecification\",\"valueRequired\":true,\"valueName\":\"search_term_string\"}}],\"inLanguage\":\"fr-FR\"},{\"@type\":\"Organization\",\"@id\":\"https:\\\/\\\/telepolice.be\\\/#organization\",\"name\":\"TELE POLICE\",\"url\":\"https:\\\/\\\/telepolice.be\\\/\",\"logo\":{\"@type\":\"ImageObject\",\"inLanguage\":\"fr-FR\",\"@id\":\"https:\\\/\\\/telepolice.be\\\/#\\\/schema\\\/logo\\\/image\\\/\",\"url\":\"https:\\\/\\\/telepolice.be\\\/wp-content\\\/uploads\\\/2019\\\/04\\\/cropped-logotelepolice-3.png\",\"contentUrl\":\"https:\\\/\\\/telepolice.be\\\/wp-content\\\/uploads\\\/2019\\\/04\\\/cropped-logotelepolice-3.png\",\"width\":408,\"height\":65,\"caption\":\"TELE POLICE\"},\"image\":{\"@id\":\"https:\\\/\\\/telepolice.be\\\/#\\\/schema\\\/logo\\\/image\\\/\"}},{\"@type\":\"Person\",\"@id\":\"https:\\\/\\\/telepolice.be\\\/#\\\/schema\\\/person\\\/ca479b77454640f8f918dd017bd028bf\",\"name\":\"admin\",\"image\":{\"@type\":\"ImageObject\",\"inLanguage\":\"fr-FR\",\"@id\":\"https:\\\/\\\/secure.gravatar.com\\\/avatar\\\/dd9167fd60efcd6c24559ffa4f391e918347b9cf398a5593e29d658b4ae5d443?s=96&d=mm&r=g\",\"url\":\"https:\\\/\\\/secure.gravatar.com\\\/avatar\\\/dd9167fd60efcd6c24559ffa4f391e918347b9cf398a5593e29d658b4ae5d443?s=96&d=mm&r=g\",\"contentUrl\":\"https:\\\/\\\/secure.gravatar.com\\\/avatar\\\/dd9167fd60efcd6c24559ffa4f391e918347b9cf398a5593e29d658b4ae5d443?s=96&d=mm&r=g\",\"caption\":\"admin\"},\"url\":\"https:\\\/\\\/telepolice.be\\\/index.php\\\/author\\\/web_telepolice\\\/\"}]}<\/script>\n<!-- \/ Yoast SEO plugin. -->","yoast_head_json":{"title":"2009: Schaarbeek: camera's in winkels - TELEPOLICE","robots":{"index":"index","follow":"follow","max-snippet":"max-snippet:-1","max-image-preview":"max-image-preview:large","max-video-preview":"max-video-preview:-1"},"canonical":"https:\/\/telepolice.be\/index.php\/nl\/2019\/04\/01\/2009-schaerbeek-des-cameras-in-de-shops\/","og_locale":"fr_FR","og_type":"article","og_title":"2009: Schaarbeek: camera's in winkels - TELEPOLICE","og_description":"Een uitgebreider Telepolice systeem. Het project zal zo snel mogelijk worden voorgelegd aan de goedkeuring van de politieraad. Het plant in eerste instantie de installatie in 500 winkels met camera&rsquo;s die rechtstreeks verbonden zijn met het hoofd van de politie Tot nu toe gaf de Tele-politie niet echt om zijn naam! Het systeem was beperkt&hellip; Lire la suite","og_url":"https:\/\/telepolice.be\/index.php\/nl\/2019\/04\/01\/2009-schaerbeek-des-cameras-in-de-shops\/","og_site_name":"TELEPOLICE","article_published_time":"2019-04-01T11:19:48+00:00","article_modified_time":"2019-04-18T14:53:26+00:00","author":"admin","twitter_card":"summary_large_image","twitter_misc":{"\u00c9crit par":"admin","Dur\u00e9e de lecture estim\u00e9e":"2 minutes"},"schema":{"@context":"https:\/\/schema.org","@graph":[{"@type":"Article","@id":"https:\/\/telepolice.be\/index.php\/nl\/2019\/04\/01\/2009-schaerbeek-des-cameras-in-de-shops\/#article","isPartOf":{"@id":"https:\/\/telepolice.be\/index.php\/nl\/2019\/04\/01\/2009-schaerbeek-des-cameras-in-de-shops\/"},"author":{"name":"admin","@id":"https:\/\/telepolice.be\/#\/schema\/person\/ca479b77454640f8f918dd017bd028bf"},"headline":"2009: Schaarbeek: camera&rsquo;s in winkels","datePublished":"2019-04-01T11:19:48+00:00","dateModified":"2019-04-18T14:53:26+00:00","mainEntityOfPage":{"@id":"https:\/\/telepolice.be\/index.php\/nl\/2019\/04\/01\/2009-schaerbeek-des-cameras-in-de-shops\/"},"wordCount":358,"commentCount":0,"publisher":{"@id":"https:\/\/telepolice.be\/#organization"},"articleSection":["Persoverzicht"],"inLanguage":"fr-FR","potentialAction":[{"@type":"CommentAction","name":"Comment","target":["https:\/\/telepolice.be\/index.php\/nl\/2019\/04\/01\/2009-schaerbeek-des-cameras-in-de-shops\/#respond"]}]},{"@type":"WebPage","@id":"https:\/\/telepolice.be\/index.php\/nl\/2019\/04\/01\/2009-schaerbeek-des-cameras-in-de-shops\/","url":"https:\/\/telepolice.be\/index.php\/nl\/2019\/04\/01\/2009-schaerbeek-des-cameras-in-de-shops\/","name":"2009: Schaarbeek: camera's in winkels - TELEPOLICE","isPartOf":{"@id":"https:\/\/telepolice.be\/#website"},"datePublished":"2019-04-01T11:19:48+00:00","dateModified":"2019-04-18T14:53:26+00:00","breadcrumb":{"@id":"https:\/\/telepolice.be\/index.php\/nl\/2019\/04\/01\/2009-schaerbeek-des-cameras-in-de-shops\/#breadcrumb"},"inLanguage":"fr-FR","potentialAction":[{"@type":"ReadAction","target":["https:\/\/telepolice.be\/index.php\/nl\/2019\/04\/01\/2009-schaerbeek-des-cameras-in-de-shops\/"]}]},{"@type":"BreadcrumbList","@id":"https:\/\/telepolice.be\/index.php\/nl\/2019\/04\/01\/2009-schaerbeek-des-cameras-in-de-shops\/#breadcrumb","itemListElement":[{"@type":"ListItem","position":1,"name":"Accueil","item":"https:\/\/telepolice.be\/"},{"@type":"ListItem","position":2,"name":"2009: Schaarbeek: camera&#8217;s in winkels"}]},{"@type":"WebSite","@id":"https:\/\/telepolice.be\/#website","url":"https:\/\/telepolice.be\/","name":"TELEPOLICE","description":"Prot\u00e9gez votre entreprise","publisher":{"@id":"https:\/\/telepolice.be\/#organization"},"potentialAction":[{"@type":"SearchAction","target":{"@type":"EntryPoint","urlTemplate":"https:\/\/telepolice.be\/?s={search_term_string}"},"query-input":{"@type":"PropertyValueSpecification","valueRequired":true,"valueName":"search_term_string"}}],"inLanguage":"fr-FR"},{"@type":"Organization","@id":"https:\/\/telepolice.be\/#organization","name":"TELE POLICE","url":"https:\/\/telepolice.be\/","logo":{"@type":"ImageObject","inLanguage":"fr-FR","@id":"https:\/\/telepolice.be\/#\/schema\/logo\/image\/","url":"https:\/\/telepolice.be\/wp-content\/uploads\/2019\/04\/cropped-logotelepolice-3.png","contentUrl":"https:\/\/telepolice.be\/wp-content\/uploads\/2019\/04\/cropped-logotelepolice-3.png","width":408,"height":65,"caption":"TELE POLICE"},"image":{"@id":"https:\/\/telepolice.be\/#\/schema\/logo\/image\/"}},{"@type":"Person","@id":"https:\/\/telepolice.be\/#\/schema\/person\/ca479b77454640f8f918dd017bd028bf","name":"admin","image":{"@type":"ImageObject","inLanguage":"fr-FR","@id":"https:\/\/secure.gravatar.com\/avatar\/dd9167fd60efcd6c24559ffa4f391e918347b9cf398a5593e29d658b4ae5d443?s=96&d=mm&r=g","url":"https:\/\/secure.gravatar.com\/avatar\/dd9167fd60efcd6c24559ffa4f391e918347b9cf398a5593e29d658b4ae5d443?s=96&d=mm&r=g","contentUrl":"https:\/\/secure.gravatar.com\/avatar\/dd9167fd60efcd6c24559ffa4f391e918347b9cf398a5593e29d658b4ae5d443?s=96&d=mm&r=g","caption":"admin"},"url":"https:\/\/telepolice.be\/index.php\/author\/web_telepolice\/"}]}},"_links":{"self":[{"href":"https:\/\/telepolice.be\/index.php\/wp-json\/wp\/v2\/posts\/1694","targetHints":{"allow":["GET"]}}],"collection":[{"href":"https:\/\/telepolice.be\/index.php\/wp-json\/wp\/v2\/posts"}],"about":[{"href":"https:\/\/telepolice.be\/index.php\/wp-json\/wp\/v2\/types\/post"}],"author":[{"embeddable":true,"href":"https:\/\/telepolice.be\/index.php\/wp-json\/wp\/v2\/users\/1"}],"replies":[{"embeddable":true,"href":"https:\/\/telepolice.be\/index.php\/wp-json\/wp\/v2\/comments?post=1694"}],"version-history":[{"count":3,"href":"https:\/\/telepolice.be\/index.php\/wp-json\/wp\/v2\/posts\/1694\/revisions"}],"predecessor-version":[{"id":2186,"href":"https:\/\/telepolice.be\/index.php\/wp-json\/wp\/v2\/posts\/1694\/revisions\/2186"}],"wp:attachment":[{"href":"https:\/\/telepolice.be\/index.php\/wp-json\/wp\/v2\/media?parent=1694"}],"wp:term":[{"taxonomy":"category","embeddable":true,"href":"https:\/\/telepolice.be\/index.php\/wp-json\/wp\/v2\/categories?post=1694"},{"taxonomy":"post_tag","embeddable":true,"href":"https:\/\/telepolice.be\/index.php\/wp-json\/wp\/v2\/tags?post=1694"}],"curies":[{"name":"wp","href":"https:\/\/api.w.org\/{rel}","templated":true}]}}