{"id":1674,"date":"2019-04-01T12:42:22","date_gmt":"2019-04-01T12:42:22","guid":{"rendered":"https:\/\/telepolice.be\/index.php\/2019\/04\/01\/2008-les-agressions-en-hausse-dans-les-magasins\/"},"modified":"2019-04-18T14:11:05","modified_gmt":"2019-04-18T12:11:05","slug":"2008-de-aanval-op-de-stijging-in-de-opslag","status":"publish","type":"post","link":"https:\/\/telepolice.be\/index.php\/nl\/2019\/04\/01\/2008-de-aanval-op-de-stijging-in-de-opslag\/","title":{"rendered":"2008: verhoogde agressie in de winkels"},"content":{"rendered":"<p><em><strong><img loading=\"lazy\" decoding=\"async\" class=\"alignleft size-thumbnail wp-image-2113\" src=\"https:\/\/telepolice.be\/wp-content\/uploads\/2019\/04\/language-01-150x150.png\" alt=\"\" width=\"150\" height=\"150\" \/>Tussen 2000 en 2008 steeg het aantal in Belgi\u00eb geregistreerde winkel vluchten met 23%.<\/strong><\/em><\/p>\n<p>Niet-ante warenhuizen werden burglated tijdens de eerste zes maanden van 2009. Het aantal vluchten is daarom aanzienlijk gestegen van vorig jaar, waar 103 totaal werd geregistreerd.<\/p>\n<p>De Belgische Federatie van ondernemingen, distributie en handel (FEDIS) vraagt de politie en de rechterlijke macht om dienovereenkomstig te handelen tijdens de periode van de saldi. \u00ab\u00a0Het is meestal ongeveer dertig Hold in de warenhuizen in het Luikse gebied dat aan de oorsprong van deze bevinding\u00a0\u00bb is, betreurt de FEDIS.<\/p>\n<p>Er wordt echter ook opgemerkt dat kleine winkels opnieuw het slachtoffer zijn van agressie. Tijdens de eerste zes maanden van 2009, 272 vluchten werden geregistreerd, terwijl vorig jaar waren er 449 aanslagen in totaal. Tussen 2000 en 2008 steeg het aantal aanvalsvluchten in de in Belgi\u00eb geregistreerde winkels met 23%. \u00ab\u00a0Dieven zijn meer en meer jong. Zij werken in stroken en proberen daarom meer en meer het durven slagen. Echter, hun favoriete doel blijft de warenhuizen, zegt FEDIS. \u00ab\u00a0Deze cijfers zijn zeer zorgwekkend,\u00a0\u00bb waarschuwt Dominique Michel de la FEDIS.<\/p>\n<p>Voorts vraagt de Federatie dat voor de maanden van december en januari, een periode van hoge opkomst in opslag, de politie en de gerechtelijke autoriteiten mobiliseren en overlegden om adequate oplossingen aan het probleem van diefstal te vinden.<\/p>\n","protected":false},"excerpt":{"rendered":"<p>Tussen 2000 en 2008 steeg het aantal in Belgi\u00eb geregistreerde winkel vluchten met 23%. Niet-ante warenhuizen werden burglated tijdens de eerste zes maanden van 2009. Het aantal vluchten is daarom aanzienlijk gestegen van vorig jaar, waar 103 totaal werd geregistreerd. De Belgische Federatie van ondernemingen, distributie en handel (FEDIS) vraagt de politie en de rechterlijke&hellip; <br \/> <a class=\"read-more\" href=\"https:\/\/telepolice.be\/index.php\/nl\/2019\/04\/01\/2008-de-aanval-op-de-stijging-in-de-opslag\/\">Lire la suite<\/a><\/p>\n","protected":false},"author":1,"featured_media":0,"comment_status":"open","ping_status":"closed","sticky":false,"template":"","format":"standard","meta":{"footnotes":""},"categories":[44],"tags":[],"class_list":["post-1674","post","type-post","status-publish","format-standard","hentry","category-persoverzicht"],"yoast_head":"<!-- This site is optimized with the Yoast SEO plugin v27.5 - https:\/\/yoast.com\/product\/yoast-seo-wordpress\/ -->\n<title>2008: verhoogde agressie in de winkels - TELEPOLICE<\/title>\n<meta name=\"robots\" content=\"index, follow, max-snippet:-1, max-image-preview:large, max-video-preview:-1\" \/>\n<link rel=\"canonical\" href=\"https:\/\/telepolice.be\/index.php\/nl\/2019\/04\/01\/2008-de-aanval-op-de-stijging-in-de-opslag\/\" \/>\n<meta property=\"og:locale\" content=\"fr_FR\" \/>\n<meta property=\"og:type\" content=\"article\" \/>\n<meta property=\"og:title\" content=\"2008: verhoogde agressie in de winkels - TELEPOLICE\" \/>\n<meta property=\"og:description\" content=\"Tussen 2000 en 2008 steeg het aantal in Belgi\u00eb geregistreerde winkel vluchten met 23%. Niet-ante warenhuizen werden burglated tijdens de eerste zes maanden van 2009. Het aantal vluchten is daarom aanzienlijk gestegen van vorig jaar, waar 103 totaal werd geregistreerd. De Belgische Federatie van ondernemingen, distributie en handel (FEDIS) vraagt de politie en de rechterlijke&hellip; Lire la suite\" \/>\n<meta property=\"og:url\" content=\"https:\/\/telepolice.be\/index.php\/nl\/2019\/04\/01\/2008-de-aanval-op-de-stijging-in-de-opslag\/\" \/>\n<meta property=\"og:site_name\" content=\"TELEPOLICE\" \/>\n<meta property=\"article:published_time\" content=\"2019-04-01T12:42:22+00:00\" \/>\n<meta property=\"article:modified_time\" content=\"2019-04-18T12:11:05+00:00\" \/>\n<meta property=\"og:image\" content=\"https:\/\/telepolice.be\/wp-content\/uploads\/2019\/04\/language-01-150x150.png\" \/>\n<meta name=\"author\" content=\"admin\" \/>\n<meta name=\"twitter:card\" content=\"summary_large_image\" \/>\n<meta name=\"twitter:label1\" content=\"\u00c9crit par\" \/>\n\t<meta name=\"twitter:data1\" content=\"admin\" \/>\n\t<meta name=\"twitter:label2\" content=\"Dur\u00e9e de lecture estim\u00e9e\" \/>\n\t<meta name=\"twitter:data2\" content=\"1 minute\" \/>\n<script type=\"application\/ld+json\" class=\"yoast-schema-graph\">{\"@context\":\"https:\\\/\\\/schema.org\",\"@graph\":[{\"@type\":\"Article\",\"@id\":\"https:\\\/\\\/telepolice.be\\\/index.php\\\/nl\\\/2019\\\/04\\\/01\\\/2008-de-aanval-op-de-stijging-in-de-opslag\\\/#article\",\"isPartOf\":{\"@id\":\"https:\\\/\\\/telepolice.be\\\/index.php\\\/nl\\\/2019\\\/04\\\/01\\\/2008-de-aanval-op-de-stijging-in-de-opslag\\\/\"},\"author\":{\"name\":\"admin\",\"@id\":\"https:\\\/\\\/telepolice.be\\\/#\\\/schema\\\/person\\\/ca479b77454640f8f918dd017bd028bf\"},\"headline\":\"2008: verhoogde agressie in de winkels\",\"datePublished\":\"2019-04-01T12:42:22+00:00\",\"dateModified\":\"2019-04-18T12:11:05+00:00\",\"mainEntityOfPage\":{\"@id\":\"https:\\\/\\\/telepolice.be\\\/index.php\\\/nl\\\/2019\\\/04\\\/01\\\/2008-de-aanval-op-de-stijging-in-de-opslag\\\/\"},\"wordCount\":211,\"commentCount\":0,\"publisher\":{\"@id\":\"https:\\\/\\\/telepolice.be\\\/#organization\"},\"image\":{\"@id\":\"https:\\\/\\\/telepolice.be\\\/index.php\\\/nl\\\/2019\\\/04\\\/01\\\/2008-de-aanval-op-de-stijging-in-de-opslag\\\/#primaryimage\"},\"thumbnailUrl\":\"https:\\\/\\\/telepolice.be\\\/wp-content\\\/uploads\\\/2019\\\/04\\\/language-01-150x150.png\",\"articleSection\":[\"Persoverzicht\"],\"inLanguage\":\"fr-FR\",\"potentialAction\":[{\"@type\":\"CommentAction\",\"name\":\"Comment\",\"target\":[\"https:\\\/\\\/telepolice.be\\\/index.php\\\/nl\\\/2019\\\/04\\\/01\\\/2008-de-aanval-op-de-stijging-in-de-opslag\\\/#respond\"]}]},{\"@type\":\"WebPage\",\"@id\":\"https:\\\/\\\/telepolice.be\\\/index.php\\\/nl\\\/2019\\\/04\\\/01\\\/2008-de-aanval-op-de-stijging-in-de-opslag\\\/\",\"url\":\"https:\\\/\\\/telepolice.be\\\/index.php\\\/nl\\\/2019\\\/04\\\/01\\\/2008-de-aanval-op-de-stijging-in-de-opslag\\\/\",\"name\":\"2008: verhoogde agressie in de winkels - TELEPOLICE\",\"isPartOf\":{\"@id\":\"https:\\\/\\\/telepolice.be\\\/#website\"},\"primaryImageOfPage\":{\"@id\":\"https:\\\/\\\/telepolice.be\\\/index.php\\\/nl\\\/2019\\\/04\\\/01\\\/2008-de-aanval-op-de-stijging-in-de-opslag\\\/#primaryimage\"},\"image\":{\"@id\":\"https:\\\/\\\/telepolice.be\\\/index.php\\\/nl\\\/2019\\\/04\\\/01\\\/2008-de-aanval-op-de-stijging-in-de-opslag\\\/#primaryimage\"},\"thumbnailUrl\":\"https:\\\/\\\/telepolice.be\\\/wp-content\\\/uploads\\\/2019\\\/04\\\/language-01-150x150.png\",\"datePublished\":\"2019-04-01T12:42:22+00:00\",\"dateModified\":\"2019-04-18T12:11:05+00:00\",\"breadcrumb\":{\"@id\":\"https:\\\/\\\/telepolice.be\\\/index.php\\\/nl\\\/2019\\\/04\\\/01\\\/2008-de-aanval-op-de-stijging-in-de-opslag\\\/#breadcrumb\"},\"inLanguage\":\"fr-FR\",\"potentialAction\":[{\"@type\":\"ReadAction\",\"target\":[\"https:\\\/\\\/telepolice.be\\\/index.php\\\/nl\\\/2019\\\/04\\\/01\\\/2008-de-aanval-op-de-stijging-in-de-opslag\\\/\"]}]},{\"@type\":\"ImageObject\",\"inLanguage\":\"fr-FR\",\"@id\":\"https:\\\/\\\/telepolice.be\\\/index.php\\\/nl\\\/2019\\\/04\\\/01\\\/2008-de-aanval-op-de-stijging-in-de-opslag\\\/#primaryimage\",\"url\":\"\",\"contentUrl\":\"\"},{\"@type\":\"BreadcrumbList\",\"@id\":\"https:\\\/\\\/telepolice.be\\\/index.php\\\/nl\\\/2019\\\/04\\\/01\\\/2008-de-aanval-op-de-stijging-in-de-opslag\\\/#breadcrumb\",\"itemListElement\":[{\"@type\":\"ListItem\",\"position\":1,\"name\":\"Accueil\",\"item\":\"https:\\\/\\\/telepolice.be\\\/\"},{\"@type\":\"ListItem\",\"position\":2,\"name\":\"2008: verhoogde agressie in de winkels\"}]},{\"@type\":\"WebSite\",\"@id\":\"https:\\\/\\\/telepolice.be\\\/#website\",\"url\":\"https:\\\/\\\/telepolice.be\\\/\",\"name\":\"TELEPOLICE\",\"description\":\"Prot\u00e9gez votre entreprise\",\"publisher\":{\"@id\":\"https:\\\/\\\/telepolice.be\\\/#organization\"},\"potentialAction\":[{\"@type\":\"SearchAction\",\"target\":{\"@type\":\"EntryPoint\",\"urlTemplate\":\"https:\\\/\\\/telepolice.be\\\/?s={search_term_string}\"},\"query-input\":{\"@type\":\"PropertyValueSpecification\",\"valueRequired\":true,\"valueName\":\"search_term_string\"}}],\"inLanguage\":\"fr-FR\"},{\"@type\":\"Organization\",\"@id\":\"https:\\\/\\\/telepolice.be\\\/#organization\",\"name\":\"TELE POLICE\",\"url\":\"https:\\\/\\\/telepolice.be\\\/\",\"logo\":{\"@type\":\"ImageObject\",\"inLanguage\":\"fr-FR\",\"@id\":\"https:\\\/\\\/telepolice.be\\\/#\\\/schema\\\/logo\\\/image\\\/\",\"url\":\"https:\\\/\\\/telepolice.be\\\/wp-content\\\/uploads\\\/2019\\\/04\\\/cropped-logotelepolice-3.png\",\"contentUrl\":\"https:\\\/\\\/telepolice.be\\\/wp-content\\\/uploads\\\/2019\\\/04\\\/cropped-logotelepolice-3.png\",\"width\":408,\"height\":65,\"caption\":\"TELE POLICE\"},\"image\":{\"@id\":\"https:\\\/\\\/telepolice.be\\\/#\\\/schema\\\/logo\\\/image\\\/\"}},{\"@type\":\"Person\",\"@id\":\"https:\\\/\\\/telepolice.be\\\/#\\\/schema\\\/person\\\/ca479b77454640f8f918dd017bd028bf\",\"name\":\"admin\",\"image\":{\"@type\":\"ImageObject\",\"inLanguage\":\"fr-FR\",\"@id\":\"https:\\\/\\\/secure.gravatar.com\\\/avatar\\\/dd9167fd60efcd6c24559ffa4f391e918347b9cf398a5593e29d658b4ae5d443?s=96&d=mm&r=g\",\"url\":\"https:\\\/\\\/secure.gravatar.com\\\/avatar\\\/dd9167fd60efcd6c24559ffa4f391e918347b9cf398a5593e29d658b4ae5d443?s=96&d=mm&r=g\",\"contentUrl\":\"https:\\\/\\\/secure.gravatar.com\\\/avatar\\\/dd9167fd60efcd6c24559ffa4f391e918347b9cf398a5593e29d658b4ae5d443?s=96&d=mm&r=g\",\"caption\":\"admin\"},\"url\":\"https:\\\/\\\/telepolice.be\\\/index.php\\\/author\\\/web_telepolice\\\/\"}]}<\/script>\n<!-- \/ Yoast SEO plugin. -->","yoast_head_json":{"title":"2008: verhoogde agressie in de winkels - TELEPOLICE","robots":{"index":"index","follow":"follow","max-snippet":"max-snippet:-1","max-image-preview":"max-image-preview:large","max-video-preview":"max-video-preview:-1"},"canonical":"https:\/\/telepolice.be\/index.php\/nl\/2019\/04\/01\/2008-de-aanval-op-de-stijging-in-de-opslag\/","og_locale":"fr_FR","og_type":"article","og_title":"2008: verhoogde agressie in de winkels - TELEPOLICE","og_description":"Tussen 2000 en 2008 steeg het aantal in Belgi\u00eb geregistreerde winkel vluchten met 23%. Niet-ante warenhuizen werden burglated tijdens de eerste zes maanden van 2009. Het aantal vluchten is daarom aanzienlijk gestegen van vorig jaar, waar 103 totaal werd geregistreerd. De Belgische Federatie van ondernemingen, distributie en handel (FEDIS) vraagt de politie en de rechterlijke&hellip; Lire la suite","og_url":"https:\/\/telepolice.be\/index.php\/nl\/2019\/04\/01\/2008-de-aanval-op-de-stijging-in-de-opslag\/","og_site_name":"TELEPOLICE","article_published_time":"2019-04-01T12:42:22+00:00","article_modified_time":"2019-04-18T12:11:05+00:00","og_image":[{"url":"https:\/\/telepolice.be\/wp-content\/uploads\/2019\/04\/language-01-150x150.png","type":"","width":"","height":""}],"author":"admin","twitter_card":"summary_large_image","twitter_misc":{"\u00c9crit par":"admin","Dur\u00e9e de lecture estim\u00e9e":"1 minute"},"schema":{"@context":"https:\/\/schema.org","@graph":[{"@type":"Article","@id":"https:\/\/telepolice.be\/index.php\/nl\/2019\/04\/01\/2008-de-aanval-op-de-stijging-in-de-opslag\/#article","isPartOf":{"@id":"https:\/\/telepolice.be\/index.php\/nl\/2019\/04\/01\/2008-de-aanval-op-de-stijging-in-de-opslag\/"},"author":{"name":"admin","@id":"https:\/\/telepolice.be\/#\/schema\/person\/ca479b77454640f8f918dd017bd028bf"},"headline":"2008: verhoogde agressie in de winkels","datePublished":"2019-04-01T12:42:22+00:00","dateModified":"2019-04-18T12:11:05+00:00","mainEntityOfPage":{"@id":"https:\/\/telepolice.be\/index.php\/nl\/2019\/04\/01\/2008-de-aanval-op-de-stijging-in-de-opslag\/"},"wordCount":211,"commentCount":0,"publisher":{"@id":"https:\/\/telepolice.be\/#organization"},"image":{"@id":"https:\/\/telepolice.be\/index.php\/nl\/2019\/04\/01\/2008-de-aanval-op-de-stijging-in-de-opslag\/#primaryimage"},"thumbnailUrl":"https:\/\/telepolice.be\/wp-content\/uploads\/2019\/04\/language-01-150x150.png","articleSection":["Persoverzicht"],"inLanguage":"fr-FR","potentialAction":[{"@type":"CommentAction","name":"Comment","target":["https:\/\/telepolice.be\/index.php\/nl\/2019\/04\/01\/2008-de-aanval-op-de-stijging-in-de-opslag\/#respond"]}]},{"@type":"WebPage","@id":"https:\/\/telepolice.be\/index.php\/nl\/2019\/04\/01\/2008-de-aanval-op-de-stijging-in-de-opslag\/","url":"https:\/\/telepolice.be\/index.php\/nl\/2019\/04\/01\/2008-de-aanval-op-de-stijging-in-de-opslag\/","name":"2008: verhoogde agressie in de winkels - TELEPOLICE","isPartOf":{"@id":"https:\/\/telepolice.be\/#website"},"primaryImageOfPage":{"@id":"https:\/\/telepolice.be\/index.php\/nl\/2019\/04\/01\/2008-de-aanval-op-de-stijging-in-de-opslag\/#primaryimage"},"image":{"@id":"https:\/\/telepolice.be\/index.php\/nl\/2019\/04\/01\/2008-de-aanval-op-de-stijging-in-de-opslag\/#primaryimage"},"thumbnailUrl":"https:\/\/telepolice.be\/wp-content\/uploads\/2019\/04\/language-01-150x150.png","datePublished":"2019-04-01T12:42:22+00:00","dateModified":"2019-04-18T12:11:05+00:00","breadcrumb":{"@id":"https:\/\/telepolice.be\/index.php\/nl\/2019\/04\/01\/2008-de-aanval-op-de-stijging-in-de-opslag\/#breadcrumb"},"inLanguage":"fr-FR","potentialAction":[{"@type":"ReadAction","target":["https:\/\/telepolice.be\/index.php\/nl\/2019\/04\/01\/2008-de-aanval-op-de-stijging-in-de-opslag\/"]}]},{"@type":"ImageObject","inLanguage":"fr-FR","@id":"https:\/\/telepolice.be\/index.php\/nl\/2019\/04\/01\/2008-de-aanval-op-de-stijging-in-de-opslag\/#primaryimage","url":"","contentUrl":""},{"@type":"BreadcrumbList","@id":"https:\/\/telepolice.be\/index.php\/nl\/2019\/04\/01\/2008-de-aanval-op-de-stijging-in-de-opslag\/#breadcrumb","itemListElement":[{"@type":"ListItem","position":1,"name":"Accueil","item":"https:\/\/telepolice.be\/"},{"@type":"ListItem","position":2,"name":"2008: verhoogde agressie in de winkels"}]},{"@type":"WebSite","@id":"https:\/\/telepolice.be\/#website","url":"https:\/\/telepolice.be\/","name":"TELEPOLICE","description":"Prot\u00e9gez votre entreprise","publisher":{"@id":"https:\/\/telepolice.be\/#organization"},"potentialAction":[{"@type":"SearchAction","target":{"@type":"EntryPoint","urlTemplate":"https:\/\/telepolice.be\/?s={search_term_string}"},"query-input":{"@type":"PropertyValueSpecification","valueRequired":true,"valueName":"search_term_string"}}],"inLanguage":"fr-FR"},{"@type":"Organization","@id":"https:\/\/telepolice.be\/#organization","name":"TELE POLICE","url":"https:\/\/telepolice.be\/","logo":{"@type":"ImageObject","inLanguage":"fr-FR","@id":"https:\/\/telepolice.be\/#\/schema\/logo\/image\/","url":"https:\/\/telepolice.be\/wp-content\/uploads\/2019\/04\/cropped-logotelepolice-3.png","contentUrl":"https:\/\/telepolice.be\/wp-content\/uploads\/2019\/04\/cropped-logotelepolice-3.png","width":408,"height":65,"caption":"TELE POLICE"},"image":{"@id":"https:\/\/telepolice.be\/#\/schema\/logo\/image\/"}},{"@type":"Person","@id":"https:\/\/telepolice.be\/#\/schema\/person\/ca479b77454640f8f918dd017bd028bf","name":"admin","image":{"@type":"ImageObject","inLanguage":"fr-FR","@id":"https:\/\/secure.gravatar.com\/avatar\/dd9167fd60efcd6c24559ffa4f391e918347b9cf398a5593e29d658b4ae5d443?s=96&d=mm&r=g","url":"https:\/\/secure.gravatar.com\/avatar\/dd9167fd60efcd6c24559ffa4f391e918347b9cf398a5593e29d658b4ae5d443?s=96&d=mm&r=g","contentUrl":"https:\/\/secure.gravatar.com\/avatar\/dd9167fd60efcd6c24559ffa4f391e918347b9cf398a5593e29d658b4ae5d443?s=96&d=mm&r=g","caption":"admin"},"url":"https:\/\/telepolice.be\/index.php\/author\/web_telepolice\/"}]}},"_links":{"self":[{"href":"https:\/\/telepolice.be\/index.php\/wp-json\/wp\/v2\/posts\/1674","targetHints":{"allow":["GET"]}}],"collection":[{"href":"https:\/\/telepolice.be\/index.php\/wp-json\/wp\/v2\/posts"}],"about":[{"href":"https:\/\/telepolice.be\/index.php\/wp-json\/wp\/v2\/types\/post"}],"author":[{"embeddable":true,"href":"https:\/\/telepolice.be\/index.php\/wp-json\/wp\/v2\/users\/1"}],"replies":[{"embeddable":true,"href":"https:\/\/telepolice.be\/index.php\/wp-json\/wp\/v2\/comments?post=1674"}],"version-history":[{"count":2,"href":"https:\/\/telepolice.be\/index.php\/wp-json\/wp\/v2\/posts\/1674\/revisions"}],"predecessor-version":[{"id":2118,"href":"https:\/\/telepolice.be\/index.php\/wp-json\/wp\/v2\/posts\/1674\/revisions\/2118"}],"wp:attachment":[{"href":"https:\/\/telepolice.be\/index.php\/wp-json\/wp\/v2\/media?parent=1674"}],"wp:term":[{"taxonomy":"category","embeddable":true,"href":"https:\/\/telepolice.be\/index.php\/wp-json\/wp\/v2\/categories?post=1674"},{"taxonomy":"post_tag","embeddable":true,"href":"https:\/\/telepolice.be\/index.php\/wp-json\/wp\/v2\/tags?post=1674"}],"curies":[{"name":"wp","href":"https:\/\/api.w.org\/{rel}","templated":true}]}}